{"id":22904,"date":"2014-10-27T21:22:21","date_gmt":"2014-10-28T02:22:21","guid":{"rendered":"http:\/\/contraluzcucuta.co\/?p=22904"},"modified":"2014-10-30T22:36:08","modified_gmt":"2014-10-31T03:36:08","slug":"notas-al-margen-vigilancia-participacion-y-acuerdos","status":"publish","type":"post","link":"https:\/\/contraluzcucuta.co\/?p=22904","title":{"rendered":"NOTAS AL MARGEN. \u00a0Vigilancia, participaci\u00f3n y acuerdos"},"content":{"rendered":"<p>1.- El grado de indiferencia y pasividad ciudadana ante los diversos hechos que sucedidos sobre el presente y\u00a0 el futuro de varios desarrollos que tienen asiento en la ciudad\u00a0 y que repercuten en varias \u00e1reas, es\u00a0 verdaderamente impresionante, porque las entidades p\u00fablicas y privadas en lugar de propiciar acercamientos, en procura de\u00a0 entendimientos, con los similares fronterizos venezolanos y para hallar pol\u00edticas de Estado, que velen por el desenvolvimiento y el desarrollo de las acciones que se deben cumplir, lo que hacen es descabezar proyectos, como ocurre con la Zona Franca de C\u00facuta, y aniquilar todo el esfuerzo que se cumpli\u00f3, para dar vida a esa iniciativa que lleva 40 a\u00f1os de existencia.<\/p>\n<p>Y \u00a0lo hacen sin valorar implicaciones, ni hallar alternativas, con el fin de evitar el colapso de un cierre de actividades. Y m\u00e1s cuando los terrenos que\u00a0 son del Estado fueron\u00a0 aportados para la iniciativa. Por eso, la inconsecuencia de haber donado cerca de 20 hect\u00e1reas a la Polic\u00eda para un edificio administrativo y el error de erigir el Centro de Convenciones sobre lo que queda, cuando el Complejo Hist\u00f3rico de la Villa del Rosario pide a gritos atenci\u00f3n y asistencia de primer orden para activar lo cultural y tur\u00edstico, de tan importante referencia Latinoamericana.<\/p>\n<p>Por todo esto, m\u00e1s la suma de muchas situaciones-incluida la ausencia de encuentros que reanimen lo binacional fronterizo &#8211; es por lo que puede afirmarse que el mayor problema de C\u00facuta y de la frontera no es lo econ\u00f3mico, sino lo humano, por la falta de presencia y participaci\u00f3n en el an\u00e1lisis, evaluaci\u00f3n y definici\u00f3n de situaciones y tem\u00e1ticas, que inciden y repercuten en todo y todos.<\/p>\n<p>2.- Por eso, organizaciones como la C\u00e1mara de Comercio de C\u00facuta ameritan la mayor consideraci\u00f3n por el sector empresarial, gremial y laboral, dada la importancia de m\u00faltiples factores que califican y determinan a este organismo de representaci\u00f3n, control y proyecci\u00f3n. Y que debe ser ajeno a todo intento de \u2018rosqu\u00edsmo\u2019 privado o pol\u00edtico, porque si esto se inoculare como se ha insinuado en algunas publicaciones, el da\u00f1o ser\u00eda inconmensurable. De ah\u00ed el obligante compromiso ciudadano de velar por lo propio. Y del Gobierno en escoger a los representantes y de los organismos paralelos del sector venezolano.<\/p>\n<p>3.- Una referencia como la advertida, igualmente, conduce a que la escogencia de nombres para los cargos de mayor responsabilidad se haga con trasparencia y escogiendo los candidatos dentro de aquellos, que pueden obrar con mayor acierto en orden a los conocimientos y a la sana y honesta proyecci\u00f3n de su vida.<\/p>\n<p>Esos pasos son los que pueden dar firmeza a la presencia ciudadana y a la conformaci\u00f3n de acciones y conductas trasformadoras, que penetren en toda la estructura y aceleren el cambio y la renovaci\u00f3n de cuadros, que es exigente, en todo el marco y panorama, de la dirigencia regional y fronteriza. Todo esto, sin olvidar la comprometedora relaci\u00f3n fronteriza y la conveniencia de mantener un intercambio amable, responsable y con respaldo en aut\u00e9nticas y ejemplarizantes pol\u00edticas de Estado, que precisen y definan lo aut\u00e9ntico y real, de lo ef\u00edmero y circunstancial.\u00a0 S\u00ed, porque hay vac\u00edos y\u00a0 faltan presencia, participaci\u00f3n y, esencialmente, uni\u00f3n, labor en equipo y valoraci\u00f3n de acciones y conductas positivas.<\/p>\n<p>Adem\u00e1s, porque la vecindad, la ubicaci\u00f3n geoestrat\u00e9gica\u00a0\u00a0 y lo alusivo a la historia en lo social, econ\u00f3mico y pol\u00edtico hace de la fraternidad colombo-venezolana un emporio de opciones para estructurar un mejor futuro y unas buenas y mejores relaciones ahora y a toda hora. Y para lograr acuerdos sobre los derechos de uso y las acciones de convergencia para el com\u00fan desarrollo.<\/p>\n<p><strong>JOS\u00c9 NEIRA REY<\/strong><\/p>\n<p><strong>Foto: <a href=\"http:\/\/www.contraluzcucuta.co\">www.contraluzcucuta.co<\/a><\/strong><\/p>\n<p><strong>\u00a0<\/strong><\/p>\n<p>&nbsp;<\/p>\n<p>&nbsp; <\/p>\n","protected":false},"excerpt":{"rendered":"<p>1.- El grado de indiferencia y pasividad ciudadana ante los diversos hechos que sucedidos sobre el presente y\u00a0 el futuro de varios desarrollos que tienen asiento en la ciudad\u00a0 y que repercuten en varias \u00e1reas, es\u00a0 verdaderamente impresionante, porque las entidades p\u00fablicas y privadas en lugar de propiciar acercamientos, en procura de\u00a0 entendimientos, con los &hellip;<\/p>\n","protected":false},"author":1,"featured_media":22905,"comment_status":"open","ping_status":"open","sticky":false,"template":"","format":"standard","meta":{"footnotes":""},"categories":[14,6],"tags":[382,956],"class_list":["post-22904","post","type-post","status-publish","format-standard","has-post-thumbnail","hentry","category-articulistas","category-ojo-avizor","tag-jose-neira","tag-notas-al-margen"],"_links":{"self":[{"href":"https:\/\/contraluzcucuta.co\/index.php?rest_route=\/wp\/v2\/posts\/22904","targetHints":{"allow":["GET"]}}],"collection":[{"href":"https:\/\/contraluzcucuta.co\/index.php?rest_route=\/wp\/v2\/posts"}],"about":[{"href":"https:\/\/contraluzcucuta.co\/index.php?rest_route=\/wp\/v2\/types\/post"}],"author":[{"embeddable":true,"href":"https:\/\/contraluzcucuta.co\/index.php?rest_route=\/wp\/v2\/users\/1"}],"replies":[{"embeddable":true,"href":"https:\/\/contraluzcucuta.co\/index.php?rest_route=%2Fwp%2Fv2%2Fcomments&post=22904"}],"version-history":[{"count":1,"href":"https:\/\/contraluzcucuta.co\/index.php?rest_route=\/wp\/v2\/posts\/22904\/revisions"}],"predecessor-version":[{"id":22906,"href":"https:\/\/contraluzcucuta.co\/index.php?rest_route=\/wp\/v2\/posts\/22904\/revisions\/22906"}],"wp:featuredmedia":[{"embeddable":true,"href":"https:\/\/contraluzcucuta.co\/index.php?rest_route=\/wp\/v2\/media\/22905"}],"wp:attachment":[{"href":"https:\/\/contraluzcucuta.co\/index.php?rest_route=%2Fwp%2Fv2%2Fmedia&parent=22904"}],"wp:term":[{"taxonomy":"category","embeddable":true,"href":"https:\/\/contraluzcucuta.co\/index.php?rest_route=%2Fwp%2Fv2%2Fcategories&post=22904"},{"taxonomy":"post_tag","embeddable":true,"href":"https:\/\/contraluzcucuta.co\/index.php?rest_route=%2Fwp%2Fv2%2Ftags&post=22904"}],"curies":[{"name":"wp","href":"https:\/\/api.w.org\/{rel}","templated":true}]}}