{"id":22875,"date":"2014-10-24T15:56:21","date_gmt":"2014-10-24T20:56:21","guid":{"rendered":"http:\/\/contraluzcucuta.co\/?p=22875"},"modified":"2014-10-26T18:33:35","modified_gmt":"2014-10-26T23:33:35","slug":"necrologia-extra-extra-extra-interrumpimos-este-programa","status":"publish","type":"post","link":"https:\/\/contraluzcucuta.co\/?p=22875","title":{"rendered":"NECROLOG\u00cdA.- \u201cExtra, extra, extra\u2026 interrumpimos este programa\u2026\u201d"},"content":{"rendered":"<p>Entre los muchos recuerdos que en su extensa dedicaci\u00f3n a la radio dej\u00f3 en C\u00facuta Alberto Piedrahita Pacheco \u2013 \u00a0excelente locutor, de voz y tono incomparable y ejemplar \u2013 fue el avance llamativo e ilustrativo con el que se dieron \u2013por muchos a\u00f1os en la Emisora La Voz de la Gran Colombia &#8211; los cortes de programaci\u00f3n cuando suced\u00eda un hecho o acontecimiento especial.<\/p>\n<p>S\u00ed, ese \u201cExtra, extra, extra\u2026 interrumpimos este programa para presentar una noticia de \u00faltima hora\u201d ubicaba de inmediato la atenci\u00f3n y generaba la expectativa por saber lo que suced\u00eda a cualquier radioescucha que captara la enunciaci\u00f3n de ese llamado.<\/p>\n<p>La grabaci\u00f3n de la presentaci\u00f3n- con la correspondiente despedida \u2013 recuerdo, \u00a0ocurri\u00f3 en una visita a C\u00facuta con Julio Arrast\u00eda Bricca. Ofreci\u00f3 ese servicio como aporte a la frontera y al\u00a0 Campanario de la Libertad, por la emisora colombiana y fronteriza m\u00e1s comprometida con la integraci\u00f3n y el hallazgo de entendimientos y acciones que proyecte la relaci\u00f3n colombo-venezolana, en cualquier momento.<\/p>\n<p>La radio, que cuenta entre sus registros a personalidades de amplia y positiva referencia, tendr\u00e1 siempre a Alberto Piedrah\u00edta Pacheco como \u00a0hombre de tonalidades imborrables, que logr\u00f3 labrar su tarea con pundonor y siempre tratando de estar en los primeros lugares, porque el futbol, el b\u00e1squetbol y el ciclismo, sus preferidos- tanto en lo nacional como en lo internacional \u2013fueron moldeando su esp\u00edritu y su capacidad de observaci\u00f3n y de trabajo, sobre los altibajos de las competencias, cuyos competidores, siempre\u00a0 aspiran a los lugares insignias.<\/p>\n<p>En compa\u00f1\u00eda de \u00a0los miembros, que en la regi\u00f3n hacen parte y son integrantes de esa compa\u00f1\u00eda sonora y motora- como es la radio y en sus diferentes manifestaciones y expresiones \u2013nos unimos y estrechamos v\u00ednculos para exteriorizar los sentimientos de amistad y\u00a0 aprecio, que en vida gener\u00f3 este locutor \u2013 y gran amigo &#8211; que supo comprender la importancia y la trascendencia de los mensajes hablados y de las buenas expresiones, seg\u00fan los momentos y las ocasiones.<\/p>\n<p>Anhelando que la radio colombiana prosiga su prodigioso avance y que en sus vivencias y proyecciones surjan resultados, como Alberto Piedrahita Pacheco, quien\u00a0 de\u00a0\u00a0 \u2018Padrino\u2019 \u2013como algunos lo llamaban \u2013 pasar\u00e1\u00a0 a la nominaci\u00f3n de Patriarca, por sus t\u00edtulos y honores obtenidos en 83 a\u00f1os de existencia.<\/p>\n<p><strong>JOS\u00c9 NEIRA REY<\/strong><\/p>\n<p>Foto: diarioadn.co<\/p>\n<p>&nbsp; <\/p>\n","protected":false},"excerpt":{"rendered":"<p>Entre los muchos recuerdos que en su extensa dedicaci\u00f3n a la radio dej\u00f3 en C\u00facuta Alberto Piedrahita Pacheco \u2013 \u00a0excelente locutor, de voz y tono incomparable y ejemplar \u2013 fue el avance llamativo e ilustrativo con el que se dieron \u2013por muchos a\u00f1os en la Emisora La Voz de la Gran Colombia &#8211; los cortes &hellip;<\/p>\n","protected":false},"author":1,"featured_media":22876,"comment_status":"open","ping_status":"open","sticky":false,"template":"","format":"standard","meta":{"footnotes":""},"categories":[14,32],"tags":[1811,303,956],"class_list":["post-22875","post","type-post","status-publish","format-standard","has-post-thumbnail","hentry","category-articulistas","category-recorrido-por-la-region","tag-alberto-piedrahita-pacheco","tag-jose-neira-rey","tag-notas-al-margen"],"_links":{"self":[{"href":"https:\/\/contraluzcucuta.co\/index.php?rest_route=\/wp\/v2\/posts\/22875","targetHints":{"allow":["GET"]}}],"collection":[{"href":"https:\/\/contraluzcucuta.co\/index.php?rest_route=\/wp\/v2\/posts"}],"about":[{"href":"https:\/\/contraluzcucuta.co\/index.php?rest_route=\/wp\/v2\/types\/post"}],"author":[{"embeddable":true,"href":"https:\/\/contraluzcucuta.co\/index.php?rest_route=\/wp\/v2\/users\/1"}],"replies":[{"embeddable":true,"href":"https:\/\/contraluzcucuta.co\/index.php?rest_route=%2Fwp%2Fv2%2Fcomments&post=22875"}],"version-history":[{"count":1,"href":"https:\/\/contraluzcucuta.co\/index.php?rest_route=\/wp\/v2\/posts\/22875\/revisions"}],"predecessor-version":[{"id":22877,"href":"https:\/\/contraluzcucuta.co\/index.php?rest_route=\/wp\/v2\/posts\/22875\/revisions\/22877"}],"wp:featuredmedia":[{"embeddable":true,"href":"https:\/\/contraluzcucuta.co\/index.php?rest_route=\/wp\/v2\/media\/22876"}],"wp:attachment":[{"href":"https:\/\/contraluzcucuta.co\/index.php?rest_route=%2Fwp%2Fv2%2Fmedia&parent=22875"}],"wp:term":[{"taxonomy":"category","embeddable":true,"href":"https:\/\/contraluzcucuta.co\/index.php?rest_route=%2Fwp%2Fv2%2Fcategories&post=22875"},{"taxonomy":"post_tag","embeddable":true,"href":"https:\/\/contraluzcucuta.co\/index.php?rest_route=%2Fwp%2Fv2%2Ftags&post=22875"}],"curies":[{"name":"wp","href":"https:\/\/api.w.org\/{rel}","templated":true}]}}