{"id":22868,"date":"2014-10-24T15:26:15","date_gmt":"2014-10-24T20:26:15","guid":{"rendered":"http:\/\/contraluzcucuta.co\/?p=22868"},"modified":"2014-10-26T16:34:35","modified_gmt":"2014-10-26T21:34:35","slug":"charlas-con-estatua-de-la-libertad-mi-antorcha-alumbra-un-umbral-dorado","status":"publish","type":"post","link":"https:\/\/contraluzcucuta.co\/?p=22868","title":{"rendered":"CHARLAS CON\u2026 Estatua de la Libertad. \u201cMi antorcha alumbra un umbral dorado\u201d"},"content":{"rendered":"<p>La <a href=\"http:\/\/www.usembassy-mexico.gov\/bbf\/FAQeLibertad.htm\">Estatua de la Libertad<\/a> est\u00e1 pr\u00f3xima a cumplir 128 a\u00f1os de la develaci\u00f3n. En ese largo tiempo ha sido objeto de infinitas fotograf\u00edas, de m\u00faltiples apariciones en el cine, de muchas alusiones en la literatura, de demasiadas referencias personales y de inagotables citas de enamorados. Hoy, a escasos d\u00edas de recordar el momento de la develaci\u00f3n de la figura en Nueva York se somete a la siguiente entrevista virtual.<\/p>\n<p><strong>\u00bfCu\u00e1l es su nombre verdadero?<\/strong><\/p>\n<p>Mi nombre completo es La Libertad Iluminando el Mundo<\/p>\n<p><strong>\u00bfD\u00f3nde fue concebida?<\/strong><\/p>\n<p>Parad\u00f3jicamente, ni siquiera fui creada en Estados Unidos, sino en el estudio del escultor franc\u00e9s Frederic Auguste Bartholdi.<\/p>\n<p><strong>\u00bfQu\u00e9 simboliza?<\/strong><\/p>\n<p>El amor de Francia y Estados Unidos por la democracia.<\/p>\n<p><strong>\u00bfC\u00f3mo lleg\u00f3 a Nueva York?<\/strong><\/p>\n<p>Producto de un regalo de Francia a Estados Unidos<\/p>\n<p><strong>\u00bfC\u00f3mo describirse?<\/strong><\/p>\n<p>Soy una estatua de cobre, cubierta con una t\u00fanica larga y suelta. Estoy majestuosamente parada sobre una peque\u00f1\u00edsima isla en el puerto de Nueva York y les doy la bienvenida a barcos y pasajeros. En la mano derecha sostengo una antorcha en alto se\u00f1alando el cielo; en la izquierda llevo una tablilla que reza: \u20184 de julio de 1776\u2019, fecha de la proclamaci\u00f3n de la Declaraci\u00f3n de Independencia.<\/p>\n<p><strong>\u00bfCu\u00e1les son sus medidas?<\/strong><\/p>\n<p>Peso 240.000 kilos, mido 46 metros y me levanto sobre un pedestal de 45,7 metros de altura.<\/p>\n<p><strong>\u00bfQu\u00e9 lleva en la cabeza?<\/strong><\/p>\n<p>Llevo una corona de siete puntas, que representa los siete continentes.<\/p>\n<p><strong>\u00bfC\u00f3mo llegar hasta usted?<\/strong><\/p>\n<p>Un ascensor lleva a los visitantes desde el pedestal hasta la base y de all\u00ed 168 escalones conducen a la corona en cada una de las dos escalinatas.<\/p>\n<p><strong>Por ah\u00ed hay una tocaya suya\u2026<\/strong><\/p>\n<p>S\u00ed, es una versi\u00f3n m\u00e1s peque\u00f1a, de 11 metros de altura y esculpida en bronce. Est\u00e1 en uno de los puentes que cruzan el r\u00edo Sena, en Par\u00eds.<\/p>\n<p><strong>\u00bfCu\u00e1l podr\u00eda decirse que es su esp\u00edritu?<\/strong><\/p>\n<p>El poema de Emma Lazarus, \u2018El nuevo Coloso\u2019, inscrito en una placa en el interior del pedestal, concluye de la siguiente manera:<\/p>\n<p>Dadme vuestros seres pobres y cansados. Dadme esas masas ansiosas de ser libres, los tristes desechos de costas populosas. Que vengan los desamparados. Que las tempestades batan. Mi antorcha alumbra un umbral dorado.<\/p>\n<p><strong>\u00bfQu\u00e9 sabe de su creador?<\/strong><\/p>\n<p>El escultor Bartholdi alcanz\u00f3 fama en Francia, su pa\u00eds natal, desde joven. A los 22 a\u00f1os cre\u00f3 la estatua de uno de los m\u00e1s importantes generales de Napole\u00f3n. Poco despu\u00e9s, le concedieron la condecoraci\u00f3n de la Legi\u00f3n de Honor.<\/p>\n<p><strong>\u00bfY su historia c\u00f3mo comenz\u00f3?<\/strong><\/p>\n<p>En 1865, Bartholdi acudi\u00f3 a una cena cerca del Palacio de Versalles, en casa de Edouard de Laboulaye, profesor e historiador franc\u00e9s. Esa noche Laboulaye gest\u00f3 la idea de una gigantesca estatua para conmemorar la independencia de Estados Unidos. Bartholdi fue comisionado para explorar la posibilidad.<\/p>\n<p><strong>\u00bfPas\u00f3 mucho tiempo para concretar la idea?<\/strong><\/p>\n<p>En los diez a\u00f1os que siguieron, el escultor visit\u00f3 Estados Unidos y decidi\u00f3 que Yo deb\u00eda estar en el puerto de Nueva York.<\/p>\n<p><strong>\u00bfCu\u00e1ndo comenzaron a construirla?<\/strong><\/p>\n<p>Luego de obtener los fondos, en 1875 Bartholdi comenz\u00f3 a trabajar.<\/p>\n<p><strong>\u00bfQu\u00e9 caracter\u00edsticas especiales ten\u00eda?<\/strong><\/p>\n<p>Llevaba el brazo levantado, de 12,8 metros de largo, con el dedo \u00edndice de 2,4 metros de longitud. La cabeza med\u00eda 5 metros y la boca era de un metro de ancho.<\/p>\n<p><strong>\u00bfY cu\u00e1ndo la donaron a Estados Unidos?<\/strong><\/p>\n<p>El 4 de julio de 1884, en Par\u00eds, Ferdinand de Lesseps, constructor del canal de Suez y presidente de la Uni\u00f3n Franco-norteamericana, me don\u00f3 oficialmente como regalo.<\/p>\n<p><strong>\u00bfC\u00f3mo hicieron para trasladarla hasta Am\u00e9rica?<\/strong><\/p>\n<p>En mayo de 1885, me desmantelaron y empacaron en 214 cajones grandes. Me transportaron en un nav\u00edo de la marina francesa.<\/p>\n<p><strong>\u00bfEl pedestal estaba listo?<\/strong><\/p>\n<p>No. En abril de 1886, finaliz\u00f3 la construcci\u00f3n del pedestal y se dio inicio a la tarea de reensamblarme.<\/p>\n<p><strong>\u00bfCu\u00e1ndo la develaron?<\/strong><\/p>\n<p>El 28 de octubre de 1886, en presencia de dignatarios de Francia y Estados Unidos.<\/p>\n<p><strong>\u00bfRecuerda otra fecha importante de su historia?<\/strong><\/p>\n<p>L\u00f3gico. Al cumplir los 100 a\u00f1os, el presidente Ronald Reagan dirigi\u00f3 los actos de celebraci\u00f3n.<\/p>\n<p><strong>RAFAEL ANTONIO PAB\u00d3N<\/strong><\/p>\n<p><strong><a href=\"mailto:rafaelpabon58@hotmail.com\">rafaelpabon58@hotmail.com<\/a><\/strong><\/p>\n<p><strong>Texto adaptado del original aparecido en la Biblioteca de los Estados Unidos, Benjam\u00edn Franklin \u2013 M\u00e9xico<\/strong><\/p>\n<p><strong>Foto: \u00a0www.viajejet.com<\/strong> <\/p>\n","protected":false},"excerpt":{"rendered":"<p>La Estatua de la Libertad est\u00e1 pr\u00f3xima a cumplir 128 a\u00f1os de la develaci\u00f3n. En ese largo tiempo ha sido objeto de infinitas fotograf\u00edas, de m\u00faltiples apariciones en el cine, de muchas alusiones en la literatura, de demasiadas referencias personales y de inagotables citas de enamorados. Hoy, a escasos d\u00edas de recordar el momento de &hellip;<\/p>\n","protected":false},"author":1,"featured_media":22869,"comment_status":"open","ping_status":"open","sticky":false,"template":"","format":"standard","meta":{"footnotes":""},"categories":[51,36],"tags":[1810],"class_list":["post-22868","post","type-post","status-publish","format-standard","has-post-thumbnail","hentry","category-charlas-con","category-la-voz-del-pueblo","tag-estatua-de-la-libertad"],"_links":{"self":[{"href":"https:\/\/contraluzcucuta.co\/index.php?rest_route=\/wp\/v2\/posts\/22868","targetHints":{"allow":["GET"]}}],"collection":[{"href":"https:\/\/contraluzcucuta.co\/index.php?rest_route=\/wp\/v2\/posts"}],"about":[{"href":"https:\/\/contraluzcucuta.co\/index.php?rest_route=\/wp\/v2\/types\/post"}],"author":[{"embeddable":true,"href":"https:\/\/contraluzcucuta.co\/index.php?rest_route=\/wp\/v2\/users\/1"}],"replies":[{"embeddable":true,"href":"https:\/\/contraluzcucuta.co\/index.php?rest_route=%2Fwp%2Fv2%2Fcomments&post=22868"}],"version-history":[{"count":1,"href":"https:\/\/contraluzcucuta.co\/index.php?rest_route=\/wp\/v2\/posts\/22868\/revisions"}],"predecessor-version":[{"id":22870,"href":"https:\/\/contraluzcucuta.co\/index.php?rest_route=\/wp\/v2\/posts\/22868\/revisions\/22870"}],"wp:featuredmedia":[{"embeddable":true,"href":"https:\/\/contraluzcucuta.co\/index.php?rest_route=\/wp\/v2\/media\/22869"}],"wp:attachment":[{"href":"https:\/\/contraluzcucuta.co\/index.php?rest_route=%2Fwp%2Fv2%2Fmedia&parent=22868"}],"wp:term":[{"taxonomy":"category","embeddable":true,"href":"https:\/\/contraluzcucuta.co\/index.php?rest_route=%2Fwp%2Fv2%2Fcategories&post=22868"},{"taxonomy":"post_tag","embeddable":true,"href":"https:\/\/contraluzcucuta.co\/index.php?rest_route=%2Fwp%2Fv2%2Ftags&post=22868"}],"curies":[{"name":"wp","href":"https:\/\/api.w.org\/{rel}","templated":true}]}}