{"id":22864,"date":"2014-10-24T14:33:51","date_gmt":"2014-10-24T19:33:51","guid":{"rendered":"http:\/\/contraluzcucuta.co\/?p=22864"},"modified":"2014-10-26T11:41:20","modified_gmt":"2014-10-26T16:41:20","slug":"alcaldables-no-me-arrepiento-de-mis-decisiones-gregorio-angarita","status":"publish","type":"post","link":"https:\/\/contraluzcucuta.co\/?p=22864","title":{"rendered":"ALCALDABLES. \u201cNo me arrepiento de mis decisiones\u201d: Gregorio Angarita"},"content":{"rendered":"<p>&#8211;\u00a0\u00a0\u00a0\u00a0\u00a0\u00a0\u00a0\u00a0 Se\u00f1or Gregorio, \u00a1buenos d\u00edas!<\/p>\n<p>\u2013\u00a0\u00a0\u00a0\u00a0\u00a0\u00a0 Gregorio, no, \u2018Goyo\u2019 &#8211; exclam\u00f3 con voz tenue, mientras sonre\u00eda, y explic\u00f3 que el apodo le agrada, porque le recuerda a la madre. \u2013 Reci\u00e9n nacido estuve enfermo y mi mam\u00e1 le hizo una promesa a Jos\u00e9 Gregorio Hern\u00e1ndez, que si me recuperaba me pon\u00eda ese nombre. Gracias a Dios eso ocurri\u00f3, y desde entonces empezaron a decirme \u2018Goyo\u2019.<\/p>\n<p>Rafael Navi Gregorio Angarita Lamk es su nombre completo y del cual solo aprovecha el tercero, por el que es conocido. Naci\u00f3 en C\u00facuta, hace 43 a\u00f1os. Es el mayor de tres hermanos<\/p>\n<p>&#8211;\u00a0\u00a0\u00a0\u00a0\u00a0\u00a0\u00a0\u00a0 El segundo es abogado y el menor es odont\u00f3logo &#8211; dijo con orgullo al referirse a ellos.<\/p>\n<p>Los padres, ambos abogados, despertaron el gusto por esa profesi\u00f3n y se grad\u00fao en la Universidad Libre al dejar de lado oportunidades para estudiar en las universidades Externado de Colombia y Javeriana, en Bogot\u00e1. Su padre Rafael Angarita fue su profesor y record\u00f3 con gracia que lo trataba como a un alumno m\u00e1s y con mayor exigencia. Cada uno llegaba por aparte al claustro.<\/p>\n<p>&#8211;\u00a0\u00a0\u00a0\u00a0\u00a0\u00a0\u00a0\u00a0 No me arrepiento jam\u00e1s de haber estudiado en C\u00facuta.<\/p>\n<p>Llevan 20 a\u00f1os casados con Isabel Cristina y la culpa de haber \u2018acabado con su juventud\u2019. Es padre alcahueta y c\u00f3mplice con Gabriela, quien disfruta de la etapa de intercambio y al llegar estudiar\u00e1 arquitectura;\u00a0 Rafael se grad\u00faa este a\u00f1o y quiere estudiar derecho, y Santiago es el menor y el consentido de la familia.<\/p>\n<p>&#8211;\u00a0\u00a0\u00a0\u00a0\u00a0\u00a0\u00a0\u00a0 Me gusta estar en mi casa, compartir con mi familia y los amigos. De lunes a s\u00e1bado trabajamos todo el d\u00eda, el domingo lo tomo para compartir con ellos.<\/p>\n<p>La contextura gruesa y la estatura lo hacen ver serio; contrario a lo que es cuando entabla un di\u00e1logo. Los gestos son agradables, es tranquilo e instruido al hablar. Humilde, sencillo, siempre quiere dar y recibir confianza. No le gustan las mentiras. Saca del coraz\u00f3n al mentiroso y pierde la confianza que le ten\u00eda. Independiente de quien sea y qu\u00e9 cargo tenga el otro, siempre ser\u00e1 el mismo tanto para la se\u00f1ora encargada del aseo como para los ministros y el Gobernador.<\/p>\n<p>Le gusta asumir retos con compromiso, lo que empieza lo termina sea cual sea el resultado, siempre en busca del \u00e9xito. Es apasionado por el trabajo en equipo, delega responsabilidades, celebra en grupo los triunfos y resalta \u00a0el trabajo y el esfuerzo de los colaboradores.<\/p>\n<p>En el 2007, inici\u00f3 la relaci\u00f3n con la pol\u00edtica. En ese a\u00f1o presidi\u00f3 el club C\u00facuta Deportivo. La interacci\u00f3n con la comunidad lo motiv\u00f3 a seguir en ese campo. Pas\u00f3 a la Contralor\u00eda del Municipio y en el 2011 se lanz\u00f3 a la Alcald\u00eda de C\u00facuta por el partido de la U. Tuvo dificultades para ser aceptado como candidato y a pesar de los obst\u00e1culos decidi\u00f3 ir hasta el final de la contienda electoral.<\/p>\n<p>&#8211;\u00a0\u00a0\u00a0\u00a0\u00a0\u00a0\u00a0\u00a0 No me arrepiento de haber sido candidato.<\/p>\n<p>Record\u00f3 con nostalgia que el 30 de octubre se levant\u00f3 como candidato a la Alcald\u00eda, estaba convencido de que ganar\u00eda y confiaba que el trabajo se hab\u00eda hecho bien. Ten\u00eda un equipo que lo apreciaba y que se esmer\u00f3 por lograr buenos resultados.<\/p>\n<p>\u2013\u00a0\u00a0\u00a0\u00a0\u00a0\u00a0 Me acost\u00e9 con la tristeza de haber perdido y la decepci\u00f3n de las personas que esperaban mi victoria.<\/p>\n<p>Al d\u00eda siguiente, despert\u00f3 afligido. Volvi\u00f3 a la realidad y record\u00f3 que su mam\u00e1 hab\u00eda muerto durante la campa\u00f1a pol\u00edtica y no estaba ah\u00ed para acompa\u00f1arlo. Adem\u00e1s, hab\u00eda quedado a la deriva, sin trabajo y sin saber qu\u00e9 ser\u00eda de la vida en los meses siguientes. Ten\u00eda algunas deudas y la reflexi\u00f3n lo llevaba a pensar si segu\u00eda o no en lo p\u00fablico.<\/p>\n<p>Pasados cuatro meses, las preocupaciones empezaron a desaparecer. El gobernador Edgar D\u00edaz lo llam\u00f3 para darle la oportunidad de ser el organizador de los Juegos Nacionales &#8211; 2012, los que pese a obst\u00e1culos y por los que nadie daba un peso salieron adelante con\u00a0 la uni\u00f3n de la Alcald\u00eda, la Gobernaci\u00f3n y Coldeportes.<\/p>\n<p>Despu\u00e9s, el Gobernador le ofreci\u00f3\u00a0 la Secretar\u00eda \u00a0General, cargo que desempe\u00f1\u00f3 hasta el 22 de octubre y en el que dijo sentirse bien. Su labor consist\u00eda en manejar la parte administrativa, contrataciones de personal, pensiones, servicios generales\u00a0 y todo con respecto al manejo de la Gobernaci\u00f3n.<\/p>\n<p>\u2018Goyo\u2019 Angarita pocas veces se amarga, cuando lo hace es porque le gusta que el trabajo quede bien hecho. Le molesta el conformismo. Uno de los allegados lo define como un hombre entregado al trabajo, a la gente, a la profesi\u00f3n y a la ciudad.<\/p>\n<p>&#8211;\u00a0\u00a0\u00a0\u00a0\u00a0\u00a0\u00a0\u00a0 Una de las cualidades de \u2018Goyo\u2019 que llama la atenci\u00f3n es que puede estar sentado en el escritorio en la Gobernaci\u00f3n, con aire acondicionado y con la atenci\u00f3n de los colaboradores, y pasar sin pena a sentarse en una esquina a comer pasteles.<\/p>\n<p><strong>PAOLA ANDREA PE\u00d1ALOZA <\/strong><\/p>\n<p><strong>CAROLINA ACEVEDO<\/strong><\/p>\n<p><strong>Estudiantes de Comunicaci\u00f3n Social<\/strong><\/p>\n<p><strong>Universidad de Pamplona<\/strong><\/p>\n<p><strong>Campus de Villa del Rosario<\/strong><\/p>\n<p>Foto:\u00a0<a class=\"_ZR irc_hol\" style=\"color: #7d7d7d;\" href=\"https:\/\/www.google.com.co\/url?sa=i&amp;rct=j&amp;q=&amp;esrc=s&amp;source=images&amp;cd=&amp;cad=rja&amp;uact=8&amp;ved=0CAYQjB0&amp;url=http%3A%2F%2Fsomoslarevista.com%2F2013%2F02%2Fvias-trasnsitables-pidio-gregorio-angarita-a-mintransporte%2F&amp;ei=9KhKVOzOJciMNviJgsgM&amp;bvm=bv.77880786,d.eXY&amp;psig=AFQjCNErT7TKcdSavUOldtIEV7CcSoGqjg&amp;ust=1414265327836215\" data-ved=\"0CAYQjB0\" data-href=\"http:\/\/somoslarevista.com\/2013\/02\/vias-trasnsitables-pidio-gregorio-angarita-a-mintransporte\/\"><span class=\"irc_ho\" dir=\"ltr\" style=\"color: #7d7d7d;\">somoslarevista.com<\/span><\/a> <\/p>\n","protected":false},"excerpt":{"rendered":"<p>&#8211;\u00a0\u00a0\u00a0\u00a0\u00a0\u00a0\u00a0\u00a0 Se\u00f1or Gregorio, \u00a1buenos d\u00edas! \u2013\u00a0\u00a0\u00a0\u00a0\u00a0\u00a0 Gregorio, no, \u2018Goyo\u2019 &#8211; exclam\u00f3 con voz tenue, mientras sonre\u00eda, y explic\u00f3 que el apodo le agrada, porque le recuerda a la madre. \u2013 Reci\u00e9n nacido estuve enfermo y mi mam\u00e1 le hizo una promesa a Jos\u00e9 Gregorio Hern\u00e1ndez, que si me recuperaba me pon\u00eda ese nombre. Gracias a &hellip;<\/p>\n","protected":false},"author":1,"featured_media":22866,"comment_status":"open","ping_status":"open","sticky":false,"template":"","format":"standard","meta":{"footnotes":""},"categories":[1728,403],"tags":[1689,1809,120,1620],"class_list":["post-22864","post","type-post","status-publish","format-standard","has-post-thumbnail","hentry","category-alcaldables","category-efemerides","tag-alcaldables-de-cucuta","tag-goyo-angarita","tag-gregorio-angarita-lamk","tag-precandidatos-a-la-alcaldia-de-cucuta"],"_links":{"self":[{"href":"https:\/\/contraluzcucuta.co\/index.php?rest_route=\/wp\/v2\/posts\/22864","targetHints":{"allow":["GET"]}}],"collection":[{"href":"https:\/\/contraluzcucuta.co\/index.php?rest_route=\/wp\/v2\/posts"}],"about":[{"href":"https:\/\/contraluzcucuta.co\/index.php?rest_route=\/wp\/v2\/types\/post"}],"author":[{"embeddable":true,"href":"https:\/\/contraluzcucuta.co\/index.php?rest_route=\/wp\/v2\/users\/1"}],"replies":[{"embeddable":true,"href":"https:\/\/contraluzcucuta.co\/index.php?rest_route=%2Fwp%2Fv2%2Fcomments&post=22864"}],"version-history":[{"count":2,"href":"https:\/\/contraluzcucuta.co\/index.php?rest_route=\/wp\/v2\/posts\/22864\/revisions"}],"predecessor-version":[{"id":22884,"href":"https:\/\/contraluzcucuta.co\/index.php?rest_route=\/wp\/v2\/posts\/22864\/revisions\/22884"}],"wp:featuredmedia":[{"embeddable":true,"href":"https:\/\/contraluzcucuta.co\/index.php?rest_route=\/wp\/v2\/media\/22866"}],"wp:attachment":[{"href":"https:\/\/contraluzcucuta.co\/index.php?rest_route=%2Fwp%2Fv2%2Fmedia&parent=22864"}],"wp:term":[{"taxonomy":"category","embeddable":true,"href":"https:\/\/contraluzcucuta.co\/index.php?rest_route=%2Fwp%2Fv2%2Fcategories&post=22864"},{"taxonomy":"post_tag","embeddable":true,"href":"https:\/\/contraluzcucuta.co\/index.php?rest_route=%2Fwp%2Fv2%2Ftags&post=22864"}],"curies":[{"name":"wp","href":"https:\/\/api.w.org\/{rel}","templated":true}]}}