{"id":22856,"date":"2014-10-22T23:02:35","date_gmt":"2014-10-23T04:02:35","guid":{"rendered":"http:\/\/contraluzcucuta.co\/?p=22856"},"modified":"2014-10-24T16:15:16","modified_gmt":"2014-10-24T21:15:16","slug":"palabra-cumplida-complejo-acuatico-no-puede-convertirse-en-elefante-blanco","status":"publish","type":"post","link":"https:\/\/contraluzcucuta.co\/?p=22856","title":{"rendered":"PALABRA CUMPLIDA. Complejo acu\u00e1tico no puede convertirse en \u2018elefante blanco\u2019"},"content":{"rendered":"<p><strong>C\u00daCUTA.-<\/strong> Quince meses debieron esperar los cucute\u00f1os para ver cristalizada la promesa hecha por el Gobierno, en el 2012, como recompensa por la organizaci\u00f3n de los Juegos Nacionales. En ese entonces, se adquiri\u00f3 el compromiso de construir el complejo acu\u00e1tico. La palabra empe\u00f1ada se cumpli\u00f3 la noche del 21 de octubre.<\/p>\n<p>En ese lapso se pas\u00f3 de la incredulidad a la realidad. En un principio pocos daban como un hecho la entrega de la obra y muchos esc\u00e9pticos hablaron de enga\u00f1o a los nortesantandereanos. Ahora, han cambiado de parecer y hasta aplaudieron la entrega del que el gobernador Edgar D\u00edaz no quiere que se convierta en \u201celefante blanco\u201d.<\/p>\n<p>La demolici\u00f3n de la antigua piscina, el traslado de las oficinas de Indenorte, el derrumbe de la concha ac\u00fastica y la eliminaci\u00f3n de las canchas de microf\u00fatbol y tenis dieron paso a los trabajos para dotar a la capital del departamento con los modernos escenarios.<\/p>\n<p>La obra que tuvo una inversi\u00f3n superior a los $13.400 millones. Los recursos los aportaron la Gobernaci\u00f3n de Norte de Santander y Coldeportes. El complejo cuenta con piscina de competencias (50 metros de largo por 25 metros de ancho y una profundidad de 2,5 metros), foso de clavados (20 metros de largo por 25 metros de ancho y una profundidad de 6 metros).<\/p>\n<p>El director nacional de Coldeportes, Andr\u00e9s Botero Philipsbourne y el gobernador Edgar D\u00edaz encabezaron los actos de inauguraci\u00f3n. En un principio se hab\u00eda anunciado la presencia del presidente Juan Manuel Santos.<\/p>\n<p>El complejo acu\u00e1tico, a pesar de haber sido construido en la antigua piscina ol\u00edmpica \u2018Carlos Ram\u00edrez Par\u00eds\u2019, fue entregado a la comunidad sin nombre. Este hecho, seg\u00fan rumores, alej\u00f3 al alcalde Donamaris Ram\u00edrez del acto central. La Gobernaci\u00f3n baraja varios nombres y no se sabe si el del dirigente c\u00edvico de la d\u00e9cada de los 70 est\u00e1 en el listado.<\/p>\n<p>Algunas especificaciones del escenario son las siguientes:<\/p>\n<p>1.- La\u00a0 piscina de competencias cuenta con grader\u00edas para 800 espectadores.<\/p>\n<p>2.- Las tribunas en el foso de clavados tienen capacidad para 400 aficionados.<\/p>\n<p>3.- La torre de clavados tiene las medidas reglamentarias de 10 metros de altura.<\/p>\n<p>4.- Zona administrativa.<\/p>\n<p>5.- Tablero electr\u00f3nico, que permitir\u00e1 a los asistentes ver en detalle los resultados de cada prueba.<\/p>\n<p>6.- Torres de iluminaci\u00f3n.<\/p>\n<p>\u201cEste complejo acu\u00e1tico no debe convertirse en elefante blanco\u201d, dijo el \u00a0\u00a0gobernador D\u00edaz, preocupado por el futuro del escenario. \u201cDebe tener vida propia y ser cuna de los verdaderos campeones del futuro\u201d, se respondi\u00f3 de inmediato.<\/p>\n<p>El escenario deportivo, seg\u00fan especialistas, est\u00e1 entre los mejores del pa\u00eds. La construcci\u00f3n estuvo a cargo de profesionales de la regi\u00f3n, supervisados por el\u00a0 equipo de la Alta Consejer\u00eda de Planes, Programas y Proyectos Especiales de la Gobernaci\u00f3n.<\/p>\n<p>La obra es el resultado de la campa\u00f1a emprendida por el alcalde Ram\u00edrez y el gobernador D\u00edaz para reclamarle al Gobierno y a Coldeportes mejor trato para la regi\u00f3n y la construcci\u00f3n, mejoramiento y remodelaci\u00f3n de escenarios que garantizar\u00e1n las competencias y la comodidad a los deportistas en los Juegos Nacionales.<\/p>\n<p>Foto: MARCO S\u00daA<\/p>\n<p>&nbsp; <\/p>\n","protected":false},"excerpt":{"rendered":"<p>C\u00daCUTA.- Quince meses debieron esperar los cucute\u00f1os para ver cristalizada la promesa hecha por el Gobierno, en el 2012, como recompensa por la organizaci\u00f3n de los Juegos Nacionales. En ese entonces, se adquiri\u00f3 el compromiso de construir el complejo acu\u00e1tico. La palabra empe\u00f1ada se cumpli\u00f3 la noche del 21 de octubre. En ese lapso se &hellip;<\/p>\n","protected":false},"author":1,"featured_media":22857,"comment_status":"open","ping_status":"open","sticky":false,"template":"","format":"standard","meta":{"footnotes":""},"categories":[28],"tags":[263,1804,379],"class_list":["post-22856","post","type-post","status-publish","format-standard","has-post-thumbnail","hentry","category-vistazo-deportivo","tag-coldeportes","tag-complejo-acuatico-de-norte-de-santander","tag-gobernacion-de-norte-de-santander"],"_links":{"self":[{"href":"https:\/\/contraluzcucuta.co\/index.php?rest_route=\/wp\/v2\/posts\/22856","targetHints":{"allow":["GET"]}}],"collection":[{"href":"https:\/\/contraluzcucuta.co\/index.php?rest_route=\/wp\/v2\/posts"}],"about":[{"href":"https:\/\/contraluzcucuta.co\/index.php?rest_route=\/wp\/v2\/types\/post"}],"author":[{"embeddable":true,"href":"https:\/\/contraluzcucuta.co\/index.php?rest_route=\/wp\/v2\/users\/1"}],"replies":[{"embeddable":true,"href":"https:\/\/contraluzcucuta.co\/index.php?rest_route=%2Fwp%2Fv2%2Fcomments&post=22856"}],"version-history":[{"count":1,"href":"https:\/\/contraluzcucuta.co\/index.php?rest_route=\/wp\/v2\/posts\/22856\/revisions"}],"predecessor-version":[{"id":22858,"href":"https:\/\/contraluzcucuta.co\/index.php?rest_route=\/wp\/v2\/posts\/22856\/revisions\/22858"}],"wp:featuredmedia":[{"embeddable":true,"href":"https:\/\/contraluzcucuta.co\/index.php?rest_route=\/wp\/v2\/media\/22857"}],"wp:attachment":[{"href":"https:\/\/contraluzcucuta.co\/index.php?rest_route=%2Fwp%2Fv2%2Fmedia&parent=22856"}],"wp:term":[{"taxonomy":"category","embeddable":true,"href":"https:\/\/contraluzcucuta.co\/index.php?rest_route=%2Fwp%2Fv2%2Fcategories&post=22856"},{"taxonomy":"post_tag","embeddable":true,"href":"https:\/\/contraluzcucuta.co\/index.php?rest_route=%2Fwp%2Fv2%2Ftags&post=22856"}],"curies":[{"name":"wp","href":"https:\/\/api.w.org\/{rel}","templated":true}]}}