{"id":22852,"date":"2014-10-22T22:27:33","date_gmt":"2014-10-23T03:27:33","guid":{"rendered":"http:\/\/contraluzcucuta.co\/?p=22852"},"modified":"2014-10-24T16:08:09","modified_gmt":"2014-10-24T21:08:09","slug":"notas-al-margen-ante-la-necesidad-de-un-replanteamiento-de-opciones","status":"publish","type":"post","link":"https:\/\/contraluzcucuta.co\/?p=22852","title":{"rendered":"NOTAS AL MARGEN. Ante la necesidad de un replanteamiento de opciones"},"content":{"rendered":"<p>1.- Entre las m\u00faltiples y variadas tem\u00e1ticas que los gobiernos de Colombia\u00a0\u00a0y\u00a0\u00a0Venezuela tendr\u00e1n que considerar y evaluar, de manera primordial y urgente, el de los derechos de uso &#8211; para habitantes y domiciliados en las zonas fronterizas &#8211;\u00a0y el de la definici\u00f3n de la zona bilateral \u00a0que enmarque lo m\u00e1s estrictamente fronterizo, as\u00ed como la correspondiente descentralizaci\u00f3n administrativa, que permita accionar y desarrollar \u00e1gilmente lo alusivo a la aduanero, lo concerniente al\u00a0\u00a0comercio exterior y al tr\u00e1nsito de personas por los puentes fronterizos.<\/p>\n<p>La detenci\u00f3n de personas, por presunto contrabando y por cuant\u00edas m\u00ednimas o dom\u00e9sticas, son casos que ameritan pronta intervenci\u00f3n de las canciller\u00edas, al igual que lo concerniente a la definici\u00f3n del \u00e1rea o zona para el tr\u00e1nsito de personas y veh\u00edculos, porque unos l\u00edmites fronterizos, como los de un rio, que tiene dos riberas y exige atenci\u00f3n para las dos.<\/p>\n<p>2.- Anotamos todo esto porque est\u00e1 faltando mayor acci\u00f3n y coordinaci\u00f3n de esfuerzos y tareas de\u00a0\u00a0las autoridades inmediatas\u00a0\u00a0fronterizas de los dos pa\u00edses y\u00a0\u00a0de las organizaciones o asociaciones que manejan lo formal y privado, de las relaciones.<\/p>\n<p>3.-\u00a0Adem\u00e1s, las Academias de Historia de los dos pa\u00edses, que bien conocen\u00a0el \u00a0proceso hist\u00f3rico de los dos Estados, en una conjunci\u00f3n de amistad y de trabajos impulsores de realidades, bien podr\u00edan desarrollar y cumplir una gran labor al explicar y proyectar gestiones e iniciativas que adelantaron y quisieron cumplir quienes han servido a la causa de las dos naciones. Una proyecci\u00f3n hist\u00f3rica y unas evaluaciones sobre lo que falta cumplir para mejor y mayor armon\u00eda entre Colombia y Venezuela \u00a0es algo importante y de incuestionable trascendencia. Esto, m\u00e1s la conveniencia de conjugar acciones de convergencia y labor compartida, como bien podr\u00edan ser los parques industriales y tecnol\u00f3gicos, las zonas francas especializadas y las zonas aduaneras especiales, con el fin de generar las urgentes fuentes de empleo y ayuda a los miles de personas sin ocupaci\u00f3n y pertenencia laboral y productiva, es un algo inaplazable, porque qui\u00e9rase o no, g\u00fastenos o no, por siempre, Colombia y Venezuela, por su vecindad y colateralita, estar\u00e1n unidos. Y eso proyecta y genera una visi\u00f3n de conjunto, que compromete y abre horizontes. Igualmente, los medios informativos- de una y otra parte\u00a0\u00a0y todos los periodistas de estas \u00e1reas de integraci\u00f3n y contacto, incuestionablemente, son los agentes que deben dar cabida &#8211; en sus informes y relatos &#8211; a empe\u00f1os y tareas que ayuden a forjar las bases y los sustentos de lo que debe ser la verdadera interrelaci\u00f3n entre Colombia y Venezuela, que si se unen para adelantar labores compartidas o conjuntas y abiertas al mundo internacional, es mucho lo que se\u00a0\u00a0puede lograr y para beneficio bilateral.<\/p>\n<p><strong>JOS\u00c9 NEIRA REY<\/strong><\/p>\n<p>&nbsp;<\/p>\n<p>&nbsp; <\/p>\n","protected":false},"excerpt":{"rendered":"<p>1.- Entre las m\u00faltiples y variadas tem\u00e1ticas que los gobiernos de Colombia\u00a0\u00a0y\u00a0\u00a0Venezuela tendr\u00e1n que considerar y evaluar, de manera primordial y urgente, el de los derechos de uso &#8211; para habitantes y domiciliados en las zonas fronterizas &#8211;\u00a0y el de la definici\u00f3n de la zona bilateral \u00a0que enmarque lo m\u00e1s estrictamente fronterizo, as\u00ed como la &hellip;<\/p>\n","protected":false},"author":1,"featured_media":22854,"comment_status":"open","ping_status":"open","sticky":false,"template":"","format":"standard","meta":{"footnotes":""},"categories":[14,32],"tags":[382,956],"class_list":["post-22852","post","type-post","status-publish","format-standard","has-post-thumbnail","hentry","category-articulistas","category-recorrido-por-la-region","tag-jose-neira","tag-notas-al-margen"],"_links":{"self":[{"href":"https:\/\/contraluzcucuta.co\/index.php?rest_route=\/wp\/v2\/posts\/22852","targetHints":{"allow":["GET"]}}],"collection":[{"href":"https:\/\/contraluzcucuta.co\/index.php?rest_route=\/wp\/v2\/posts"}],"about":[{"href":"https:\/\/contraluzcucuta.co\/index.php?rest_route=\/wp\/v2\/types\/post"}],"author":[{"embeddable":true,"href":"https:\/\/contraluzcucuta.co\/index.php?rest_route=\/wp\/v2\/users\/1"}],"replies":[{"embeddable":true,"href":"https:\/\/contraluzcucuta.co\/index.php?rest_route=%2Fwp%2Fv2%2Fcomments&post=22852"}],"version-history":[{"count":1,"href":"https:\/\/contraluzcucuta.co\/index.php?rest_route=\/wp\/v2\/posts\/22852\/revisions"}],"predecessor-version":[{"id":22855,"href":"https:\/\/contraluzcucuta.co\/index.php?rest_route=\/wp\/v2\/posts\/22852\/revisions\/22855"}],"wp:featuredmedia":[{"embeddable":true,"href":"https:\/\/contraluzcucuta.co\/index.php?rest_route=\/wp\/v2\/media\/22854"}],"wp:attachment":[{"href":"https:\/\/contraluzcucuta.co\/index.php?rest_route=%2Fwp%2Fv2%2Fmedia&parent=22852"}],"wp:term":[{"taxonomy":"category","embeddable":true,"href":"https:\/\/contraluzcucuta.co\/index.php?rest_route=%2Fwp%2Fv2%2Fcategories&post=22852"},{"taxonomy":"post_tag","embeddable":true,"href":"https:\/\/contraluzcucuta.co\/index.php?rest_route=%2Fwp%2Fv2%2Ftags&post=22852"}],"curies":[{"name":"wp","href":"https:\/\/api.w.org\/{rel}","templated":true}]}}