{"id":22846,"date":"2014-10-22T21:20:40","date_gmt":"2014-10-23T02:20:40","guid":{"rendered":"http:\/\/contraluzcucuta.co\/?p=22846"},"modified":"2014-10-24T15:47:44","modified_gmt":"2014-10-24T20:47:44","slug":"fiesta-de-los-ninos-tres-horas-sin-carro-y-sin-moto","status":"publish","type":"post","link":"https:\/\/contraluzcucuta.co\/?p=22846","title":{"rendered":"FIESTA DE LOS NI\u00d1OS. Tres horas sin carro y sin moto"},"content":{"rendered":"<p><strong>C\u00daCUTA.-<\/strong> La tercera jornada sin carro en C\u00facuta pas\u00f3 de un d\u00eda a tres horas y se cumplir\u00e1 el 31 de octubre. El objetivo es permitir el desarrollo de la fiesta de los ni\u00f1os en calma, seguridad y convivencia. La primera se cumpli\u00f3 el Viernes Santo y la segunda, el 8 de octubre.<\/p>\n<p>Mediante el Decreto 0626, la Alcald\u00eda estableci\u00f3 las medidas preventivas para fortalecer la jornada:<\/p>\n<p>1.- La restricci\u00f3n se aplicar\u00e1 en todo el per\u00edmetro urbano de la ciudad.<\/p>\n<p>2.- Iniciar\u00e1 a las 5:00 de la tarde y se extender\u00e1 hasta las 8:00 de la noche.<\/p>\n<p>3.- Ser\u00e1 una jornada pedag\u00f3gica social y de libre participaci\u00f3n ciudadana.<\/p>\n<p>4.- La restricci\u00f3n solo aplica para veh\u00edculos particulares, oficiales y motocicletas.<\/p>\n<p>5.- Se establece jornada continua laboral para los funcionarios de la Alcald\u00eda e institutos descentralizados, de 7:00 de la ma\u00f1ana a 3:00 de la tarde.<\/p>\n<p>La norma municipal proh\u00edbe la venta y consumo de licor en la Avenida de El Malec\u00f3n, en los dos sentidos, desde el antiguo Departamento Administrativo de Seguridad DAS hasta el puente de guadua (glorieta Arnulfo Brice\u00f1o).<\/p>\n<p>La medida rige en todos los lugares de la ciudad en donde se organicen actividades para ni\u00f1os y adolescentes.<\/p>\n<p>El incumplimiento a lo establecido en el decreto ser\u00e1 sancionado de acuerdo con lo establecido en el art\u00edculo 131 de la Ley 769 de 2002, modificada por el art\u00edculo 21 de la ley 1383 de 2010, con el C\u00f3digo de Infracci\u00f3n C-14, por transitar por sitios restringidos o en horas prohibidas. La multa ser\u00e1 de 15 salarios m\u00ednimos legales diarios vigentes y el veh\u00edculo ser\u00e1 inmovilizado.<\/p>\n<p>Los establecimientos de comercio legalmente constituidos que infrinjan la norma ser\u00e1n sancionados de conformidad a la normatividad vigente en materia de contravenciones conforme al C\u00f3digo Nacional de Polic\u00eda y decretos municipales.<\/p>\n<p>El comercio, la banca y las personas naturales y jur\u00eddicas fueron invitados a seguir el ejemplo de la Alcald\u00eda y permitir que los trabajadores puedan disfrutar de las tres horas sin carro y de la fiesta de los ni\u00f1os.<\/p>\n<p>El comando de la Polic\u00eda Metropolitana y las autoridades municipales y de Tr\u00e1nsito tienen conocimiento del decreto y deber\u00e1n darle cumplimiento.<\/p>\n<p>Foto: www.contraluzcucuta.co <\/p>\n","protected":false},"excerpt":{"rendered":"<p>C\u00daCUTA.- La tercera jornada sin carro en C\u00facuta pas\u00f3 de un d\u00eda a tres horas y se cumplir\u00e1 el 31 de octubre. El objetivo es permitir el desarrollo de la fiesta de los ni\u00f1os en calma, seguridad y convivencia. La primera se cumpli\u00f3 el Viernes Santo y la segunda, el 8 de octubre. Mediante el &hellip;<\/p>\n","protected":false},"author":1,"featured_media":22847,"comment_status":"open","ping_status":"open","sticky":false,"template":"","format":"standard","meta":{"footnotes":""},"categories":[541,36],"tags":[226,985,1803],"class_list":["post-22846","post","type-post","status-publish","format-standard","has-post-thumbnail","hentry","category-ciudad","category-la-voz-del-pueblo","tag-alcaldia-de-cucuta","tag-dia-de-los-ninos","tag-tercer-dia-sin-carro-en-cucuta"],"_links":{"self":[{"href":"https:\/\/contraluzcucuta.co\/index.php?rest_route=\/wp\/v2\/posts\/22846","targetHints":{"allow":["GET"]}}],"collection":[{"href":"https:\/\/contraluzcucuta.co\/index.php?rest_route=\/wp\/v2\/posts"}],"about":[{"href":"https:\/\/contraluzcucuta.co\/index.php?rest_route=\/wp\/v2\/types\/post"}],"author":[{"embeddable":true,"href":"https:\/\/contraluzcucuta.co\/index.php?rest_route=\/wp\/v2\/users\/1"}],"replies":[{"embeddable":true,"href":"https:\/\/contraluzcucuta.co\/index.php?rest_route=%2Fwp%2Fv2%2Fcomments&post=22846"}],"version-history":[{"count":1,"href":"https:\/\/contraluzcucuta.co\/index.php?rest_route=\/wp\/v2\/posts\/22846\/revisions"}],"predecessor-version":[{"id":22848,"href":"https:\/\/contraluzcucuta.co\/index.php?rest_route=\/wp\/v2\/posts\/22846\/revisions\/22848"}],"wp:featuredmedia":[{"embeddable":true,"href":"https:\/\/contraluzcucuta.co\/index.php?rest_route=\/wp\/v2\/media\/22847"}],"wp:attachment":[{"href":"https:\/\/contraluzcucuta.co\/index.php?rest_route=%2Fwp%2Fv2%2Fmedia&parent=22846"}],"wp:term":[{"taxonomy":"category","embeddable":true,"href":"https:\/\/contraluzcucuta.co\/index.php?rest_route=%2Fwp%2Fv2%2Fcategories&post=22846"},{"taxonomy":"post_tag","embeddable":true,"href":"https:\/\/contraluzcucuta.co\/index.php?rest_route=%2Fwp%2Fv2%2Ftags&post=22846"}],"curies":[{"name":"wp","href":"https:\/\/api.w.org\/{rel}","templated":true}]}}