{"id":22836,"date":"2014-10-20T22:35:02","date_gmt":"2014-10-21T03:35:02","guid":{"rendered":"http:\/\/contraluzcucuta.co\/?p=22836"},"modified":"2014-10-22T22:39:57","modified_gmt":"2014-10-23T03:39:57","slug":"carta-abierta-estancada-demanda-efectiva-de-vivienda-camacol","status":"publish","type":"post","link":"https:\/\/contraluzcucuta.co\/?p=22836","title":{"rendered":"CARTA ABIERTA. Estancada demanda efectiva de vivienda: Camacol"},"content":{"rendered":"<p><strong>C\u00daCUTA.-<\/strong> La C\u00e1mara Regional de la Construcci\u00f3n (Camacol \u2013 Norte de Santander) se\u00f1al\u00f3 que el discurso edificador regional es repetitivo, debido a las recurrentes condiciones y circunstancias que encierran los niveles cr\u00edticos de la actividad edificadora metropolitana.<\/p>\n<p>El an\u00e1lisis est\u00e1 contenido en la carta abierta con la que el gremio acompa\u00f1a el informe mensual del trabajo en C\u00facuta y el \u00c1rea Metropolitana. \u201cLos estratos medios y altos siguen saturados en el mercado inmobiliario\u201d.<\/p>\n<p>Camacol se lament\u00f3 porque no se avizoran signos o se\u00f1ales de mejor\u00eda en el corto y mediano plazos. \u201cLos licenciamientos significativos responden a la oferta de proyectos de vivienda social o prioritaria auspiciados por el Gobierno\u201d.<\/p>\n<p>El documento se\u00f1ala que la administraci\u00f3n municipal se enfrasc\u00f3 en justificar y mezclar los mensajes de la campa\u00f1a pol\u00edtica del 2011, relacionada con la construcci\u00f3n de vivienda social dirigida a los hogares pobres de la regi\u00f3n.<\/p>\n<p>\u201cEs claro que la idea y los recursos aparecieron en el gobierno nacional, en 2010, cuando se gestaron los denominados megaproyectos que la Corte Constitucional desautoriz\u00f3 en su momento\u201d, se\u00f1ala la carta abierta.<\/p>\n<p>Otra preocupaci\u00f3n de Camacol es que la acci\u00f3n medi\u00e1tica del gobierno cucute\u00f1o est\u00e9 acompa\u00f1ada del sector empresarial, que deber\u00eda exigir la b\u00fasqueda y encuentro de soluciones al estancamiento del sector edificador.<\/p>\n<p>\u201cLa cruenta situaci\u00f3n econ\u00f3mica anclada en esta frontera colombiana genera la merma del ingreso familiar, provocando el estancamiento de la demanda efectiva de vivienda\u201d, agreg\u00f3 la C\u00e1mara Regional.<\/p>\n<p>Fustig\u00f3 a la administraci\u00f3n municipal y advirti\u00f3 que \u201cse mal acostumbr\u00f3 a que la vivienda producida en esta zona del pa\u00eds, obligatoriamente, debe ser subsidiada por el Estado cuando no regalada\u201d.<\/p>\n<p>Camacol critic\u00f3 \u201cese asistencialismo permanente\u201d, porque \u201cha pauperizado no solo a la comunidad distante de la extrema pobreza, sino la mentalidad global de los habitantes\u201d.<\/p>\n<p>Algunos aspectos fundamentales ocurridos en septiembre son los siguientes:<\/p>\n<p>1.- La actividad licenciada en C\u00facuta creci\u00f3 inusitadamente.<\/p>\n<p>2.- \u00a0En C\u00facuta se origina ese crecimiento debido al licenciamiento de un megacentro comercial.<\/p>\n<p>3.- En Villa del Rosario intenta despertar del letargo en que se ha posado el desarrollo edificador.<\/p>\n<p>4.- Los Patios registra cifras reducidas o bajas. El mercado de estrato alto est\u00e1 saturado.<\/p>\n<p>5.- Tras nueve meses del a\u00f1o, la cifra acumulada a septiembre presagia un descenso en comparaci\u00f3n con el 2013.<\/p>\n<p>Foto: www.contraluzcucuta.co <\/p>\n","protected":false},"excerpt":{"rendered":"<p>C\u00daCUTA.- La C\u00e1mara Regional de la Construcci\u00f3n (Camacol \u2013 Norte de Santander) se\u00f1al\u00f3 que el discurso edificador regional es repetitivo, debido a las recurrentes condiciones y circunstancias que encierran los niveles cr\u00edticos de la actividad edificadora metropolitana. El an\u00e1lisis est\u00e1 contenido en la carta abierta con la que el gremio acompa\u00f1a el informe mensual del &hellip;<\/p>\n","protected":false},"author":1,"featured_media":22838,"comment_status":"open","ping_status":"open","sticky":false,"template":"","format":"standard","meta":{"footnotes":""},"categories":[556,36],"tags":[1799,1798,1800],"class_list":["post-22836","post","type-post","status-publish","format-standard","has-post-thumbnail","hentry","category-departamento","category-la-voz-del-pueblo","tag-actividad-edificadora-en-cucuta","tag-camacol-regional","tag-construccion-de-vivienda-en-cucuta"],"_links":{"self":[{"href":"https:\/\/contraluzcucuta.co\/index.php?rest_route=\/wp\/v2\/posts\/22836","targetHints":{"allow":["GET"]}}],"collection":[{"href":"https:\/\/contraluzcucuta.co\/index.php?rest_route=\/wp\/v2\/posts"}],"about":[{"href":"https:\/\/contraluzcucuta.co\/index.php?rest_route=\/wp\/v2\/types\/post"}],"author":[{"embeddable":true,"href":"https:\/\/contraluzcucuta.co\/index.php?rest_route=\/wp\/v2\/users\/1"}],"replies":[{"embeddable":true,"href":"https:\/\/contraluzcucuta.co\/index.php?rest_route=%2Fwp%2Fv2%2Fcomments&post=22836"}],"version-history":[{"count":1,"href":"https:\/\/contraluzcucuta.co\/index.php?rest_route=\/wp\/v2\/posts\/22836\/revisions"}],"predecessor-version":[{"id":22839,"href":"https:\/\/contraluzcucuta.co\/index.php?rest_route=\/wp\/v2\/posts\/22836\/revisions\/22839"}],"wp:featuredmedia":[{"embeddable":true,"href":"https:\/\/contraluzcucuta.co\/index.php?rest_route=\/wp\/v2\/media\/22838"}],"wp:attachment":[{"href":"https:\/\/contraluzcucuta.co\/index.php?rest_route=%2Fwp%2Fv2%2Fmedia&parent=22836"}],"wp:term":[{"taxonomy":"category","embeddable":true,"href":"https:\/\/contraluzcucuta.co\/index.php?rest_route=%2Fwp%2Fv2%2Fcategories&post=22836"},{"taxonomy":"post_tag","embeddable":true,"href":"https:\/\/contraluzcucuta.co\/index.php?rest_route=%2Fwp%2Fv2%2Ftags&post=22836"}],"curies":[{"name":"wp","href":"https:\/\/api.w.org\/{rel}","templated":true}]}}