{"id":22830,"date":"2014-10-20T21:22:09","date_gmt":"2014-10-21T02:22:09","guid":{"rendered":"http:\/\/contraluzcucuta.co\/?p=22830"},"modified":"2014-10-22T21:57:56","modified_gmt":"2014-10-23T02:57:56","slug":"america-acciones-antidemocraticas-amenazan-libertad-de-prensa-sip","status":"publish","type":"post","link":"https:\/\/contraluzcucuta.co\/?p=22830","title":{"rendered":"AM\u00c9RICA. \u201cAcciones antidemocr\u00e1ticas\u201d amenazan libertad de prensa: SIP"},"content":{"rendered":"<p>La Sociedad Interamericana de Prensa (SIP) denunci\u00f3 \u201cacciones antidemocr\u00e1ticas\u201d que amenazan la libertad de prensa en Am\u00e9rica, durante la inauguraci\u00f3n de LA 70 Asamblea General, en Santiago, en la que particip\u00f3 la presidenta chilena, Michelle Bachelet.<\/p>\n<p>En la actualidad, \u201cmuchas acciones antidemocr\u00e1ticas amenazan la libertad de prensa en el continente\u201d, dijo este lunes Elizabeth Ballantine, presidenta de la SIP, durante la intervenci\u00f3n en el acto, que se cumpli\u00f3 en la sede en Santiago de la Comisi\u00f3n Econ\u00f3mica para Am\u00e9rica Latina y El Caribe (Cepal).<\/p>\n<p>Ante un auditorio repleto de directores de medios de la regi\u00f3n, Ballantine advirti\u00f3 que \u201cning\u00fan individuo o sociedad puede ser libre sin libertad de expresi\u00f3n o de prensa\u201d, recordando uno de los principios de la \u2018Declaraci\u00f3n de Chapultepec\u2019, suscrita en 1994 por la SIP, por el que ninguna ley o acto de gobierno puede limitar la libertad de expresi\u00f3n o de prensa.<\/p>\n<p>La presidenta Bachelet manifest\u00f3 que \u201cla libertad es tambi\u00e9n una responsabilidad frente a la ciudadan\u00eda, que le ha delegado (a los medios) la funci\u00f3n de informar verazmente\u201d.<\/p>\n<p>\u201cEl derecho a la informaci\u00f3n requiere de la mayor imparcialidad posible por parte de todos los medios de comunicaci\u00f3n\u201d, afirm\u00f3 Bachelet.<\/p>\n<p>La SIP asegur\u00f3 que en la regi\u00f3n se vive un retroceso en la libertad de prensa, la concentraci\u00f3n estatal de los medios en algunos pa\u00edses, y agresiones a periodistas. Seg\u00fan cifras de este organismo, han muerto a la fecha 17 trabajadores de medios en lo que va de este a\u00f1o.<\/p>\n<p>\u201cNo puedo menos que reprobar que Am\u00e9rica Latina siga siendo 20 a\u00f1os despu\u00e9s de Chapultepec un territorio peligroso, si lo miramos en su conjunto, para el ejercicio del periodismo\u201d, afirm\u00f3 el canciller chileno Heraldo Mu\u00f1oz.<\/p>\n<p>Mu\u00f1oz indic\u00f3 que adem\u00e1s de la concentraci\u00f3n estatal de la informaci\u00f3n que arguye la SIP, tambi\u00e9n existen pa\u00edses donde la prensa escrita se concentra en manos privadas.<\/p>\n<p>\u201cNi lo uno ni lo otro creo que son los ideales para el funcionamiento de la democracia. Mientras mayor diversidad, mayor pluralidad, mejor para la democracia\u201d, afirm\u00f3 Mu\u00f1oz.<\/p>\n<p>La SIP, que agrupa a unas 1300 publicaciones de m\u00e1s de 30 pa\u00edses, concluir\u00e1 asamblea anual, el 21 de octubre.<\/p>\n<p><strong>Fuente: \u00daltimas Noticias.<\/strong><\/p>\n<p><strong>V\u00eda: Prensa CNP Caracas<\/strong><\/p>\n<p><strong>Foto: <a href=\"http:\/\/www.infobae.com\">www.infobae.com<\/a><\/strong> <\/p>\n","protected":false},"excerpt":{"rendered":"<p>La Sociedad Interamericana de Prensa (SIP) denunci\u00f3 \u201cacciones antidemocr\u00e1ticas\u201d que amenazan la libertad de prensa en Am\u00e9rica, durante la inauguraci\u00f3n de LA 70 Asamblea General, en Santiago, en la que particip\u00f3 la presidenta chilena, Michelle Bachelet. En la actualidad, \u201cmuchas acciones antidemocr\u00e1ticas amenazan la libertad de prensa en el continente\u201d, dijo este lunes Elizabeth Ballantine, &hellip;<\/p>\n","protected":false},"author":1,"featured_media":22831,"comment_status":"open","ping_status":"open","sticky":false,"template":"","format":"standard","meta":{"footnotes":""},"categories":[39,6],"tags":[1795,1796,646,1794],"class_list":["post-22830","post","type-post","status-publish","format-standard","has-post-thumbnail","hentry","category-miradas-ajenas","category-ojo-avizor","tag-libertad-d-eexpresion","tag-libertad-de-prensa-en-america","tag-sip","tag-sociedad-interamericana-de-prensa"],"_links":{"self":[{"href":"https:\/\/contraluzcucuta.co\/index.php?rest_route=\/wp\/v2\/posts\/22830","targetHints":{"allow":["GET"]}}],"collection":[{"href":"https:\/\/contraluzcucuta.co\/index.php?rest_route=\/wp\/v2\/posts"}],"about":[{"href":"https:\/\/contraluzcucuta.co\/index.php?rest_route=\/wp\/v2\/types\/post"}],"author":[{"embeddable":true,"href":"https:\/\/contraluzcucuta.co\/index.php?rest_route=\/wp\/v2\/users\/1"}],"replies":[{"embeddable":true,"href":"https:\/\/contraluzcucuta.co\/index.php?rest_route=%2Fwp%2Fv2%2Fcomments&post=22830"}],"version-history":[{"count":1,"href":"https:\/\/contraluzcucuta.co\/index.php?rest_route=\/wp\/v2\/posts\/22830\/revisions"}],"predecessor-version":[{"id":22832,"href":"https:\/\/contraluzcucuta.co\/index.php?rest_route=\/wp\/v2\/posts\/22830\/revisions\/22832"}],"wp:featuredmedia":[{"embeddable":true,"href":"https:\/\/contraluzcucuta.co\/index.php?rest_route=\/wp\/v2\/media\/22831"}],"wp:attachment":[{"href":"https:\/\/contraluzcucuta.co\/index.php?rest_route=%2Fwp%2Fv2%2Fmedia&parent=22830"}],"wp:term":[{"taxonomy":"category","embeddable":true,"href":"https:\/\/contraluzcucuta.co\/index.php?rest_route=%2Fwp%2Fv2%2Fcategories&post=22830"},{"taxonomy":"post_tag","embeddable":true,"href":"https:\/\/contraluzcucuta.co\/index.php?rest_route=%2Fwp%2Fv2%2Ftags&post=22830"}],"curies":[{"name":"wp","href":"https:\/\/api.w.org\/{rel}","templated":true}]}}