{"id":22822,"date":"2014-10-19T21:09:28","date_gmt":"2014-10-20T02:09:28","guid":{"rendered":"http:\/\/contraluzcucuta.co\/?p=22822"},"modified":"2014-10-20T23:03:56","modified_gmt":"2014-10-21T04:03:56","slug":"reunion-de-amigos-recuerdos-anecdotas-y-mucha-vida-profesional","status":"publish","type":"post","link":"https:\/\/contraluzcucuta.co\/?p=22822","title":{"rendered":"REUNI\u00d3N DE AMIGOS. Recuerdos, an\u00e9cdotas y mucha vida profesional"},"content":{"rendered":"<p><strong>C\u00daCUTA.-<\/strong> Periodistas de las primeras promociones de escuelas de comunicaci\u00f3n social de Colombia le sacaron tiempo a las ocupaciones cotidianas para reunirse, repasar las an\u00e9cdotas y contarse de nuevo la vida profesional que han seguido en las \u00faltimas dos d\u00e9cadas.<\/p>\n<p>A la convocatoria acudieron:<\/p>\n<p>1.- \u00a0Fredy Fernando Parada. Oferente. Director del noticiero Luces de la Ciudad, de Radio San Jos\u00e9.<\/p>\n<p>2.- Aura Mar\u00eda Silva. Jefa de prensa de la Alcald\u00eda de C\u00facuta.<\/p>\n<p>3.- Rossi Eugenia Reyes. Docente\u00a0 de la Universidad de pamplona.<\/p>\n<p>4.- Manuel Neira Muralla. Director de Radio San Jos\u00e9.<\/p>\n<p>5.- Rafael Antonio Pab\u00f3n. Director de la revista <a href=\"http:\/\/www.contraluzcucuta.co\">www.contraluzcucuta.co<\/a>.<\/p>\n<p>La idea de la reuni\u00f3n siempre rond\u00f3 por la mente de Parada, hasta que logr\u00f3 concretarse. El trabajo de cada uno y las responsabilidades en los medios para los que trabajan distanciaban las horas para el encuentro. El 16 de octubre se concret\u00f3 la cita.<\/p>\n<p>Los comunicadores, egresados de la Fundaci\u00f3n Universitaria INPAHU (Fredy Parada y Aura Mar\u00eda Silva), Universidad Aut\u00f3noma de Bucaramanga (Rossi Reyes) y Universidad de la Sabana (Rafael Pab\u00f3n), tuvieron el privilegio de asumir el relevo generacional, desde comienzos de la d\u00e9cada de los 80.<\/p>\n<p>En la reuni\u00f3n hubo espacio para hablar del pasado que est\u00e1 cerca y del futuro que se avizora para cada uno, sin perder la ocasi\u00f3n para los chismes caseros.<\/p>\n<p>Las horas trascurrieron entre las risotadas, los buenos recuerdos y esos chascos que no quisieran repetirse, pero que saltan a la mente con facilidad.<\/p>\n<p>No hubo promesa alguna de volver a juntarse, aunque por lo agradable de los minutos vividos es posible que el grupo vuelva a verse en estas circunstancias alejadas del ajetreo period\u00edstico diario.<\/p>\n<p><strong>Foto (autom\u00e1tica): MANUEL NEIRA.<\/strong><\/p>\n<p>&nbsp;<\/p>\n<p>&nbsp;<\/p>\n<p>&nbsp; <\/p>\n","protected":false},"excerpt":{"rendered":"<p>C\u00daCUTA.- Periodistas de las primeras promociones de escuelas de comunicaci\u00f3n social de Colombia le sacaron tiempo a las ocupaciones cotidianas para reunirse, repasar las an\u00e9cdotas y contarse de nuevo la vida profesional que han seguido en las \u00faltimas dos d\u00e9cadas. A la convocatoria acudieron: 1.- \u00a0Fredy Fernando Parada. Oferente. Director del noticiero Luces de la &hellip;<\/p>\n","protected":false},"author":1,"featured_media":22823,"comment_status":"open","ping_status":"open","sticky":false,"template":"","format":"standard","meta":{"footnotes":""},"categories":[36],"tags":[1789,1786,1788,1787,1790],"class_list":["post-22822","post","type-post","status-publish","format-standard","has-post-thumbnail","hentry","category-la-voz-del-pueblo","tag-aura-maria-silva","tag-fredy-parada","tag-manuel-neira","tag-rafael-antonio-pabon","tag-rossi-reyes"],"_links":{"self":[{"href":"https:\/\/contraluzcucuta.co\/index.php?rest_route=\/wp\/v2\/posts\/22822","targetHints":{"allow":["GET"]}}],"collection":[{"href":"https:\/\/contraluzcucuta.co\/index.php?rest_route=\/wp\/v2\/posts"}],"about":[{"href":"https:\/\/contraluzcucuta.co\/index.php?rest_route=\/wp\/v2\/types\/post"}],"author":[{"embeddable":true,"href":"https:\/\/contraluzcucuta.co\/index.php?rest_route=\/wp\/v2\/users\/1"}],"replies":[{"embeddable":true,"href":"https:\/\/contraluzcucuta.co\/index.php?rest_route=%2Fwp%2Fv2%2Fcomments&post=22822"}],"version-history":[{"count":1,"href":"https:\/\/contraluzcucuta.co\/index.php?rest_route=\/wp\/v2\/posts\/22822\/revisions"}],"predecessor-version":[{"id":22824,"href":"https:\/\/contraluzcucuta.co\/index.php?rest_route=\/wp\/v2\/posts\/22822\/revisions\/22824"}],"wp:featuredmedia":[{"embeddable":true,"href":"https:\/\/contraluzcucuta.co\/index.php?rest_route=\/wp\/v2\/media\/22823"}],"wp:attachment":[{"href":"https:\/\/contraluzcucuta.co\/index.php?rest_route=%2Fwp%2Fv2%2Fmedia&parent=22822"}],"wp:term":[{"taxonomy":"category","embeddable":true,"href":"https:\/\/contraluzcucuta.co\/index.php?rest_route=%2Fwp%2Fv2%2Fcategories&post=22822"},{"taxonomy":"post_tag","embeddable":true,"href":"https:\/\/contraluzcucuta.co\/index.php?rest_route=%2Fwp%2Fv2%2Ftags&post=22822"}],"curies":[{"name":"wp","href":"https:\/\/api.w.org\/{rel}","templated":true}]}}