{"id":22812,"date":"2014-10-19T18:41:44","date_gmt":"2014-10-19T23:41:44","guid":{"rendered":"http:\/\/contraluzcucuta.co\/?p=22812"},"modified":"2014-10-20T22:27:03","modified_gmt":"2014-10-21T03:27:03","slug":"alcaldables-si-dios-lo-permite-sere-el-proximo-alcalde-javier-prieto","status":"publish","type":"post","link":"https:\/\/contraluzcucuta.co\/?p=22812","title":{"rendered":"ALCALDABLES. \u201cSi Dios lo permite, ser\u00e9 el pr\u00f3ximo Alcalde\u201d. JAVIER PRIETO"},"content":{"rendered":"<p><strong>C\u00daCUTA.-<\/strong> Estudi\u00f3 odontolog\u00eda en la Universidad Javeriana de Bogot\u00e1.\u00a0Se especializ\u00f3 en\u00a0implantolog\u00eda\u00a0oral y reconstructiva.\u00a0De joven era responsable, carism\u00e1tico y buen estudiante, amaba las carreras cl\u00ednicas, por eso opt\u00f3\u00a0por esa\u00a0 profesi\u00f3n.<\/p>\n<p>Empez\u00f3 a ejercerla y se traslad\u00f3 a C\u00facuta,\u00a0donde se especializ\u00f3 en gerencia de servicios de salud en la Universidad Libre \u00a0y en gesti\u00f3n p\u00fablica en la Escuela Superior de Administraci\u00f3n P\u00fablica (Esap). A los 29 a\u00f1os, fue elegido\u00a0\u00a0concejal\u00a0de la capital de Norte de Santander, y pas\u00f3 cinco periodos en la corporaci\u00f3n.<\/p>\n<p>A\u00a0pesar de largas y agotadoras jornadas nunca dej\u00f3 la ocupaci\u00f3n. Tiempo despu\u00e9s, decidi\u00f3\u00a0instalar\u00a0su consultorio odontol\u00f3gico. En el concejo tuvo como compa\u00f1ero a\u00a0 Edgar Jes\u00fas D\u00edaz Contreras, con quien comparti\u00f3\u00a0 en la mesa directiva y en comisiones.\u00a0El trabajo conjunto fortaleci\u00f3 la amistad, que se ha prolongado por 20 a\u00f1os.<\/p>\n<p>Apoy\u00f3 la campa\u00f1a\u00a0 de D\u00edaz para la Gobernaci\u00f3n y\u00a0respald\u00f3la\u00a0candidatura de Andr\u00e9s Cristo Bustos para la Alcald\u00eda. Al ganar las elecciones, el amigo lo nombr\u00f3\u00a0director del\u00a0Instituto Departamental de Salud. Desde entonces se ha preocupado por el bienestar de la ciudadan\u00eda. A diario debe atender y dar pronta soluci\u00f3n a casos que llegan a la oficina. Siempre est\u00e1 pendiente del bienestar de\u00a0los\u00a0 empleados.<\/p>\n<p>Llega a\u00a0las 7:30 de la ma\u00f1ana, para comenzar una jornada que por el\u00a0trabajo \u00a0puede extenderse hasta la 1:00 de la madrugada. No hay d\u00eda que no est\u00e9 ocupado. En ocasiones, aplaza el almuerzo, pues el cargo amerita disponibilidad completa por si sucede algo extraordinario.<\/p>\n<p>Es religioso, atribuye a Dios los acontecimientos de su vida, y lo que se\u00a0 ha propuesto lo\u00a0 ha cumplido. Ahora, como empleado p\u00fablico, no tiene tiempo para ejercer como odont\u00f3logo, aunque est\u00e1 presto para atender a los pacientes, as\u00ed no le paguen.<\/p>\n<p>A los 49 a\u00f1os, no tiene esposa ni hijos; a cambio, adora a los\u00a0\u00a0cuatro\u00a0sobrinos.\u00a0Mide\u00a01,72\u00a0cent\u00edmetros, es de \u00a0complexi\u00f3n\u00a0delgada\u00a0 y \u00a0piel\u00a0blanca.\u00a0Viste\u00a0formal,\u00a0pantal\u00f3n, camisa\u00a0manga larga,\u00a0corbata, que le da ese toque de elegancia,\u00a0 y zapatos\u00a0 negros.\u00a0Algunas canas, producto de la experiencia, se asoman por entre el cabello negro. La expresi\u00f3n es sonriente,\u00a0pero al hablar se pone\u00a0serio y puntual\u00a0en\u00a0las\u00a0respuestas.<\/p>\n<p>Al\u00a0\u00a0lado derecho del escritorio\u00a0tiene un vaso con agua\u00a0de lim\u00f3n, solo ha bebido dos sorbos. Las ojeras hacen ver el cansancio que siente despu\u00e9s de estar en Bogot\u00e1 y regresar a C\u00facuta para asistir a incontables reuniones.<\/p>\n<p>Mientras firma varios documentos que\u00a0la\u00a0secretaria Rosalba le pasa, atiende \u00a0la entrevista y mira el tel\u00e9fono celular.<\/p>\n<p>La oficina, en el tercer piso del edificio Rosetal, siempre\u00a0est\u00e1 llena, llega gente que solicita ayuda o funcionarios de otras dependencias para gestionar proyectos\u00a0 y\u00a0ejecutar\u00a0 los programas del Instituto Departamental de Salud.<\/p>\n<p>Antes del despacho del director hay un pasillo. A\u00a0\u00a0mano\u00a0izquierda,\u00a0 tres muebles grises adornan el lugar. Empleados y allegados a Javier Prieto lo aprecian y lo consideran buen jefe.<\/p>\n<p>Lorena Montoya, secretaria y coordinadora de personal\u00a0\u00a0lo define como &#8220;pan de Dios&#8221;, y agreg\u00f3 que tiene buen perfil gerencial. Prieto no juzga a los colaboradores de la oficina\u00a0 por la hora de llegada, lo\u00a0\u00fanico\u00a0que le interesa es que cumplan con el trabajo, que debe ser\u00a0excelente. Espera lo mejor de cada uno.\u00a0Todo\u00a0debe estar programado para garantizar el buen rendimiento, que\u00a0se logra con el\u00a0trabajo en equipo,\u00a0paciencia\u00a0y respeto por el otro.<\/p>\n<p>Estar\u00e1\u00a0 en\u00a0el cargo hasta octubre, cuando piensa retirarse porque aspira a ser candidato a la Alcald\u00eda de C\u00facuta para el periodo 2015 &#8211; 2018.<\/p>\n<p>&#8211; \u00a0Si Dios lo permite, ser\u00e9 el pr\u00f3ximo Alcalde.<\/p>\n<p><strong>LEYDI BRIYITH PAB\u00d3N <\/strong><\/p>\n<p><strong>JIMENA CELIS RODR\u00cdGUEZ<\/strong><\/p>\n<p><strong>Estudiantes de Comunicaci\u00f3n Social<\/strong><\/p>\n<p><strong>Universidad de Pamplona<\/strong><\/p>\n<p><strong>Campus de Villa del Rosario<\/strong><\/p>\n<p>Foto:\u00a0<a class=\"_ZR irc_hol\" style=\"color: #d6d6d6;\" href=\"https:\/\/www.google.com.co\/url?sa=i&amp;rct=j&amp;q=&amp;esrc=s&amp;source=images&amp;cd=&amp;cad=rja&amp;uact=8&amp;ved=0CAYQjB0&amp;url=https%3A%2F%2Fplus.google.com%2F100082750208651593546%2Fvideos&amp;ei=sUtEVIz9JoHLggSUu4CIBA&amp;bvm=bv.77648437,d.eXY&amp;psig=AFQjCNHIoW_RtKxTNXMiD6aJvwlN6wBDwQ&amp;ust=1413848363264842\" data-ved=\"0CAYQjB0\" data-href=\"https:\/\/plus.google.com\/100082750208651593546\/videos\"><span class=\"irc_ho\" dir=\"ltr\" style=\"color: #d6d6d6;\">plus.google.com<\/span><\/a> <\/p>\n","protected":false},"excerpt":{"rendered":"<p>C\u00daCUTA.- Estudi\u00f3 odontolog\u00eda en la Universidad Javeriana de Bogot\u00e1.\u00a0Se especializ\u00f3 en\u00a0implantolog\u00eda\u00a0oral y reconstructiva.\u00a0De joven era responsable, carism\u00e1tico y buen estudiante, amaba las carreras cl\u00ednicas, por eso opt\u00f3\u00a0por esa\u00a0 profesi\u00f3n. Empez\u00f3 a ejercerla y se traslad\u00f3 a C\u00facuta,\u00a0donde se especializ\u00f3 en gerencia de servicios de salud en la Universidad Libre \u00a0y en gesti\u00f3n p\u00fablica en la &hellip;<\/p>\n","protected":false},"author":1,"featured_media":22813,"comment_status":"open","ping_status":"open","sticky":false,"template":"","format":"standard","meta":{"footnotes":""},"categories":[1728,403],"tags":[1689,1784],"class_list":["post-22812","post","type-post","status-publish","format-standard","has-post-thumbnail","hentry","category-alcaldables","category-efemerides","tag-alcaldables-de-cucuta","tag-javier-prieto"],"_links":{"self":[{"href":"https:\/\/contraluzcucuta.co\/index.php?rest_route=\/wp\/v2\/posts\/22812","targetHints":{"allow":["GET"]}}],"collection":[{"href":"https:\/\/contraluzcucuta.co\/index.php?rest_route=\/wp\/v2\/posts"}],"about":[{"href":"https:\/\/contraluzcucuta.co\/index.php?rest_route=\/wp\/v2\/types\/post"}],"author":[{"embeddable":true,"href":"https:\/\/contraluzcucuta.co\/index.php?rest_route=\/wp\/v2\/users\/1"}],"replies":[{"embeddable":true,"href":"https:\/\/contraluzcucuta.co\/index.php?rest_route=%2Fwp%2Fv2%2Fcomments&post=22812"}],"version-history":[{"count":1,"href":"https:\/\/contraluzcucuta.co\/index.php?rest_route=\/wp\/v2\/posts\/22812\/revisions"}],"predecessor-version":[{"id":22814,"href":"https:\/\/contraluzcucuta.co\/index.php?rest_route=\/wp\/v2\/posts\/22812\/revisions\/22814"}],"wp:featuredmedia":[{"embeddable":true,"href":"https:\/\/contraluzcucuta.co\/index.php?rest_route=\/wp\/v2\/media\/22813"}],"wp:attachment":[{"href":"https:\/\/contraluzcucuta.co\/index.php?rest_route=%2Fwp%2Fv2%2Fmedia&parent=22812"}],"wp:term":[{"taxonomy":"category","embeddable":true,"href":"https:\/\/contraluzcucuta.co\/index.php?rest_route=%2Fwp%2Fv2%2Fcategories&post=22812"},{"taxonomy":"post_tag","embeddable":true,"href":"https:\/\/contraluzcucuta.co\/index.php?rest_route=%2Fwp%2Fv2%2Ftags&post=22812"}],"curies":[{"name":"wp","href":"https:\/\/api.w.org\/{rel}","templated":true}]}}