{"id":22781,"date":"2014-10-14T18:51:41","date_gmt":"2014-10-14T23:51:41","guid":{"rendered":"http:\/\/contraluzcucuta.co\/?p=22781"},"modified":"2014-10-17T22:06:10","modified_gmt":"2014-10-18T03:06:10","slug":"entrevista-objetivo-sacar-a-cucuta-del-grupo-de-ciudades-violentas-coronel-carrero","status":"publish","type":"post","link":"https:\/\/contraluzcucuta.co\/?p=22781","title":{"rendered":"ENTREVISTA. Objetivo: sacar a C\u00facuta del grupo de ciudades violentas, coronel Carrero"},"content":{"rendered":"<p>&nbsp;<\/p>\n<p><strong>C\u00daCUTA.-<\/strong> El coronel Gonzalo Carrero P\u00e9rez, comandante de la Polic\u00eda Metropolitana de C\u00facuta, analiz\u00f3 la situaci\u00f3n de seguridad en C\u00facuta, habl\u00f3 de lo ocurrido en La Parada semanas atr\u00e1s y de lo que viene para la temporada decembrina.<\/p>\n<p><strong>\u00bfC\u00f3mo result\u00f3 septiembre en materia de seguridad para C\u00facuta?<\/strong><\/p>\n<p>En materia de seguridad, septiembre result\u00f3 un mes satisfactorio. Logramos una disminuci\u00f3n, casi del 50 por ciento, en los homicidios. En la Polic\u00eda Metropolitana estamos contentos porque continuamos con esa reducci\u00f3n. Iniciamos octubre con expectativas y \u00e1nimos. El objetivo es sacar a C\u00facuta de las ciudades m\u00e1s violentas del mundo. En este momento estamos entre las 50 ciudades m\u00e1s violentas. En el 2012, ocupamos el puesto 22; en el 2013, el 33, y estamos seguros de que en el 2014 la sacamos de ese grupo, o por lo menos la ponemos en los \u00faltimos puestos.<\/p>\n<p><strong>\u00bfTodos los d\u00edas se conocen casos de homicidios, c\u00f3mo creer que han disminuido?<\/strong><\/p>\n<p>Los homicidios en C\u00facuta han disminuido. Hay una l\u00ednea descendente desde hace 10 a\u00f1os. Este a\u00f1o, comparado con el anterior, hay una disminuci\u00f3n de 87 homicidios a la fecha.<\/p>\n<p><strong>\u00bfCu\u00e1ntos van este a\u00f1o?<\/strong><\/p>\n<p>No tengo las estad\u00edsticas, unidad por unidad. La reducci\u00f3n es de 87, comparados con los del 2013.<\/p>\n<p><strong>El hurto es otro de los problemas graves de la ciudad\u2026<\/strong><\/p>\n<p>Ese es uno de los objetivos principales en estos momentos. En los \u00faltimos d\u00edas pusimos en funcionamiento el escuadr\u00f3n especial motorizado, que es la fuerza de control urbano territorial que rueda por las diferentes comunas.<\/p>\n<p><strong>\u00bfC\u00f3mo hacen presencia en las comunas?<\/strong><\/p>\n<p>En las requisas que cumplimos en los planteles educativos, por solicitud de los rectores, hemos encontrado armas de fuego. Encontramos a una jovencita de 14 a\u00f1os con una pistola Jeric\u00f3 9 mm. Aqu\u00ed hago el llamado a la comunidad, nosotros hacemos los operativos, controlamos el narcomenudeo, pero los pap\u00e1s no deben dejar solo en las manos de las autoridades el cuidado de los hijos.<\/p>\n<p><strong>\u00bfSe sabe de d\u00f3nde proven\u00eda el arma? \u00a0<\/strong><\/p>\n<p>No. Se investiga la procedencia, porque es de uso privativo de las fuerzas militares. La jovencita qued\u00f3 a disposici\u00f3n de la Fiscal\u00eda, en la unidad para infancia y Adolescencia.<\/p>\n<p><strong>\u00bfHasta cu\u00e1ndo se va a tolerar la situaci\u00f3n de La Parada?<\/strong><\/p>\n<p>Aqu\u00ed hay que hacer un llamado a la reflexi\u00f3n. Lo ocurrido en La Parada, en d\u00edas pasados, es un hecho vand\u00e1lico sin precedentes. Uno no entiende qu\u00e9 es lo que quiere la gente. No hemos tenidos inconvenientes por los enfrentamientos. La estampida surgi\u00f3 de las provocaciones a la fuerza militar del vecino pa\u00eds y se vienen para ac\u00e1. Como v\u00e1ndalos afectan a la gente de bien y queman carros y motocicletas, entre los mismos ciudadanos agredi\u00e9ndose. Uno no entiende a qu\u00e9 se dedica esa gente y cu\u00e1l es la forma de llamar la atenci\u00f3n ni qu\u00e9 protestan.<\/p>\n<p><strong>\u00bfQu\u00e9 viene para la temporada decembrina?<\/strong><\/p>\n<p>Nos tenemos que preparar para esta temporada tan dif\u00edcil. Es compleja por la situaci\u00f3n que se presenta. Todo mundo necesita dinero para cumplir sus actividades, para los regalitos de fin de a\u00f1o, para el estreno del 24 y se incrementan los \u2018amigos de lo ajeno\u2019 y debemos tomar medidas que son necesarias para no ofrecerle oportunidad al ladr\u00f3n. La comunidad y la Polic\u00eda deben trabajar para tener una Navidad feliz.<\/p>\n<p><strong>PEDRO INFANTE<\/strong><\/p>\n<p><strong>Noticias y deportes (Voz del Norte)<\/strong><\/p>\n<p><strong>Foto: <a href=\"http:\/\/www.policia.gov.co\/portal\/page\/portal\/UNIDADES_POLICIALES\/Comandos_deptos_policia\/COMANDO_METROPOLITANA_CUCUTA\/Conozcanos\">http:\/\/www.policia.gov.co\/portal\/page\/portal\/UNIDADES_POLICIALES\/Comandos_deptos_policia\/COMANDO_METROPOLITANA_CUCUTA\/Conozcanos<\/a><\/strong><\/p>\n<p><strong>\u00a0\u00a0<\/strong> <\/p>\n","protected":false},"excerpt":{"rendered":"<p>&nbsp; C\u00daCUTA.- El coronel Gonzalo Carrero P\u00e9rez, comandante de la Polic\u00eda Metropolitana de C\u00facuta, analiz\u00f3 la situaci\u00f3n de seguridad en C\u00facuta, habl\u00f3 de lo ocurrido en La Parada semanas atr\u00e1s y de lo que viene para la temporada decembrina. \u00bfC\u00f3mo result\u00f3 septiembre en materia de seguridad para C\u00facuta? En materia de seguridad, septiembre result\u00f3 un &hellip;<\/p>\n","protected":false},"author":1,"featured_media":22784,"comment_status":"open","ping_status":"open","sticky":false,"template":"","format":"standard","meta":{"footnotes":""},"categories":[11,6],"tags":[1766,323,293,1274],"class_list":["post-22781","post","type-post","status-publish","format-standard","has-post-thumbnail","hentry","category-cronica-roja","category-ojo-avizor","tag-coronel-gonzalo-carrero","tag-mecuc","tag-policia-metropolitana-de-cucuta","tag-seguridad-en-cucuta"],"_links":{"self":[{"href":"https:\/\/contraluzcucuta.co\/index.php?rest_route=\/wp\/v2\/posts\/22781","targetHints":{"allow":["GET"]}}],"collection":[{"href":"https:\/\/contraluzcucuta.co\/index.php?rest_route=\/wp\/v2\/posts"}],"about":[{"href":"https:\/\/contraluzcucuta.co\/index.php?rest_route=\/wp\/v2\/types\/post"}],"author":[{"embeddable":true,"href":"https:\/\/contraluzcucuta.co\/index.php?rest_route=\/wp\/v2\/users\/1"}],"replies":[{"embeddable":true,"href":"https:\/\/contraluzcucuta.co\/index.php?rest_route=%2Fwp%2Fv2%2Fcomments&post=22781"}],"version-history":[{"count":1,"href":"https:\/\/contraluzcucuta.co\/index.php?rest_route=\/wp\/v2\/posts\/22781\/revisions"}],"predecessor-version":[{"id":22785,"href":"https:\/\/contraluzcucuta.co\/index.php?rest_route=\/wp\/v2\/posts\/22781\/revisions\/22785"}],"wp:featuredmedia":[{"embeddable":true,"href":"https:\/\/contraluzcucuta.co\/index.php?rest_route=\/wp\/v2\/media\/22784"}],"wp:attachment":[{"href":"https:\/\/contraluzcucuta.co\/index.php?rest_route=%2Fwp%2Fv2%2Fmedia&parent=22781"}],"wp:term":[{"taxonomy":"category","embeddable":true,"href":"https:\/\/contraluzcucuta.co\/index.php?rest_route=%2Fwp%2Fv2%2Fcategories&post=22781"},{"taxonomy":"post_tag","embeddable":true,"href":"https:\/\/contraluzcucuta.co\/index.php?rest_route=%2Fwp%2Fv2%2Ftags&post=22781"}],"curies":[{"name":"wp","href":"https:\/\/api.w.org\/{rel}","templated":true}]}}