{"id":22778,"date":"2014-10-14T18:33:04","date_gmt":"2014-10-14T23:33:04","guid":{"rendered":"http:\/\/contraluzcucuta.co\/?p=22778"},"modified":"2014-10-14T18:33:04","modified_gmt":"2014-10-14T23:33:04","slug":"necrologia-andres-entrena-parra","status":"publish","type":"post","link":"https:\/\/contraluzcucuta.co\/?p=22778","title":{"rendered":"NECROLOG\u00cdA. Andr\u00e9s Entrena Parra\u00a0"},"content":{"rendered":"<p><strong>C\u00daCUTA.-<\/strong> Con el fallecimiento de Andr\u00e9s\u00a0 Entrena Parra, aut\u00e9ntico pilar del proceso educativo regional\u00a0 y un incuestionable hombre honesto\u00a0 y con la mayor voluntad de servicio, la regi\u00f3n de sus particulares intereses y preocupaciones experimenta una gran p\u00e9rdida, porque hallar gente dispuesta al trabajo y con la correcci\u00f3n y trato que da ejemplo y genera satisfacci\u00f3n, solo se logra, cuando existe\u00a0 una formaci\u00f3n\u00a0 especial\u00a0 y\u00a0 una permanente familiaridad, que permiten acentuar la personalidad y el deseo de ser.<\/p>\n<p>El exrector de varias Universidades y exdirector de un organismo de ayuda comunitaria y auxilio inmediato, como lo es la Cruz Roja Internacional, fue ante todo educador y protector de primera fila, as\u00ed como gran profesional y\u00a0 constructor con el apoyo y respaldo de sus hermanos Pedro y Luis\u00a0 y de conocidos ingenieros y arquitectos.<\/p>\n<p>Como padre, hermano, familiar y, en especial, amigo, logr\u00f3 que la solidaridad\u00a0 y la asistencia, sin arreglos ni acomodos, constituyeran,\u00a0 parte inequ\u00edvoca e\u00a0 integral de su sino, sin matr\u00edcula de pol\u00edtica condicional, ni afanes burocr\u00e1ticos\u00a0 personalistas o halagos\u00a0 lisonjeros.<\/p>\n<p>Como parte integral de una familia que ha sido \u00fatil y expresiva en manifestaciones de arraigo y constancia ejemplarizante en acciones y aportes de servicio cuando fue necesario, la regi\u00f3n y la frontera extienden a los\u00a0 hijos y dem\u00e1s miembros del \u00e1rbol gen\u00e9tico, como al de quienes fueron parte integral\u00a0 de la amistad\u00a0 y\u00a0 la cooperaci\u00f3n, en las funciones y cargos que ocup\u00f3, las m\u00e1s sentidas manifestaciones de afecto y compa\u00f1\u00eda en estas horas\u00a0 de recuerdo y obligados adioses.<\/p>\n<p>S\u00ed, porque despedir a uno de los buenos\u00a0 ciudadanos y exponentes de la regi\u00f3n y la frontera, es levantar la mano\u00a0 y reconocer que deja un vac\u00edo, que deber\u00e1 ser llenado a base de sapiencia, tranquilidad\u00a0 y una disposici\u00f3n de \u00e1nimo, que vaya hasta el meollo, de lo que se requiere o es exigente.<\/p>\n<p><strong>TEODOSIO CABEZA QUI\u00d1ONEZ<\/strong><\/p>\n<p>La despedida de Teodosio Cabeza Qui\u00f1ones, hombre de permanente preocupaci\u00f3n por el servicio y en las distintas actividades que su historial de vida le prodig\u00f3, intent\u00f3 hacer y acompasar lo mejor, constituye una gran p\u00e9rdida para la regi\u00f3n y la zona fronteriza, a las que se entreg\u00f3 con afecto y dedicaci\u00f3n constante.<\/p>\n<p>Quienes lo escuchamos en tertulia de amigos, lo le\u00edmos en el Diario de la Frontera o segu\u00edamos sus argumentaciones y planteamientos, que siempre alud\u00edan a la coparticipaci\u00f3n ciudadana y a las obligaciones civiles y morales que\u00a0 todos debemos cumplir, capt\u00e1bamos la voluntad y el deseo de hallar soluciones en\u00a0 propuestas\u00a0 y alternativas de progreso.<\/p>\n<p>Acompa\u00f1ando a su familia y reconociendo que hab\u00eda en \u00e9l a un servidor\u00a0 integral\u00a0 y ejemplar, que am\u00f3 a su tierra\u00a0 e intent\u00f3 lo mejor para ella, nos unimos a los sentimientos\u00a0\u00a0 que\u00a0 nacen y convoca a\u00a0 familiares y amigos ante el final de su tarea y\u00a0 la obligada cita con el tiempo y con\u00a0 la vida, que nos corresponde cumplir a todos los mortales.<\/p>\n<p><strong>JOS\u00c9 NEIRA REY<\/strong><\/p>\n<p>Foto: \u00a0<a class=\"_ZR irc_hol\" style=\"color: #d6d6d6;\" href=\"https:\/\/www.google.com.co\/url?sa=i&amp;rct=j&amp;q=&amp;esrc=s&amp;source=images&amp;cd=&amp;cad=rja&amp;uact=8&amp;ved=0CAYQjB0&amp;url=http%3A%2F%2Fwww.cucuta-nortedesantander.gov.co%2Fnoticias.shtml%3Fapc%3DCnxx-1-%26x%3D1374447&amp;ei=VLI9VNDhCIzMggTqsoGABQ&amp;bvm=bv.77412846,d.eXY&amp;psig=AFQjCNHewQHNCqO7nUz5kCPVtt3t-SZfDw&amp;ust=1413415888809273\" data-ved=\"0CAYQjB0\" data-href=\"http:\/\/www.cucuta-nortedesantander.gov.co\/noticias.shtml?apc=Cnxx-1-&amp;x=1374447\"><span class=\"irc_ho\" dir=\"ltr\" style=\"color: #d6d6d6;\">www.cucuta-nortedesantander.gov.co<\/span><\/a> <\/p>\n","protected":false},"excerpt":{"rendered":"<p>C\u00daCUTA.- Con el fallecimiento de Andr\u00e9s\u00a0 Entrena Parra, aut\u00e9ntico pilar del proceso educativo regional\u00a0 y un incuestionable hombre honesto\u00a0 y con la mayor voluntad de servicio, la regi\u00f3n de sus particulares intereses y preocupaciones experimenta una gran p\u00e9rdida, porque hallar gente dispuesta al trabajo y con la correcci\u00f3n y trato que da ejemplo y genera &hellip;<\/p>\n","protected":false},"author":1,"featured_media":22779,"comment_status":"open","ping_status":"open","sticky":false,"template":"","format":"standard","meta":{"footnotes":""},"categories":[4],"tags":[1764,303,956,1765],"class_list":["post-22778","post","type-post","status-publish","format-standard","has-post-thumbnail","hentry","category-barra","tag-andres-entrena-parra","tag-jose-neira-rey","tag-notas-al-margen","tag-teodosio-cabeza-quinones"],"_links":{"self":[{"href":"https:\/\/contraluzcucuta.co\/index.php?rest_route=\/wp\/v2\/posts\/22778","targetHints":{"allow":["GET"]}}],"collection":[{"href":"https:\/\/contraluzcucuta.co\/index.php?rest_route=\/wp\/v2\/posts"}],"about":[{"href":"https:\/\/contraluzcucuta.co\/index.php?rest_route=\/wp\/v2\/types\/post"}],"author":[{"embeddable":true,"href":"https:\/\/contraluzcucuta.co\/index.php?rest_route=\/wp\/v2\/users\/1"}],"replies":[{"embeddable":true,"href":"https:\/\/contraluzcucuta.co\/index.php?rest_route=%2Fwp%2Fv2%2Fcomments&post=22778"}],"version-history":[{"count":1,"href":"https:\/\/contraluzcucuta.co\/index.php?rest_route=\/wp\/v2\/posts\/22778\/revisions"}],"predecessor-version":[{"id":22780,"href":"https:\/\/contraluzcucuta.co\/index.php?rest_route=\/wp\/v2\/posts\/22778\/revisions\/22780"}],"wp:featuredmedia":[{"embeddable":true,"href":"https:\/\/contraluzcucuta.co\/index.php?rest_route=\/wp\/v2\/media\/22779"}],"wp:attachment":[{"href":"https:\/\/contraluzcucuta.co\/index.php?rest_route=%2Fwp%2Fv2%2Fmedia&parent=22778"}],"wp:term":[{"taxonomy":"category","embeddable":true,"href":"https:\/\/contraluzcucuta.co\/index.php?rest_route=%2Fwp%2Fv2%2Fcategories&post=22778"},{"taxonomy":"post_tag","embeddable":true,"href":"https:\/\/contraluzcucuta.co\/index.php?rest_route=%2Fwp%2Fv2%2Ftags&post=22778"}],"curies":[{"name":"wp","href":"https:\/\/api.w.org\/{rel}","templated":true}]}}