{"id":22768,"date":"2014-10-13T18:19:54","date_gmt":"2014-10-13T23:19:54","guid":{"rendered":"http:\/\/contraluzcucuta.co\/?p=22768"},"modified":"2014-10-17T20:11:32","modified_gmt":"2014-10-18T01:11:32","slug":"solicitud-al-alcalde-fenalco-no-quiere-otro-dia-sin-carro","status":"publish","type":"post","link":"https:\/\/contraluzcucuta.co\/?p=22768","title":{"rendered":"SOLICITUD AL ALCALDE. Fenalco no quiere otro D\u00eda sin Carro"},"content":{"rendered":"<p><strong>C\u00daCUTA.-<\/strong> Los gremios de la ciudad solicitaron al alcalde Donamaris Ram\u00edrez que cancele la jornada del 31 de octubre, porque dos d\u00edas sin carro en un mismo mes no existe en ninguna ciudad del mundo. El 8 de octubre se cumpli\u00f3 la segunda actividad del a\u00f1o.<\/p>\n<p>\u201cNos anima esta solicitud,\u00a0 las consecuencias econ\u00f3micas de la jornada\u201d, se\u00f1al\u00f3 Fenalco en el documento remitido al Alcalde de C\u00facuta. \u201cLos comerciantes grandes y peque\u00f1os\u00a0\u00a0 manifestaron\u00a0 que fue un d\u00eda de p\u00e9rdidas\u00a0 econ\u00f3micas,\u00a0 salvo de algunas excepciones\u201d.<\/p>\n<p>Los restaurantes equidistantes a los lugares de trabajo y los que atendieron el servicio a domicilio fueron, a juicio del gremio,\u00a0 los beneficiados.<\/p>\n<p>El D\u00eda sin Carro y sin Motos sac\u00f3 100.000 veh\u00edculos de las calles cucute\u00f1as, de acuerdo con el estimativo de la Secretar\u00eda de Tr\u00e1nsito Municipal. Entre los autorizados para transitar en esa ocasi\u00f3n estuvieron los \u00a0que prestan servicio p\u00fablico (taxi, busetas y colectivos).<\/p>\n<p>Fenalco denunci\u00f3 que \u201calgunos taxistas de la ciudad quisieron hacer su octubre por cuenta del D\u00eda sin carro,\u00a0 argumentando adem\u00e1s\u00a0 que no hay gasolina en C\u00facuta\u201d.<\/p>\n<p>La Corporaci\u00f3n Aut\u00f3noma Regional de la Frontera Nororiental (Corponor) efectu\u00f3 las mediciones ambientales en estaciones ubicadas en Unicentro, la glorieta de la Terminal y la avenida s\u00e9ptima con calle 9. El objetivo era determinar los niveles de contaminaci\u00f3n auditiva y los de calidad del aire.<\/p>\n<p>La Polic\u00eda de Tr\u00e1nsito apoy\u00f3 los 17 controles en Cerro Pico, El Trigal, El Escobal, Penitenciar\u00eda Nacional, peaje de la autopista a San Antonio, Diagonal Santander, avenida Demetrio Mendoza, Cementerio Central, Club Tenis, \u00a0Terminal de Trasportes, avenida las Am\u00e9ricas, Unicentro y el centro de la ciudad.<\/p>\n<p>\u201cTeniendo en cuenta que el se\u00f1or Alcalde est\u00e1 interesado en incentivar la econom\u00eda de la ciudad, es que le solicitamos que dicha jornada del 31 de octubre se cancele\u201d, se\u00f1al\u00f3 Fenalco en la comunicaci\u00f3n.<\/p>\n<p>La finalidad de la propuesta es que \u201cpodamos recuperarnos, y que se determinen otras opciones para mejorar la movilidad de esta fecha, con estrategias menos gravosas para nuestra econom\u00eda\u201d, concluy\u00f3 el mensaje del gremio de los comerciantes.<\/p>\n<p>Foto: www.contraluzcucuta.co <\/p>\n","protected":false},"excerpt":{"rendered":"<p>C\u00daCUTA.- Los gremios de la ciudad solicitaron al alcalde Donamaris Ram\u00edrez que cancele la jornada del 31 de octubre, porque dos d\u00edas sin carro en un mismo mes no existe en ninguna ciudad del mundo. El 8 de octubre se cumpli\u00f3 la segunda actividad del a\u00f1o. \u201cNos anima esta solicitud,\u00a0 las consecuencias econ\u00f3micas de la &hellip;<\/p>\n","protected":false},"author":1,"featured_media":22770,"comment_status":"open","ping_status":"open","sticky":false,"template":"","format":"standard","meta":{"footnotes":""},"categories":[541,36],"tags":[1015,378],"class_list":["post-22768","post","type-post","status-publish","format-standard","has-post-thumbnail","hentry","category-ciudad","category-la-voz-del-pueblo","tag-dia-sin-carro-en-cucuta","tag-fenalco"],"_links":{"self":[{"href":"https:\/\/contraluzcucuta.co\/index.php?rest_route=\/wp\/v2\/posts\/22768","targetHints":{"allow":["GET"]}}],"collection":[{"href":"https:\/\/contraluzcucuta.co\/index.php?rest_route=\/wp\/v2\/posts"}],"about":[{"href":"https:\/\/contraluzcucuta.co\/index.php?rest_route=\/wp\/v2\/types\/post"}],"author":[{"embeddable":true,"href":"https:\/\/contraluzcucuta.co\/index.php?rest_route=\/wp\/v2\/users\/1"}],"replies":[{"embeddable":true,"href":"https:\/\/contraluzcucuta.co\/index.php?rest_route=%2Fwp%2Fv2%2Fcomments&post=22768"}],"version-history":[{"count":1,"href":"https:\/\/contraluzcucuta.co\/index.php?rest_route=\/wp\/v2\/posts\/22768\/revisions"}],"predecessor-version":[{"id":22771,"href":"https:\/\/contraluzcucuta.co\/index.php?rest_route=\/wp\/v2\/posts\/22768\/revisions\/22771"}],"wp:featuredmedia":[{"embeddable":true,"href":"https:\/\/contraluzcucuta.co\/index.php?rest_route=\/wp\/v2\/media\/22770"}],"wp:attachment":[{"href":"https:\/\/contraluzcucuta.co\/index.php?rest_route=%2Fwp%2Fv2%2Fmedia&parent=22768"}],"wp:term":[{"taxonomy":"category","embeddable":true,"href":"https:\/\/contraluzcucuta.co\/index.php?rest_route=%2Fwp%2Fv2%2Fcategories&post=22768"},{"taxonomy":"post_tag","embeddable":true,"href":"https:\/\/contraluzcucuta.co\/index.php?rest_route=%2Fwp%2Fv2%2Ftags&post=22768"}],"curies":[{"name":"wp","href":"https:\/\/api.w.org\/{rel}","templated":true}]}}