{"id":22758,"date":"2014-10-13T17:10:15","date_gmt":"2014-10-13T22:10:15","guid":{"rendered":"http:\/\/contraluzcucuta.co\/?p=22758"},"modified":"2014-10-14T18:38:22","modified_gmt":"2014-10-14T23:38:22","slug":"notas-al-margen-hay-interrogantes-que-necesitan-respuestas","status":"publish","type":"post","link":"https:\/\/contraluzcucuta.co\/?p=22758","title":{"rendered":"NOTAS AL MARGEN. Hay interrogantes que necesitan respuestas"},"content":{"rendered":"<p><strong>1<\/strong>.- Hay interrogantes y cuestionamientos que si se analizan serenamente\u00a0 y en detalle permiten abrir an\u00e1lisis y enfoques, no solo de car\u00e1cter acad\u00e9mico o especializado, sino de abierta y\u00a0 permisiva consideraci\u00f3n general para que surjan reacciones y propuestas, que permitan\u00a0 valorar mejor lo que hay y lo que debe prevenirse o transformarse en cualquier lugar tal como recientemente ocurri\u00f3 &#8211; y como ejemplo &#8211; con el aeropuerto Camilo Daza\u00a0 de C\u00facuta, que no contemplaba bodegas y aplicaciones de atenci\u00f3n general, ante el car\u00e1cter nacional e internacional que por su ubicaci\u00f3n geoestrat\u00e9gica debe y puede cumplir.<\/p>\n<p>He aqu\u00ed algunas referencias: \u00bfHay discernimiento sobre el crecimiento poblacional\u00a0 y las implicaciones locales, regionales, nacionales y mundiales? \u00bfEstamos preparados sobre lo que representan las graves\u00a0 epidemias, que comienzan a preocupar en todas las fronteras?\u00a0 \u00bfLos conceptos de libertad, paz, equidad y compromiso social, econ\u00f3mico y pol\u00edtico en d\u00f3nde\u00a0 y c\u00f3mo se cumplen? \u00bfCu\u00e1l es el tratamiento que reciben los ni\u00f1os en las diferentes naciones? \u00bfHay claridades sobre lo que significa lo local, regional, nacional y planetario, as\u00ed como las obligaciones y deberes ante lo existente? \u00bfHay un actualizado\u00a0 inventario de opciones y perspectivas que destaquen nuestras\u00a0 obligaciones y posibilidades como zona fronteriza\u00a0 y de distinta convivencia, a lo que sucede en los centros nacionales que implica la necesidad de una mayor\u00a0 descentralizaci\u00f3n y\u00a0 representatividad en la diversidad?<\/p>\n<p>2.- Cuando se enfoca y en su realidad se experimenta y capta lo que acontece, f\u00e1cil es deducir que\u00a0 es indispensable un mayor\u00a0 inter\u00e9s sobre lo\u00a0\u00a0 existente. Y,\u00a0 por ello, los resultados son precarios, porque\u00a0 hay derechos y obligantes acciones y conductas que exigen una mayor presencia y participaci\u00f3n general\u00a0 y civilizada. De ah\u00ed la importancia y serio compromiso de los que mandan o dominan. Y, de todos, para evitar un colapso, obrando con juicio y responsabilidad.<\/p>\n<p>3.- Una simple referencia\u00a0 sobre lo nuestro, constituye una\u00a0 vivencia\u00a0 de m\u00faltiples\u00a0 aplicaciones\u00a0 y por los\u00a0 hechos e historias que podr\u00edan permitirnos precisar el\u00a0 alcance de los compromisos\u00a0 y\u00a0 la valencia y necesidad de una mayor consideraci\u00f3n sobre diversas tem\u00e1ticas.\u00a0 \u00bfCu\u00e1ntos desocupados\u00a0 o\u00a0 sin empleo hay en nuestra zona? \u00bfCu\u00e1l es el grado de participaci\u00f3n y presencia de nuestra poblaci\u00f3n en las posiciones y determinaciones comunitarias, generales y pol\u00edticas de prioridad? \u00bfLos partidos y los dirigentes pol\u00edticos han reestructurado los cuadros\u00a0 y tienen bien definidos\u00a0 los\u00a0 principios y los programas y\u00a0 el grado de vinculaci\u00f3n ciudadana? \u00bfEl periodismo y los diferentes medios asumen con empe\u00f1o\u00a0\u00a0 la informaci\u00f3n y el necesario mensaje sobre los sue\u00f1os y las esperanzas de nuestra comunidad y la transformaci\u00f3n que se\u00a0 requiere?\u00a0\u00a0 \u00bfHay un papel protag\u00f3nico\u00a0 y representativo por parte de las entidades y las asociaciones sobre lo\u00a0 prioritario\u00a0\u00a0 y\u00a0 justificativo vital que debamos hacer como centro y eje de una frontera que necesita soluciones sobre el agua, lo vial y de servicios b\u00e1sicos, m\u00e1s las ejemplarizantes y verdaderas pol\u00edticas de Estado, que establezcan con descentralizaci\u00f3n y autentica representatividad, incentivos, est\u00edmulos y mecanismos\u00a0 que otorguen vida institucional\u00a0 a una vivencia futurista e integracionista, como lo piden la historia y las caracter\u00edsticas y condiciones existentes y de proyecci\u00f3n local, regional, nacional , binacional\u00a0 e internacional?\u00a0\u00a0 \u00bfSomos una unidad de acci\u00f3n bien representada y con identidad y esp\u00edritu de pertenencia?<\/p>\n<p><strong>JOS\u00c9 NEIRA REY<\/strong><\/p>\n<p><a href=\"mailto:colfronteras@hotmail.com\">colfronteras@hotmail.com<\/a><\/p>\n<p><strong>\u00a0Foto: www.contraluzcucuta.co<\/strong><\/p>\n<p>&nbsp; <\/p>\n","protected":false},"excerpt":{"rendered":"<p>1.- Hay interrogantes y cuestionamientos que si se analizan serenamente\u00a0 y en detalle permiten abrir an\u00e1lisis y enfoques, no solo de car\u00e1cter acad\u00e9mico o especializado, sino de abierta y\u00a0 permisiva consideraci\u00f3n general para que surjan reacciones y propuestas, que permitan\u00a0 valorar mejor lo que hay y lo que debe prevenirse o transformarse en cualquier lugar &hellip;<\/p>\n","protected":false},"author":1,"featured_media":22760,"comment_status":"open","ping_status":"open","sticky":false,"template":"","format":"standard","meta":{"footnotes":""},"categories":[14,32],"tags":[1760,1759],"class_list":["post-22758","post","type-post","status-publish","format-standard","has-post-thumbnail","hentry","category-articulistas","category-recorrido-por-la-region","tag-articulistas-2","tag-jose-neira-notas-al-margen"],"_links":{"self":[{"href":"https:\/\/contraluzcucuta.co\/index.php?rest_route=\/wp\/v2\/posts\/22758","targetHints":{"allow":["GET"]}}],"collection":[{"href":"https:\/\/contraluzcucuta.co\/index.php?rest_route=\/wp\/v2\/posts"}],"about":[{"href":"https:\/\/contraluzcucuta.co\/index.php?rest_route=\/wp\/v2\/types\/post"}],"author":[{"embeddable":true,"href":"https:\/\/contraluzcucuta.co\/index.php?rest_route=\/wp\/v2\/users\/1"}],"replies":[{"embeddable":true,"href":"https:\/\/contraluzcucuta.co\/index.php?rest_route=%2Fwp%2Fv2%2Fcomments&post=22758"}],"version-history":[{"count":1,"href":"https:\/\/contraluzcucuta.co\/index.php?rest_route=\/wp\/v2\/posts\/22758\/revisions"}],"predecessor-version":[{"id":22761,"href":"https:\/\/contraluzcucuta.co\/index.php?rest_route=\/wp\/v2\/posts\/22758\/revisions\/22761"}],"wp:featuredmedia":[{"embeddable":true,"href":"https:\/\/contraluzcucuta.co\/index.php?rest_route=\/wp\/v2\/media\/22760"}],"wp:attachment":[{"href":"https:\/\/contraluzcucuta.co\/index.php?rest_route=%2Fwp%2Fv2%2Fmedia&parent=22758"}],"wp:term":[{"taxonomy":"category","embeddable":true,"href":"https:\/\/contraluzcucuta.co\/index.php?rest_route=%2Fwp%2Fv2%2Fcategories&post=22758"},{"taxonomy":"post_tag","embeddable":true,"href":"https:\/\/contraluzcucuta.co\/index.php?rest_route=%2Fwp%2Fv2%2Ftags&post=22758"}],"curies":[{"name":"wp","href":"https:\/\/api.w.org\/{rel}","templated":true}]}}