{"id":22755,"date":"2014-10-11T13:04:19","date_gmt":"2014-10-11T18:04:19","guid":{"rendered":"http:\/\/contraluzcucuta.co\/?p=22755"},"modified":"2014-10-13T22:50:24","modified_gmt":"2014-10-14T03:50:24","slug":"aeropuerto-camilo-daza-no-hubo-corte-de-cinta","status":"publish","type":"post","link":"https:\/\/contraluzcucuta.co\/?p=22755","title":{"rendered":"AEROPUERTO CAMILO DAZA. No hubo corte de cinta"},"content":{"rendered":"<p><strong>C\u00daCUTA.-<\/strong> Quiz\u00e1s en acato al inconformismo de los gremios cucute\u00f1os, el vicepresidente German Vargas Lleras se abstuvo de cortar la cinta en se\u00f1al de inaugurada la remodelaci\u00f3n del aeropuerto Camilo Daza. El tiempo estuvo en contra de los organizadores de los actos, que se quedaron con los preparativos en la bandeja.<\/p>\n<p>El segundo a bordo del Gobierno lleg\u00f3 a la ciudad con varios minutos de retraso y a partir de entonces comenz\u00f3 el corre corre por los pasillos del aer\u00f3dromo local. El sal\u00f3n dispuesto para el encuentro con los representantes de la comunidad nortesantandereana qued\u00f3 vac\u00edo y con los pasabocas servidos.<\/p>\n<p>Abajo, en la primera planta, los periodistas quedaron con las c\u00e1maras encendidas y las preguntas ensayadas, porque Vargas no lleg\u00f3 para cumplir con el protocolo previsto. Hasta que sal\u00ed rumbo a cumplir otras citas y de nuevo a perseguirlo.<\/p>\n<p>Entre los trabajos desarrollados en el aeropuerto destacan:<\/p>\n<p>1.- La terminal de pasajeros pas\u00f3 de 7481 metros cuadrados a 9816 metros cuadrados.<\/p>\n<p>2.- Las obras comprenden modernizaci\u00f3n, plataforma de estacionamiento de las aeronaves, estacionamiento de veh\u00edculos y v\u00edas de acceso.<\/p>\n<p>3.- El \u00e1rea se ampli\u00f3 en 1975 metros cuadrados.<\/p>\n<p>Voceros gremiales han levantado la voz en contra de los trabajos cumplidos en el Camilo Daza, por considerarlos inapropiados para la ciudad. La inversi\u00f3n del concesionario Aeropuertos de Oriente alcanz\u00f3 los $ 26.100 millones.<\/p>\n<p>Los cambios, con los que tampoco se sienten a gusto los usuarios, comprenden:<\/p>\n<p>1.- Renovaci\u00f3n de sistemas y equipos de seguridad<\/p>\n<p>2.- Sistemas de informaci\u00f3n al p\u00fablico y de detecci\u00f3n de incendios,<\/p>\n<p>3.- Mobiliario<\/p>\n<p>4.- Cuatro puentes de abordaje<\/p>\n<p>5.- Dos escaleras el\u00e9ctricas<\/p>\n<p>6.- Un nuevo ascensor<\/p>\n<p>7.- Dos bandas de equipaje<\/p>\n<p>8.- Un bus para el trasporte de pasajeros desde y hasta posiciones remotas<\/p>\n<p>9.- Una ambulancia para trasporte asistencial.<\/p>\n<p>En el comunicado de prensa entregado durante la espera del acto se rese\u00f1a la declaraci\u00f3n de \u00a0Mariela Vergara, directora de proyectos de la concesionaria. \u201cEstamos seguros de que las intervenciones adelantadas contribuyen a mejorar el servicio y la competitividad en la regi\u00f3n\u201d.<\/p>\n<p>En el 2013, se movilizaron por el Camilo Daza 894.992 pasajeros con destino al interior del pa\u00eds y el exterior. \u201cAeropuertos de Oriente S.A.S. est\u00e1 comprometida con C\u00facuta, Norte de Santander y con el pa\u00eds, para ser un aliado en el desarrollo de la infraestructura del servicio del trasporte a\u00e9reo\u201d, coment\u00f3 Vergara en el comunicado.<\/p>\n<p>Foto: MARCO S\u00daA<\/p>\n<p>&nbsp;<\/p>\n<p>&nbsp; <\/p>\n","protected":false},"excerpt":{"rendered":"<p>C\u00daCUTA.- Quiz\u00e1s en acato al inconformismo de los gremios cucute\u00f1os, el vicepresidente German Vargas Lleras se abstuvo de cortar la cinta en se\u00f1al de inaugurada la remodelaci\u00f3n del aeropuerto Camilo Daza. El tiempo estuvo en contra de los organizadores de los actos, que se quedaron con los preparativos en la bandeja. El segundo a bordo &hellip;<\/p>\n","protected":false},"author":1,"featured_media":22756,"comment_status":"open","ping_status":"open","sticky":false,"template":"","format":"standard","meta":{"footnotes":""},"categories":[541,32],"tags":[189,584,1758],"class_list":["post-22755","post","type-post","status-publish","format-standard","has-post-thumbnail","hentry","category-ciudad","category-recorrido-por-la-region","tag-aeropuerto-camilo-daza","tag-german-vargas-lleras","tag-vicepresidente-de-colombia"],"_links":{"self":[{"href":"https:\/\/contraluzcucuta.co\/index.php?rest_route=\/wp\/v2\/posts\/22755","targetHints":{"allow":["GET"]}}],"collection":[{"href":"https:\/\/contraluzcucuta.co\/index.php?rest_route=\/wp\/v2\/posts"}],"about":[{"href":"https:\/\/contraluzcucuta.co\/index.php?rest_route=\/wp\/v2\/types\/post"}],"author":[{"embeddable":true,"href":"https:\/\/contraluzcucuta.co\/index.php?rest_route=\/wp\/v2\/users\/1"}],"replies":[{"embeddable":true,"href":"https:\/\/contraluzcucuta.co\/index.php?rest_route=%2Fwp%2Fv2%2Fcomments&post=22755"}],"version-history":[{"count":1,"href":"https:\/\/contraluzcucuta.co\/index.php?rest_route=\/wp\/v2\/posts\/22755\/revisions"}],"predecessor-version":[{"id":22757,"href":"https:\/\/contraluzcucuta.co\/index.php?rest_route=\/wp\/v2\/posts\/22755\/revisions\/22757"}],"wp:featuredmedia":[{"embeddable":true,"href":"https:\/\/contraluzcucuta.co\/index.php?rest_route=\/wp\/v2\/media\/22756"}],"wp:attachment":[{"href":"https:\/\/contraluzcucuta.co\/index.php?rest_route=%2Fwp%2Fv2%2Fmedia&parent=22755"}],"wp:term":[{"taxonomy":"category","embeddable":true,"href":"https:\/\/contraluzcucuta.co\/index.php?rest_route=%2Fwp%2Fv2%2Fcategories&post=22755"},{"taxonomy":"post_tag","embeddable":true,"href":"https:\/\/contraluzcucuta.co\/index.php?rest_route=%2Fwp%2Fv2%2Ftags&post=22755"}],"curies":[{"name":"wp","href":"https:\/\/api.w.org\/{rel}","templated":true}]}}