{"id":22742,"date":"2014-10-11T11:38:43","date_gmt":"2014-10-11T16:38:43","guid":{"rendered":"http:\/\/contraluzcucuta.co\/?p=22742"},"modified":"2014-10-13T17:15:23","modified_gmt":"2014-10-13T22:15:23","slug":"anillo-vial-occidental-primera-piedra-del-puente","status":"publish","type":"post","link":"https:\/\/contraluzcucuta.co\/?p=22742","title":{"rendered":"ANILLO VIAL OCCIDENTAL. Primera piedra del puente"},"content":{"rendered":"<p><strong>C\u00daCUTA.-<\/strong> Dos a\u00f1os demorar\u00e1 la construcci\u00f3n del puente sobre el r\u00edo Pamplonita, que unir\u00e1 a Los Patios con C\u00facuta. La inversi\u00f3n alcanzar\u00e1 los $ 20.000 millones,\u00a0 tendr\u00e1 una longitud de 250 metros, ser\u00e1 en calzada sencilla y el avance de ejecuci\u00f3n general llega al 88 por ciento.<\/p>\n<p>Esta obra corresponde a la Concesi\u00f3n \u00c1rea Metropolitana de C\u00facuta y Norte de Santander, comprende 16 tramos, pertenece al Anillo Vial Occidental y permitir\u00e1 que los veh\u00edculos de carga salgan del caso urbano de C\u00facuta.<\/p>\n<p>El vicepresidente Germ\u00e1n Vargas Lleras encabez\u00f3 el grupo de personalidades y funcionarios que pusieron la primera piedra. Todav\u00eda no tiene nombre y ser\u00e1 entregado en 24 meses.<\/p>\n<p>Las intervenciones en el puente incluyen:<\/p>\n<p>1.- Construcci\u00f3n y mantenimiento de las calzadas sencilla y doble<\/p>\n<p>2.- Construcci\u00f3n de un puente vehicular y otro peatonal<\/p>\n<p>3.- Generaci\u00f3n de empleo, seguridad, movilidad, turismo y comercio fronterizo<\/p>\n<p>4.- Salida hacia la Costa y la Ruta del Sol.<\/p>\n<p>El dise\u00f1o lo mantendr\u00e1 blindado contra los desbordamientos del r\u00edo, y unir\u00e1 al Kil\u00f3metro 8 de Los Patios con El P\u00f3rtico, en C\u00facuta.<\/p>\n<p>El puente, inicialmente, no estaba en la concesi\u00f3n. \u201cEra un anillo que no era anillo, porque no ten\u00eda puente. Se necesitaba el puente para terminar la v\u00eda\u201d, explic\u00f3 el alcalde Donamaris Ram\u00edrez. La primera gesti\u00f3n para los trabajos se hizo con el exministro cucute\u00f1o Miguel Pe\u00f1alosa.<\/p>\n<p>La obra se concret\u00f3 el d\u00eda que se logr\u00f3 la v\u00eda Panamericana, en El Salado. En esa ocasi\u00f3n el Ministerio asumi\u00f3 la responsabilidad y comenz\u00f3 el tr\u00e1mite para conocer si se hac\u00eda con la concesionaria, porque en ese momento ten\u00eda disputas judiciales con el Gobierno.<\/p>\n<p>Tras superar los inconvenientes iniciaron los dise\u00f1os y los estudios de suelos. \u201cAhora s\u00ed tendremos ani\u00f1o vial\u201d, se regocij\u00f3 el alcalde Ram\u00edrez. El municipio avanza en la obra que va de Cuarteles hacia arriba, con recursos propios.<\/p>\n<p>\u201cEs un puente que ver\u00e1 el pr\u00f3ximo Alcalde. Nosotros cumplimos con iniciar la obra y conseguir los recursos\u201d, afirm\u00f3 Donamaris Ram\u00edrez y envi\u00f3 el mensaje directo a su sucesor, \u201caspiro a que me inviten el d\u00eda de la apertura\u201d, dentro de 24 meses.<\/p>\n<p>El puente ser\u00e1 una realidad, complement\u00f3 el vicepresidente Vargas. Tendr\u00e1 250 metros y es m\u00e1s largo de lo previsto en los dise\u00f1os. El anillo occidental es en calzada sencilla y el puente va en calzada sencilla como el resto de la v\u00eda.<\/p>\n<p>German Vargas entreg\u00f3 otra noticia esperada por los habitantes del \u00c1rea Metropolitana. \u201cEn diciembre, inicia la construcci\u00f3n \u00a0del intercambiador de Rumichaca\u201d. La inversi\u00f3n ser\u00e1 de $ 20.000 millones. \u201cCon esta obra iniciamos la primera fase del anillo perimetral de C\u00facuta\u201d.<\/p>\n<p>El puente permitir\u00e1 agilizar el paso hacia Venezuela y evitar\u00e1 el tranc\u00f3n que se genera en la v\u00eda. \u201cEstamos en el proceso de compra de predios, que se espera terminar en diciembre\u201d, confirm\u00f3 el director de la Agencia Nacional de Infraestructura, Luis Fernando Andrade.<\/p>\n<p>En el momento de tener los terrenos disponibles iniciar\u00e1n las obras y terminar\u00e1n en 18 meses.<\/p>\n<p>Foto: MARCO S\u00daA<\/p>\n<p>&nbsp; <\/p>\n","protected":false},"excerpt":{"rendered":"<p>C\u00daCUTA.- Dos a\u00f1os demorar\u00e1 la construcci\u00f3n del puente sobre el r\u00edo Pamplonita, que unir\u00e1 a Los Patios con C\u00facuta. La inversi\u00f3n alcanzar\u00e1 los $ 20.000 millones,\u00a0 tendr\u00e1 una longitud de 250 metros, ser\u00e1 en calzada sencilla y el avance de ejecuci\u00f3n general llega al 88 por ciento. Esta obra corresponde a la Concesi\u00f3n \u00c1rea Metropolitana &hellip;<\/p>\n","protected":false},"author":1,"featured_media":22743,"comment_status":"open","ping_status":"open","sticky":false,"template":"","format":"standard","meta":{"footnotes":""},"categories":[541,6],"tags":[1754,1753,1750],"class_list":["post-22742","post","type-post","status-publish","format-standard","has-post-thumbnail","hentry","category-ciudad","category-ojo-avizor","tag-agencia-nacional-de-infraestructura","tag-puente-en-el-anillo-vial","tag-vicepresidente-german-vargas-lleras"],"_links":{"self":[{"href":"https:\/\/contraluzcucuta.co\/index.php?rest_route=\/wp\/v2\/posts\/22742","targetHints":{"allow":["GET"]}}],"collection":[{"href":"https:\/\/contraluzcucuta.co\/index.php?rest_route=\/wp\/v2\/posts"}],"about":[{"href":"https:\/\/contraluzcucuta.co\/index.php?rest_route=\/wp\/v2\/types\/post"}],"author":[{"embeddable":true,"href":"https:\/\/contraluzcucuta.co\/index.php?rest_route=\/wp\/v2\/users\/1"}],"replies":[{"embeddable":true,"href":"https:\/\/contraluzcucuta.co\/index.php?rest_route=%2Fwp%2Fv2%2Fcomments&post=22742"}],"version-history":[{"count":1,"href":"https:\/\/contraluzcucuta.co\/index.php?rest_route=\/wp\/v2\/posts\/22742\/revisions"}],"predecessor-version":[{"id":22744,"href":"https:\/\/contraluzcucuta.co\/index.php?rest_route=\/wp\/v2\/posts\/22742\/revisions\/22744"}],"wp:featuredmedia":[{"embeddable":true,"href":"https:\/\/contraluzcucuta.co\/index.php?rest_route=\/wp\/v2\/media\/22743"}],"wp:attachment":[{"href":"https:\/\/contraluzcucuta.co\/index.php?rest_route=%2Fwp%2Fv2%2Fmedia&parent=22742"}],"wp:term":[{"taxonomy":"category","embeddable":true,"href":"https:\/\/contraluzcucuta.co\/index.php?rest_route=%2Fwp%2Fv2%2Fcategories&post=22742"},{"taxonomy":"post_tag","embeddable":true,"href":"https:\/\/contraluzcucuta.co\/index.php?rest_route=%2Fwp%2Fv2%2Ftags&post=22742"}],"curies":[{"name":"wp","href":"https:\/\/api.w.org\/{rel}","templated":true}]}}