{"id":22738,"date":"2014-10-09T19:01:08","date_gmt":"2014-10-10T00:01:08","guid":{"rendered":"http:\/\/contraluzcucuta.co\/?p=22738"},"modified":"2014-10-09T19:01:08","modified_gmt":"2014-10-10T00:01:08","slug":"notas-al-margen-urge-la-creacion-de-la-faja-territorial-binacional","status":"publish","type":"post","link":"https:\/\/contraluzcucuta.co\/?p=22738","title":{"rendered":"NOTAS AL MARGEN.\u00a0Urge la creaci\u00f3n de la faja territorial binacional"},"content":{"rendered":"<p>1.- La posibilidad de adelantar y llegar a precisar entendimientos y acuerdos de alto nivel\u00a0\u00a0entre Colombia y Venezuela no es una consideraci\u00f3n, ni una evaluaci\u00f3n imposible. Por el contrario, puede ser una opci\u00f3n y alternativa de primer orden y de gran importancia. \u00bfPor qu\u00e9?\u00a0\u00a0Porque, por siempre, la vecindad, la mutua cooperaci\u00f3n y los m\u00faltiples nexos y v\u00ednculos de origen e interrelaci\u00f3n que proyecta el\u00a0\u00a0proceso hist\u00f3rico colombo venezolano determina unos hechos que son irreversibles y de gran trascendencia y aplicaci\u00f3n.<\/p>\n<p>Por esos motivos, y\u00a0\u00a0porque hay factores de correspondencia y de vivencia multilateral, que si se enfocaran y analizaran con detenimiento y en una gesti\u00f3n de parte y parte para deducir conclusiones y acciones compartidas, esos resultados arrojar\u00edan consecuencias de gran significaci\u00f3n, porque son muchas las alternativas y el aprovechamiento de ventajas comparativas que surgir\u00edan si se toman en cuenta las ventajas comparativas que se pueden aprovechar en orden a la ubicaci\u00f3n geogr\u00e1fica, las salidas al Atl\u00e1ntico y al Pacifico, la existencia\u00a0\u00a0de una amplia gama de productos por explorar y explotar, la inmediatez de\u00a0\u00a0mercados y la conveniencia y necesidad de crear fuentes de trabajo, para los millares- \u00a0y hasta millones \u2013 de colombianos y venezolanos que piden oportunidades de trabajo y desarrollo familiar.<\/p>\n<p>2.- Existe urgencia de dar a universidades y centros docentes buenos auxiliares para estimular la investigaci\u00f3n y la innovaci\u00f3n en los estudios y los programas que se pueden adelantar para capacitar y dar eficaz y actualizado ordenamiento educativo para nuestros estudiantes y futuros profesionales en las distintas ramas del saber. Y, porque, adem\u00e1s, la capacitaci\u00f3n que se requiere debe ser pronta en las definiciones y m\u00faltiple en las realizaciones, por la variedad de tem\u00e1ticas que se pueden\u00a0\u00a0adelantar y cumplir.<\/p>\n<p>3.- S\u00ed, la posibilidad de concretar prop\u00f3sitos y empe\u00f1os entre Colombia y Venezuela y en el campo de las actividades que determinan parques industriales y tecnol\u00f3gicos, zonas francas especializadas\u00a0\u00a0y zonas aduaneras, no es algo vac\u00edo o sin esencia, sino la constataci\u00f3n de que nuestro libertador Sim\u00f3n Bol\u00edvar fue un visionario, porque capt\u00f3 las prerrogativas que existen en el \u00e1rea que hoy ocupan Colombia y Venezuela, al insinuar en 1821, por intermedio de Fernando Pe\u00f1alver, desde Gu\u00e1rico, al Congreso Constituyente que se celebraba en la\u00a0\u00a0Villa del Rosario, que Colombia y Venezuela debieran disponer de una faja territorial compartida que pudieran manejar y utilizar para beneficio mutuo.<\/p>\n<p>Imaginar y dar cabida a esta propuesta, pese a las dificultades que puedan existir es alimentar la vivencia del porvenir y el comprender los alcances de la verdadera y ejemplarizante\u00a0\u00a0integraci\u00f3n que pueden cumplir pa\u00edses hermanos y ante las exigencias y demandas que define y determina el mundo social, econ\u00f3mico y pol\u00edtico, de hoy. La pronta reuni\u00f3n binacional de autoridades, expertos y miembros de las m\u00e1s importantes entidades y asociaciones gremiales, empresariales y laborales, empezando por las fronterizas, es prioritario y b\u00e1sico, porque un proyecto de esta naturaleza, impulsa todo lo que es exigente e indispensable, para la producci\u00f3n y la generaci\u00f3n de empleo, como son:\u00a0\u00a0la capacitaci\u00f3n y\u00a0\u00a0el agua, el gas, las v\u00edas, los servicios primordiales, m\u00e1s la irrupci\u00f3n de una mentalidad y manejo acordes con la realidad y los requerimientos.<\/p>\n<p><strong>\u00a0JOS\u00c9 NEIRA REY<\/strong><\/p>\n<p><a href=\"mailto:jneirarey@hotmail.com\">jneirarey@hotmail.com<\/a><\/p>\n<p>&nbsp;<\/p>\n<p>&nbsp; <\/p>\n","protected":false},"excerpt":{"rendered":"<p>1.- La posibilidad de adelantar y llegar a precisar entendimientos y acuerdos de alto nivel\u00a0\u00a0entre Colombia y Venezuela no es una consideraci\u00f3n, ni una evaluaci\u00f3n imposible. Por el contrario, puede ser una opci\u00f3n y alternativa de primer orden y de gran importancia. \u00bfPor qu\u00e9?\u00a0\u00a0Porque, por siempre, la vecindad, la mutua cooperaci\u00f3n y los m\u00faltiples nexos &hellip;<\/p>\n","protected":false},"author":1,"featured_media":22739,"comment_status":"open","ping_status":"open","sticky":false,"template":"","format":"standard","meta":{"footnotes":""},"categories":[14,4],"tags":[382,956],"class_list":["post-22738","post","type-post","status-publish","format-standard","has-post-thumbnail","hentry","category-articulistas","category-barra","tag-jose-neira","tag-notas-al-margen"],"_links":{"self":[{"href":"https:\/\/contraluzcucuta.co\/index.php?rest_route=\/wp\/v2\/posts\/22738","targetHints":{"allow":["GET"]}}],"collection":[{"href":"https:\/\/contraluzcucuta.co\/index.php?rest_route=\/wp\/v2\/posts"}],"about":[{"href":"https:\/\/contraluzcucuta.co\/index.php?rest_route=\/wp\/v2\/types\/post"}],"author":[{"embeddable":true,"href":"https:\/\/contraluzcucuta.co\/index.php?rest_route=\/wp\/v2\/users\/1"}],"replies":[{"embeddable":true,"href":"https:\/\/contraluzcucuta.co\/index.php?rest_route=%2Fwp%2Fv2%2Fcomments&post=22738"}],"version-history":[{"count":1,"href":"https:\/\/contraluzcucuta.co\/index.php?rest_route=\/wp\/v2\/posts\/22738\/revisions"}],"predecessor-version":[{"id":22740,"href":"https:\/\/contraluzcucuta.co\/index.php?rest_route=\/wp\/v2\/posts\/22738\/revisions\/22740"}],"wp:featuredmedia":[{"embeddable":true,"href":"https:\/\/contraluzcucuta.co\/index.php?rest_route=\/wp\/v2\/media\/22739"}],"wp:attachment":[{"href":"https:\/\/contraluzcucuta.co\/index.php?rest_route=%2Fwp%2Fv2%2Fmedia&parent=22738"}],"wp:term":[{"taxonomy":"category","embeddable":true,"href":"https:\/\/contraluzcucuta.co\/index.php?rest_route=%2Fwp%2Fv2%2Fcategories&post=22738"},{"taxonomy":"post_tag","embeddable":true,"href":"https:\/\/contraluzcucuta.co\/index.php?rest_route=%2Fwp%2Fv2%2Ftags&post=22738"}],"curies":[{"name":"wp","href":"https:\/\/api.w.org\/{rel}","templated":true}]}}