{"id":22732,"date":"2014-10-09T16:23:39","date_gmt":"2014-10-09T21:23:39","guid":{"rendered":"http:\/\/contraluzcucuta.co\/?p=22732"},"modified":"2014-10-09T16:23:39","modified_gmt":"2014-10-09T21:23:39","slug":"visita-del-vicepresidente-inicio-de-obra-y-entrega-de-conexiones-domiciliarias","status":"publish","type":"post","link":"https:\/\/contraluzcucuta.co\/?p=22732","title":{"rendered":"VISITA DEL VICEPRESIDENTE. Inicio de obra y entrega de conexiones domiciliarias"},"content":{"rendered":"<p><strong>C\u00daCUTA.-<\/strong> El vicepresidente de Colombia, German Vargas Lleras, cumplir\u00e1 en C\u00facuta y Los Patios diversas actividades, que van de la iniciaci\u00f3n de un puente a la entrega de instalaciones domiciliarias. Con ocasi\u00f3n de la visita, este 10 de octubre, el gobierno cucute\u00f1o dict\u00f3 una serie de medidas para garantizar la seguridad del alto funcionario.<\/p>\n<p>Entre las restricciones contenidas en el Decreto 0585, destacan:<\/p>\n<p>1.- La circulaci\u00f3n de veh\u00edculos cargados con cilindros de gas propano<\/p>\n<p>2.- Las mudanzas<\/p>\n<p>3.- El trasporte de materiales de construcci\u00f3n, residuos y similares y escombros en las v\u00edas p\u00fablicas e inmuebles y lotes particulares alrededor del aeropuerto Camilo Daza, v\u00eda al aeropuerto, Avenida Libertadores, Diagonal Santander, Avenida del R\u00edo, El Malec\u00f3n y sectores aleda\u00f1os al barrio San Rafael, Gobernaci\u00f3n, Alcald\u00eda, Plaza de Banderas y Terminal de Trasporte, entre las 6:00 de la ma\u00f1ana y las 9:00 de la noche.<\/p>\n<p>4.- Las manifestaciones p\u00fablicas, marchas, m\u00edtines, desfiles, caravanas en el \u00e1rea urbana de la ciudad, que puedan alterar el orden p\u00fablico y la tranquilidad ciudadana.<\/p>\n<p>5.- El parqueo de veh\u00edculos alrededor del aeropuerto<\/p>\n<p>6.- La circulaci\u00f3n de motos con parrillero alrededor del aeropuerto Camilo Daza.<\/p>\n<p>El decreto faculta a los inspectores de Tr\u00e1nsito Municipal para conocer, fallar e imponer sanciones a quienes controviertan las medidas, de conformidad con lo establecido en el C\u00f3digo Nacional de Tr\u00e1nsito, sin perjuicio de las sanciones penales a que haya lugar.<\/p>\n<p>La Polic\u00eda desarrollar\u00e1 operativos de control y seguimiento, y dispondr\u00e1 de la seguridad.<\/p>\n<p>El vicepresidente Vargas estar\u00e1 compa\u00f1ado por los ministros de Trasporte, Natalia Abello Vives, y de Vivienda, Ciudad y Territorio, Luis Felipe Henao.<\/p>\n<p>Entre las actividades previstas est\u00e1 la entrega de 426 instalaciones intradomiciliarias, en el barrio Belisario.<\/p>\n<p>El proyecto de conexiones es un convenio entre el Ministerio de Vivienda, Aguas Kpital y el municipio. Cuenta con 1810 subsidios para ejecutarse en los barrios Nueva Esperanza, San Jer\u00f3nimo, Ni\u00f1a Ceci, Belisario, Santa Ana, La Primavera y El Oasis, en proceso de legalizaci\u00f3n.<\/p>\n<p>Las primeras 426 instalaciones se entregar\u00e1n en la sede del colegio San Vicente de Paul (Belisario). De acuerdo con estimativos de Metrovivienda, se encuentran ejecuci\u00f3n 953 conexiones para darlas al servicio de los estratos 1 y 2, carentes de servicios sanitarios b\u00e1sicos, tuber\u00eda de aguas negras, inodoro, lavamanos, ducha, lavaplatos y lavadero.<\/p>\n<p><strong>PUENTE EN EL ANILLO OCCIDENTAL<\/strong><\/p>\n<p>La Agencia Nacional de Infraestructura (ANI) asign\u00f3 a Concesionaria San Sim\u00f3n la construcci\u00f3n del puente sobre el r\u00edo Pamplonita, que conectar\u00e1 al Kil\u00f3metro 8 de Los Patios con El P\u00f3rtico (C\u00facuta).<\/p>\n<p>El inicio de la obra \u00a0se llevar\u00e1 a cabo, a las 11:00 de la ma\u00f1ana, con participaci\u00f3n del vicepresidente Vargas Lleras y autoridades civiles \u00a0departamentales y municipales.<\/p>\n<p>&nbsp; <\/p>\n","protected":false},"excerpt":{"rendered":"<p>C\u00daCUTA.- El vicepresidente de Colombia, German Vargas Lleras, cumplir\u00e1 en C\u00facuta y Los Patios diversas actividades, que van de la iniciaci\u00f3n de un puente a la entrega de instalaciones domiciliarias. Con ocasi\u00f3n de la visita, este 10 de octubre, el gobierno cucute\u00f1o dict\u00f3 una serie de medidas para garantizar la seguridad del alto funcionario. Entre &hellip;<\/p>\n","protected":false},"author":1,"featured_media":22733,"comment_status":"open","ping_status":"open","sticky":false,"template":"","format":"standard","meta":{"footnotes":""},"categories":[7,4],"tags":[1750,1392],"class_list":["post-22732","post","type-post","status-publish","format-standard","has-post-thumbnail","hentry","category-acontecimientos","category-barra","tag-vicepresidente-german-vargas-lleras","tag-visita-a-cucuta"],"_links":{"self":[{"href":"https:\/\/contraluzcucuta.co\/index.php?rest_route=\/wp\/v2\/posts\/22732","targetHints":{"allow":["GET"]}}],"collection":[{"href":"https:\/\/contraluzcucuta.co\/index.php?rest_route=\/wp\/v2\/posts"}],"about":[{"href":"https:\/\/contraluzcucuta.co\/index.php?rest_route=\/wp\/v2\/types\/post"}],"author":[{"embeddable":true,"href":"https:\/\/contraluzcucuta.co\/index.php?rest_route=\/wp\/v2\/users\/1"}],"replies":[{"embeddable":true,"href":"https:\/\/contraluzcucuta.co\/index.php?rest_route=%2Fwp%2Fv2%2Fcomments&post=22732"}],"version-history":[{"count":1,"href":"https:\/\/contraluzcucuta.co\/index.php?rest_route=\/wp\/v2\/posts\/22732\/revisions"}],"predecessor-version":[{"id":22734,"href":"https:\/\/contraluzcucuta.co\/index.php?rest_route=\/wp\/v2\/posts\/22732\/revisions\/22734"}],"wp:featuredmedia":[{"embeddable":true,"href":"https:\/\/contraluzcucuta.co\/index.php?rest_route=\/wp\/v2\/media\/22733"}],"wp:attachment":[{"href":"https:\/\/contraluzcucuta.co\/index.php?rest_route=%2Fwp%2Fv2%2Fmedia&parent=22732"}],"wp:term":[{"taxonomy":"category","embeddable":true,"href":"https:\/\/contraluzcucuta.co\/index.php?rest_route=%2Fwp%2Fv2%2Fcategories&post=22732"},{"taxonomy":"post_tag","embeddable":true,"href":"https:\/\/contraluzcucuta.co\/index.php?rest_route=%2Fwp%2Fv2%2Ftags&post=22732"}],"curies":[{"name":"wp","href":"https:\/\/api.w.org\/{rel}","templated":true}]}}