{"id":22722,"date":"2014-10-07T22:22:22","date_gmt":"2014-10-08T03:22:22","guid":{"rendered":"http:\/\/contraluzcucuta.co\/?p=22722"},"modified":"2014-10-09T19:08:53","modified_gmt":"2014-10-10T00:08:53","slug":"habitantes-del-rio-1-cucuta-dos-decadas-sin-vida","status":"publish","type":"post","link":"https:\/\/contraluzcucuta.co\/?p=22722","title":{"rendered":"HABITANTES DEL R\u00cdO (2). C\u00facuta, dos d\u00e9cadas sin vida"},"content":{"rendered":"<p><strong>C\u00daCUTA.-<\/strong> La vida pol\u00edtica de C\u00facuta cambi\u00f3, como en el resto del pa\u00eds, a partir de 1988. En ese a\u00f1o el Gobierno decidi\u00f3 que los alcaldes ser\u00edan elegidos por el pueblo y no designados a dedo por el Gobernador. Las urnas se llenaron de tarjetones en los distintos puestos de votaci\u00f3n y los cucute\u00f1os acudieron a la fiesta con algarab\u00eda y sentimiento democr\u00e1tico. <a href=\"http:\/\/es.wikipedia.org\/wiki\/Anexo:Alcaldes_de_C%C3%BAcuta\">Margarita Silva de Uribe<\/a> (1988-1990) tiene el honor sobre la espalda de haber sido la primera alcaldesa escogida por el pueblo. La siguieron en el Palacio Municipal Jairo Slebi Medina (1990-1992) y Enrique Cuadros Corredor (1992-1994). Jos\u00e9 G\u00e9lvez Albarrac\u00edn tuvo una palomita de tres meses por suspensi\u00f3n de Cuadros.<\/p>\n<p>El exsacerdote Pauselino Camargo (1995-1997) inici\u00f3 el largo transitar de alcaldes por los despachos sin dejar herencia para los habitantes de la calle. Mientras el excura ganaba las elecciones, Fredy comenzaba el triste deambular por el mundo incierto que se vive fuera de un hogar, sin cari\u00f1o, sin m\u00e1s compa\u00f1\u00eda que otros seres en igualdad de condiciones paup\u00e9rrimas para buscarse el sustento cotidiano. Entre la basura y los desperdicios que ponen en los andenes las familias de clases medias y altas deb\u00edan procurarse el alimento, el vestido y el trabajo.<\/p>\n<p>A Pauselino, como confianzudamente lo llamaron los cucute\u00f1os, se lo recuerda por el retiro de las ventas estacionarias del centro de la ciudad. Se ajust\u00f3 la sotana a la cintura y tom\u00f3 la decisi\u00f3n de limpiar las aceras. Retir\u00f3 los cientos de casetas que estorbaban el libre caminar de los peatones. Por fin aparecieron las fachadas de los almacenes y en las vitrinas pudieron verse los modelos de pantalones y camisas ofrecidos en bol\u00edvares. Los mejores compradores ven\u00edan de Venezuela, y a pesar del descenso del poder adquisitivo de la moneda vecina, las registradoras todav\u00eda guardaban los billetes marrones con la imagen de Sim\u00f3n Bol\u00edvar.<\/p>\n<p>Enrique Cuadros, en la administraci\u00f3n anterior, remodel\u00f3 el Palacio Municipal. La condici\u00f3n de arquitecto lo llev\u00f3 a repensar la sede del gobierno local. La estructura se hizo moderna, hubo reacomodo de las oficinas y los pasillos se trasformaron. Hasta para instalar dos ascensores alcanzaron los recursos. Esta edificaci\u00f3n la disfrut\u00f3 Pauselino, de quien se cre\u00eda que por su formaci\u00f3n sacerdotal tendr\u00eda mayor vocaci\u00f3n para trabajar con los menesterosos. No fue as\u00ed. El equipo de trabajo que lo apoy\u00f3 recibi\u00f3 el remoquete de \u2018Gaminete\u2019, porque no convenc\u00eda con las decisiones ni con los programas proyectados. Para los habitantes de la calle no hubo nada.<\/p>\n<p>A\u00f1os m\u00e1s tarde, cuando en la Alcald\u00eda solo quedaba la sombra del paso del hombre aquel que se educ\u00f3 en las aulas de los seminarios, Pauselino fue asesinado mientras aguardaba a su compa\u00f1era para regresar a casa. El hecho ocurri\u00f3 en el Centro Comercial Bol\u00edvar. El crimen qued\u00f3 en el expediente de <a href=\"http:\/\/es.wikipedia.org\/wiki\/Salvatore_Mancuso\">Salvatore Mancuso<\/a> como autor intelectual.<\/p>\n<p>Jos\u00e9 G\u00e9lvez Albarrac\u00edn (1998-1999) cumpli\u00f3 una destacada funci\u00f3n al frente de la Tesorer\u00eda del Municipio. Ese trabajo y la demostraci\u00f3n de honestidad, porque no necesitaba esquilmar al erario cucute\u00f1o, le valieron para aspirar a la Alcald\u00eda coronar el sue\u00f1o de gobernar a la capital del departamento.<\/p>\n<p>Campesino de Cucutilla, municipio cafetero y de vocaci\u00f3n agr\u00edcola, surgi\u00f3 del sector privado con la aureola de buen administrador. El estar al frente del hotel de la familia G\u00e9lvez le signific\u00f3 ganarse la confianza de los electores. En el ejercicio del poder se le atravesaron las tentaciones que aparecen en los despachos oficiales y no termin\u00f3 el mandato.<\/p>\n<p>La separaci\u00f3n del cargo, acusado de cometer irregularidades, llev\u00f3 al tercer piso del Palacio de Gobierno a\u00a0 Alberto Duarte Pacheco (asumi\u00f3 el encargo el 2 de julio de 1999), a Jos\u00e9 Fernando Bautista (encargado del 2 de agosto de 1999 al 14 de noviembre del 2000) y Betty Parada Montes (encargada del 15 al 26 de noviembre de 2000). Cerr\u00f3 el c\u00edrculo de alcaldes encargados Manuel Guillermo Mora (27 de noviembre del 2000), con autorizaci\u00f3n del gobernador Jorge Garc\u00eda-Herreros. Mora gan\u00f3 las elecciones y asumi\u00f3 en propiedad el primero de enero de 2001 hasta el 31 de diciembre de 2003.<\/p>\n<p>A partir del 2004, el per\u00edodo subi\u00f3 de 3 a 4 a\u00f1os de gobierno por reformas a las leyes. Le correspondi\u00f3 en suerte a Ramiro Su\u00e1rez Corzo (2004-2007) estrenar el alargue. No termin\u00f3 el mandato y fue capturado por cargos de parapol\u00edtica, el 24 de junio de 2004. De nuevo se dio el carrusel de encargados. Comenz\u00f3 Jorge Enrique Pinz\u00f3n Due\u00f1as (28 de junio &#8211; 5 de septiembre), lo siguieron Gustavo Villasmil Quintero (6 de septiembre de 2004 &#8211; 4 de marzo de 2005), N\u00e9stor Pacheco (6 &#8211; 12 de septiembre de 2007), Jairo Jaramillo Matiz (13 de septiembre &#8211; primero de noviembre de 2007), Marco Aurelio Pe\u00f1aranda (primero de noviembre &#8211; 3 de diciembre de 2007), Manuel Alberto Luna Romero (4 &#8211; 31 de diciembre de 2007).<\/p>\n<p>Pasada la tormenta, las nuevas elecciones las gan\u00f3 Mar\u00eda Eugenia Riascos (2008- 2011). Por el conocimiento que ten\u00eda de los problemas sociales de la ciudad se pens\u00f3 que podr\u00eda trabajar por los habitantes de la calle. Trascurrieron los a\u00f1os y no hubo pol\u00edtica alguna a favor de esta poblaci\u00f3n desvalida.<\/p>\n<p>Terminan las dos d\u00e9cadas de gobierno municipal con Donamaris Ram\u00edrez, quien asumi\u00f3 el primero de enero de 2012 y estar\u00e1 en el solio de los alcaldes hasta el 31 de diciembre de 2016. \u201cPor aqu\u00ed vino Donamaris y nos prometi\u00f3 casa, pero no nos ha dado nada\u201d, dijo \u2018El Cale\u00f1o\u2019 y pone como testigo a su mujer Alejandra, habitantes en un ranchejo debajo del puente El\u00edas M. Soto.<\/p>\n<p><strong>PARTE \u2013 3. Los nuevos \u2018pancheros\u2019 son de playa seca<\/strong><\/p>\n<p><strong>RAFAEL ANTONIO PAB\u00d3N<\/strong><\/p>\n<p><strong><a href=\"mailto:rafaelpabon58@hotmail.com\">rafaelpabon58@hotmail.com<\/a><\/strong><\/p>\n<p><strong>\u00a0Foto: www.contraluzcucuta.co<\/strong><\/p>\n<p>&nbsp; <\/p>\n","protected":false},"excerpt":{"rendered":"<p>C\u00daCUTA.- La vida pol\u00edtica de C\u00facuta cambi\u00f3, como en el resto del pa\u00eds, a partir de 1988. En ese a\u00f1o el Gobierno decidi\u00f3 que los alcaldes ser\u00edan elegidos por el pueblo y no designados a dedo por el Gobernador. Las urnas se llenaron de tarjetones en los distintos puestos de votaci\u00f3n y los cucute\u00f1os acudieron &hellip;<\/p>\n","protected":false},"author":1,"featured_media":22723,"comment_status":"open","ping_status":"open","sticky":false,"template":"","format":"standard","meta":{"footnotes":""},"categories":[10,45],"tags":[314,1746,40],"class_list":["post-22722","post","type-post","status-publish","format-standard","has-post-thumbnail","hentry","category-cronicas","category-destacado","tag-habitantes-de-la-calle","tag-habitantes-del-rio","tag-rio-pamplonita"],"_links":{"self":[{"href":"https:\/\/contraluzcucuta.co\/index.php?rest_route=\/wp\/v2\/posts\/22722","targetHints":{"allow":["GET"]}}],"collection":[{"href":"https:\/\/contraluzcucuta.co\/index.php?rest_route=\/wp\/v2\/posts"}],"about":[{"href":"https:\/\/contraluzcucuta.co\/index.php?rest_route=\/wp\/v2\/types\/post"}],"author":[{"embeddable":true,"href":"https:\/\/contraluzcucuta.co\/index.php?rest_route=\/wp\/v2\/users\/1"}],"replies":[{"embeddable":true,"href":"https:\/\/contraluzcucuta.co\/index.php?rest_route=%2Fwp%2Fv2%2Fcomments&post=22722"}],"version-history":[{"count":2,"href":"https:\/\/contraluzcucuta.co\/index.php?rest_route=\/wp\/v2\/posts\/22722\/revisions"}],"predecessor-version":[{"id":22725,"href":"https:\/\/contraluzcucuta.co\/index.php?rest_route=\/wp\/v2\/posts\/22722\/revisions\/22725"}],"wp:featuredmedia":[{"embeddable":true,"href":"https:\/\/contraluzcucuta.co\/index.php?rest_route=\/wp\/v2\/media\/22723"}],"wp:attachment":[{"href":"https:\/\/contraluzcucuta.co\/index.php?rest_route=%2Fwp%2Fv2%2Fmedia&parent=22722"}],"wp:term":[{"taxonomy":"category","embeddable":true,"href":"https:\/\/contraluzcucuta.co\/index.php?rest_route=%2Fwp%2Fv2%2Fcategories&post=22722"},{"taxonomy":"post_tag","embeddable":true,"href":"https:\/\/contraluzcucuta.co\/index.php?rest_route=%2Fwp%2Fv2%2Ftags&post=22722"}],"curies":[{"name":"wp","href":"https:\/\/api.w.org\/{rel}","templated":true}]}}