{"id":22719,"date":"2014-10-07T22:10:24","date_gmt":"2014-10-08T03:10:24","guid":{"rendered":"http:\/\/contraluzcucuta.co\/?p=22719"},"modified":"2014-10-09T18:37:10","modified_gmt":"2014-10-09T23:37:10","slug":"expogestion-frontera-foro-oportuno-y-necesario-para-la-region","status":"publish","type":"post","link":"https:\/\/contraluzcucuta.co\/?p=22719","title":{"rendered":"EXPOGESTI\u00d3N FRONTERA. Foro oportuno y necesario para la regi\u00f3n"},"content":{"rendered":"<p><strong>C\u00daCUTA.-<\/strong> Expogesti\u00f3n Frontera, \u2018Generamos Prosperidad Regional\u2019, se cumplir\u00e1 en C\u00facuta en la primera semana de noviembre. El encuentro, calificado como oportuno, pertinente y necesario para esta zona del pa\u00eds, tendr\u00e1 como sede el Centro Cristiano Los Pinos de C\u00facuta. En la actividad se esperan entre 1300 y 1500 participantes.<\/p>\n<p>El proceso colectivo regional para la generaci\u00f3n de l\u00edneas de acci\u00f3n y estrategias permitir\u00e1 el desarrollo econ\u00f3mico empresarial y social mediante el di\u00e1logo con actores relevantes de la regi\u00f3n y \u00a0expertos nacionales e internacionales. En dos d\u00edas se hablar\u00e1 sobre la generaci\u00f3n de una agenda concreta que permita los cambios esperados.<\/p>\n<p>Entre los asuntos que tratar\u00e1n el experto en liderazgo Ronald Heifetz y el economista Xavier Sala I. Mart\u00edn destacan:<\/p>\n<p>1.- La competitividad y el desarrollo empresarial<\/p>\n<p>2.- El emprendimiento innovador<\/p>\n<p>3.- Los retos de liderazgo en la frontera<\/p>\n<p>4.- La gesti\u00f3n p\u00fablica y de desarrollo.<\/p>\n<p>Ayer, en la socializaci\u00f3n con los medios de comunicaci\u00f3n, los responsables de la puesta en marcha de Expogesti\u00f3n Frontera, dejaron las siguientes impresiones:<\/p>\n<p>1.- Martha Pinto de De Hart. Directora en Oriente del Centro de Liderazgo y Gesti\u00f3n.<\/p>\n<p>Expogesti\u00f3n es una plataforma de di\u00e1logo entre l\u00edderes de los sectores p\u00fablico y privado, y los actores relevantes para la zona de frontera. Desde un profundo an\u00e1lisis de los temas prioritarios para la regi\u00f3n se formular\u00e1n y articular\u00e1n acciones estrat\u00e9gicas con las que se busca impulsar el desarrollo econ\u00f3mico, social y empresarial.<\/p>\n<p>2.- Jos\u00e9 Miguel Gonz\u00e1lez. Presidente ejecutivo de la <a href=\"http:\/\/www.cccucuta.org.co\/noticias-7-m\/505-se-realizo-lanzamiento-de-evento%3A-expogestion-frontera.htm\">C\u00e1mara de Comercio de C\u00facuta<\/a><\/p>\n<p>Previo al Foro se iniciar\u00e1n las mesas de trabajo como preparaci\u00f3n. Los actores identificar\u00e1n los desaf\u00edos y los puntos de convergencia que servir\u00e1n de insumo para que los expositores conozcan la situaci\u00f3n que viven los habitantes de la zona de frontera colombo-venezolana.<\/p>\n<p>3.- Gregorio Angarita. Secretario General de la Gobernaci\u00f3n<\/p>\n<p>Invito a los nortesantandereanos a aprovechar las recomendaciones de las conferencias internacionales para buscar y crear las acciones pertinentes para solventar la crisis financiera en la que se encuentra el Departamento desde hace varios a\u00f1os.<\/p>\n<p>Tambi\u00e9n asistieron, Maria Eugenia Navarro, alcaldesa (e) de C\u00facuta, y Carlos Luna, presidente de la junta directiva de la C\u00e1mara de Comercio de C\u00facuta.<\/p>\n<p><strong>Foto: C\u00e1mara de Comercio de C\u00facuta<\/strong> <\/p>\n","protected":false},"excerpt":{"rendered":"<p>C\u00daCUTA.- Expogesti\u00f3n Frontera, \u2018Generamos Prosperidad Regional\u2019, se cumplir\u00e1 en C\u00facuta en la primera semana de noviembre. El encuentro, calificado como oportuno, pertinente y necesario para esta zona del pa\u00eds, tendr\u00e1 como sede el Centro Cristiano Los Pinos de C\u00facuta. En la actividad se esperan entre 1300 y 1500 participantes. El proceso colectivo regional para la &hellip;<\/p>\n","protected":false},"author":1,"featured_media":22720,"comment_status":"open","ping_status":"open","sticky":false,"template":"","format":"standard","meta":{"footnotes":""},"categories":[556,6],"tags":[375,1744,1745],"class_list":["post-22719","post","type-post","status-publish","format-standard","has-post-thumbnail","hentry","category-departamento","category-ojo-avizor","tag-camara-de-comercio-de-cucuta","tag-expogestion-frontera","tag-marta-pinto-de-de-hart"],"_links":{"self":[{"href":"https:\/\/contraluzcucuta.co\/index.php?rest_route=\/wp\/v2\/posts\/22719","targetHints":{"allow":["GET"]}}],"collection":[{"href":"https:\/\/contraluzcucuta.co\/index.php?rest_route=\/wp\/v2\/posts"}],"about":[{"href":"https:\/\/contraluzcucuta.co\/index.php?rest_route=\/wp\/v2\/types\/post"}],"author":[{"embeddable":true,"href":"https:\/\/contraluzcucuta.co\/index.php?rest_route=\/wp\/v2\/users\/1"}],"replies":[{"embeddable":true,"href":"https:\/\/contraluzcucuta.co\/index.php?rest_route=%2Fwp%2Fv2%2Fcomments&post=22719"}],"version-history":[{"count":1,"href":"https:\/\/contraluzcucuta.co\/index.php?rest_route=\/wp\/v2\/posts\/22719\/revisions"}],"predecessor-version":[{"id":22721,"href":"https:\/\/contraluzcucuta.co\/index.php?rest_route=\/wp\/v2\/posts\/22719\/revisions\/22721"}],"wp:featuredmedia":[{"embeddable":true,"href":"https:\/\/contraluzcucuta.co\/index.php?rest_route=\/wp\/v2\/media\/22720"}],"wp:attachment":[{"href":"https:\/\/contraluzcucuta.co\/index.php?rest_route=%2Fwp%2Fv2%2Fmedia&parent=22719"}],"wp:term":[{"taxonomy":"category","embeddable":true,"href":"https:\/\/contraluzcucuta.co\/index.php?rest_route=%2Fwp%2Fv2%2Fcategories&post=22719"},{"taxonomy":"post_tag","embeddable":true,"href":"https:\/\/contraluzcucuta.co\/index.php?rest_route=%2Fwp%2Fv2%2Ftags&post=22719"}],"curies":[{"name":"wp","href":"https:\/\/api.w.org\/{rel}","templated":true}]}}