{"id":22716,"date":"2014-10-07T21:00:27","date_gmt":"2014-10-08T02:00:27","guid":{"rendered":"http:\/\/contraluzcucuta.co\/?p=22716"},"modified":"2014-10-07T21:00:27","modified_gmt":"2014-10-08T02:00:27","slug":"8-de-octubre-segundo-dia-sin-carro-y-sin-moto","status":"publish","type":"post","link":"https:\/\/contraluzcucuta.co\/?p=22716","title":{"rendered":"8 DE OCTUBRE. Segundo D\u00eda sin Carro y sin Moto"},"content":{"rendered":"<p><strong>C\u00daCUTA.-<\/strong> El segundo D\u00eda sin Carro y sin moto del a\u00f1o se cumplir\u00e1 este 8 de octubre. Ser\u00e1 una jornada medio ambiental y de movilidad, y servir\u00e1 para la medici\u00f3n de gases que producen los veh\u00edculos en C\u00facuta.<\/p>\n<p>La finalidad es:<\/p>\n<p>1.- Disminuir los niveles de contaminaci\u00f3n producida por ruido<\/p>\n<p>2.- Reducir los \u00edndices de accidentalidad vial<\/p>\n<p>3.- Contribuir con el mejoramiento de la circulaci\u00f3n del trasporte p\u00fablico.<\/p>\n<p>La restricci\u00f3n comenzar\u00e1 a las 8:00 de la ma\u00f1ana y se extender\u00e1 hasta las 4:00 de la tarde. En ese tiempo saldr\u00e1n de las calles 120.000 carros y motos.<\/p>\n<p>Los automotores autorizados para transitar son los de trasporte de valores, empresas de mensajer\u00eda, taxi, busetas y colectivos, carros f\u00fanebres, los que demuestren la necesidad de movilizar a discapacitados y los demarcados y uniformes como trasporte de mercanc\u00eda, medios de comunicaci\u00f3n, fuerzas militares, Polic\u00eda, cuerpos oficiales armados, CTI, Inpec, Sijin, agentes de Tr\u00e1nsito, veh\u00edculos particulares donde se movilicen magistrados, jueces, procuradores y fiscales debidamente identificados, carros escoltas de los \u00f3rdenes municipal, departamental y nacional.<\/p>\n<p>Los conductores que infrinjan la norma ser\u00e1n sancionados con el comparendo. Ser\u00e1n $ 308.000 de multa, m\u00e1s la inmovilizaci\u00f3n del veh\u00edculo y el pago del traslado al parqueadero. La multa total aproximada ser\u00e1 de $ 600.000.<\/p>\n<p>Ser\u00e1 un d\u00eda cultural y festivo. Habr\u00e1 acompa\u00f1amiento universitario en las v\u00edas, de 8:00 de la ma\u00f1ana a 4:00 de la tarde. Se han ubicado seis puntos especiales donde se puede conseguir mantenimiento y reparaci\u00f3n de bicicletas; atenci\u00f3n m\u00e9dica; lectura y t\u00edteres; bailoterapias y h\u00e1bitos y estilo de vida saludable, y mensajes para respetar las normas de Tr\u00e1nsito.<\/p>\n<p>Los puntos estar\u00e1n en<\/p>\n<p>1.- Glorieta del \u00c9xito<\/p>\n<p>2.- Centro comercial Ventura Plaza<\/p>\n<p>Parque Santander<\/p>\n<p>4.- Glorieta de la Terminal<\/p>\n<p>5.- Estadio Centenario<\/p>\n<p>6.- Centro comercial Unicentro<\/p>\n<p>Cada punto estar\u00e1 acompa\u00f1ado por personal que tiene que ver con la movilidad y el respeto por el medio ambiente. En un mapa de convenciones los cucute\u00f1os conocer\u00e1n donde est\u00e1n los sitios de hidrataci\u00f3n, los recorridos gratis en chivas, las calles peatonalizadas, el ciclo paseo y las v\u00edas de acceso habilitadas para desplazarse sin inconveniente a su lugar de trabajo.<\/p>\n<p>Terminado el horario establecido, a las 4:00 de la tarde, se dar\u00e1 inicio al ciclo paseo, que partir\u00e1 de la Plaza de Banderas y terminar\u00e1 en Unicentro. El recorrido comprender\u00e1 la avenida 3, la calle 2, la avenida 0, la calle 10, la avenida 6, la calle 11, la Avenida 0, la Libertadores y el Patinadero, donde habr\u00e1 un acto cultural.<\/p>\n<p>Los ciclopaseos gratis tendr\u00e1n los siguientes recorridos:<\/p>\n<p>1.- Parte de Antonia Santos, pasa por el Ventura y llega a San Mateo.<\/p>\n<p>2.- Saldr\u00e1 de Bel\u00e9n pasa por la Glorieta del Cementerio y termina en la calle 11.<\/p>\n<p>3.- Parte de El Escobal, pasar\u00e1 por \u00c9xito y el centro comercial Ventura Plaza<\/p>\n<p>4.- Saldr\u00e1 del Aeropuerto pasa por el centro comercial Unicentro hacia el Ventura.<\/p>\n<p>Foto: www.contraluzcucuta.co<\/p>\n<p>&nbsp; <\/p>\n","protected":false},"excerpt":{"rendered":"<p>C\u00daCUTA.- El segundo D\u00eda sin Carro y sin moto del a\u00f1o se cumplir\u00e1 este 8 de octubre. Ser\u00e1 una jornada medio ambiental y de movilidad, y servir\u00e1 para la medici\u00f3n de gases que producen los veh\u00edculos en C\u00facuta. La finalidad es: 1.- Disminuir los niveles de contaminaci\u00f3n producida por ruido 2.- Reducir los \u00edndices de &hellip;<\/p>\n","protected":false},"author":1,"featured_media":22717,"comment_status":"open","ping_status":"open","sticky":false,"template":"","format":"standard","meta":{"footnotes":""},"categories":[541,4],"tags":[1743],"class_list":["post-22716","post","type-post","status-publish","format-standard","has-post-thumbnail","hentry","category-ciudad","category-barra","tag-dia-sin-carro-y-sin-moto"],"_links":{"self":[{"href":"https:\/\/contraluzcucuta.co\/index.php?rest_route=\/wp\/v2\/posts\/22716","targetHints":{"allow":["GET"]}}],"collection":[{"href":"https:\/\/contraluzcucuta.co\/index.php?rest_route=\/wp\/v2\/posts"}],"about":[{"href":"https:\/\/contraluzcucuta.co\/index.php?rest_route=\/wp\/v2\/types\/post"}],"author":[{"embeddable":true,"href":"https:\/\/contraluzcucuta.co\/index.php?rest_route=\/wp\/v2\/users\/1"}],"replies":[{"embeddable":true,"href":"https:\/\/contraluzcucuta.co\/index.php?rest_route=%2Fwp%2Fv2%2Fcomments&post=22716"}],"version-history":[{"count":1,"href":"https:\/\/contraluzcucuta.co\/index.php?rest_route=\/wp\/v2\/posts\/22716\/revisions"}],"predecessor-version":[{"id":22718,"href":"https:\/\/contraluzcucuta.co\/index.php?rest_route=\/wp\/v2\/posts\/22716\/revisions\/22718"}],"wp:featuredmedia":[{"embeddable":true,"href":"https:\/\/contraluzcucuta.co\/index.php?rest_route=\/wp\/v2\/media\/22717"}],"wp:attachment":[{"href":"https:\/\/contraluzcucuta.co\/index.php?rest_route=%2Fwp%2Fv2%2Fmedia&parent=22716"}],"wp:term":[{"taxonomy":"category","embeddable":true,"href":"https:\/\/contraluzcucuta.co\/index.php?rest_route=%2Fwp%2Fv2%2Fcategories&post=22716"},{"taxonomy":"post_tag","embeddable":true,"href":"https:\/\/contraluzcucuta.co\/index.php?rest_route=%2Fwp%2Fv2%2Ftags&post=22716"}],"curies":[{"name":"wp","href":"https:\/\/api.w.org\/{rel}","templated":true}]}}