{"id":22712,"date":"2014-10-07T19:42:16","date_gmt":"2014-10-08T00:42:16","guid":{"rendered":"http:\/\/contraluzcucuta.co\/?p=22712"},"modified":"2014-10-09T15:54:09","modified_gmt":"2014-10-09T20:54:09","slug":"analisis-el-futuro-del-campo-colombiano","status":"publish","type":"post","link":"https:\/\/contraluzcucuta.co\/?p=22712","title":{"rendered":"AN\u00c1LISIS. El futuro del campo colombiano"},"content":{"rendered":"<p>En buena hora convoc\u00f3 la emblem\u00e1tica Sociedad Econ\u00f3mica de Amigos del Pa\u00eds (Seap), bajo la conducci\u00f3n del presidente honorario y senador de la Rep\u00fablica Horacio Serpa, al foro \u2018El futuro del campo\u201d y que cont\u00f3 como panelistas, entre otros, con Rudolf Hommes, ministro de Hacienda en el gobierno de C\u00e9sar Gaviria; Ana Mar\u00eda Ib\u00e1\u00f1ez, decana de Econom\u00eda de la Universidad de los Andes; Ricardo \u00c1lvarez, del Observatorio de Restituci\u00f3n de Tierras de la Universidad del\u00a0 Rosario, y \u00c1lvaro Godoy Su\u00e1rez,\u00a0 catedr\u00e1tico.<\/p>\n<p>Fue interesante escuchar de Carlos Villamil Chaux, ex gerente general\u00a0 del Incora (1969), decir que lo que se est\u00e1 pactando hoy en los di\u00e1logos de La Habana fue lo que trat\u00f3 de hacer en su tiempo el presidente Carlos Lleras Restrepo (1966-1970), cuando con verdadera voluntad\u00a0 pol\u00edtica impuls\u00f3\u00a0 el programa de Reforma Agraria, antes de que la fuerza de los terratenientes\u00a0 la hundiera en el famoso pacto de Chicoral, que puso fin, en muy mal\u00a0 momento, a estos esfuerzos reformistas.<\/p>\n<p>Rudolf Hommes, analista econ\u00f3mico y ex ministro de Hacienda expres\u00f3, que es hora de resarcir al sector rural y a los campesinos de Colombia por el abandono, la violencia y la exclusi\u00f3n\u00a0 en los que el establecimiento los ha mantenido. Estamos demorados en cubrir la deuda social que tenemos con ellos. Lo que se hace ahora en los di\u00e1logos con la insurgencia, debimos haberlo hecho en 1955. No solo es tierra lo que se les debe entregar a los campesinos, que si bien\u00a0 mejorar\u00eda los efectos redistributivos del campo, es adem\u00e1s urgente, contribuir a la productividad y para ello solicit\u00f3 un paquete de acciones que debe incluir educaci\u00f3n,\u00a0 cr\u00e9ditos,\u00a0\u00a0 asistencia t\u00e9cnica,\u00a0 salud, comercializaci\u00f3n y trasporte, todo esto en el contexto de una estructurada Reforma Agraria.<\/p>\n<p>Plante\u00f3, adem\u00e1s, que si la sociedad colombiana no es capaz de superar el sistema clientelista existente, el que es corrupto desde la base y construir una democracia participativa y participante, en la que las decisiones en el campo se tomen con criterios y base comunitaria, no nos va a ser posible superar las graves carencias de exclusi\u00f3n y miseria que son arrastradas por la sociedad colombiana desde los siglos pasados.<\/p>\n<p>Ana Mar\u00eda Ib\u00e1\u00f1ez expres\u00f3 preocupaci\u00f3n por la tendencia marcada a la alta concentraci\u00f3n de la tierra. El uno por ciento de la poblaci\u00f3n es poseedora\u00a0 del 40 % del total de las hect\u00e1reas y el 2,0 %\u00a0 lo es\u00a0 del 80 % del total\u00a0 de hect\u00e1reas cultivables en el pa\u00eds. Esta\u00a0 concentraci\u00f3n es mayor en los valles de los grandes r\u00edos y\u00a0 en las tres cordilleras. La informalidad en que se encuentran los derechos de propiedad rural,\u00a0 ha facilitado el despojo de tierras por\u00a0 las bandas criminales, de las cuales\u00a0 2,1 millones de hect\u00e1reas no se podr\u00e1n recuperar. Adem\u00e1s, 21 millones de hect\u00e1reas\u00a0 est\u00e1n mal usadas en Colombia y\u00a0 7,3 millones de hect\u00e1reas aptas para la agricultura no son cultivadas ni explotadas. Fue taxativa y clara al decir que dar solo tierra a los campesinos no los sacar\u00e1 de la pobreza.<\/p>\n<p>Es necesario un esfuerzo integral que incluya todos los factores que inciden en el econ\u00f3mico, t\u00e9cnico, cultural, pol\u00edtico y social. Es preocupante el grado de desnutrici\u00f3n que presentan los ni\u00f1os campesinos en zonas rurales de franca\u00a0 miseria. Se refiri\u00f3 a un estudio de la Universidad de\u00a0 los Andes, en el que los ni\u00f1os rurales est\u00e1n por debajo en habilidades cognitivas en relaci\u00f3n con los ni\u00f1os urbanos.<\/p>\n<p>Al terminar el foro me asaltaron dos recuerdos: Uno,\u00a0 el\u00a0 de\u00a0 Hans Blumenthal, ex director de Fescol, quien al dejar su cargo dijo que para Colombia es urgente hacer\u00a0 la Reforma Agraria, que debi\u00f3 haberla hecho d\u00e9cadas\u00a0 atr\u00e1s. El otro es\u00a0 el del soci\u00f3logo y capell\u00e1n de la Universidad Nacional de Colombia, Camilo Torres Restrepo, quien desde el Frente Unido, su movimiento pol\u00edtico, pidi\u00f3 hace 48 a\u00f1os una Reforma Agraria Integral, prop\u00f3sito que se est\u00e1 logrando hoy en los di\u00e1logos de La Habana.<\/p>\n<p>Es nuestra esperanza que una vez dise\u00f1ada y estructurada la so\u00f1ada y anhelada Reforma Agraria, la institucionalidad del pa\u00eds, con apoyo de\u00a0 la sociedad\u00a0 colombiana, se haga presente con la vocaci\u00f3n y la fuerza necesarias para lograr la implementaci\u00f3n en todos los \u00e1mbitos que demanda y de este modo ver un d\u00eda el campo en paz, el agro en un proceso claro y seguro de crecimiento y desarrollo, que les permita a los campesinos con gusto, alegr\u00eda y tranquilidad entregar los mejores esfuerzos a \u2018sembrar\u2019 agua, proteger la frontera agr\u00edcola para la conservaci\u00f3n de los bosques que nos purificar\u00e1 el aire\u00a0 y a la construcci\u00f3n de la despensa de alimentos que requieren los centros urbanos.<\/p>\n<p><strong>ALONSO OJEDA AWAD.<\/strong><\/p>\n<p><strong>Ex Embajador de Colombia<\/strong><\/p>\n<p><strong>Director Programa Paz de la Universidad Pedag\u00f3gica Nacional<\/strong><\/p>\n<p>Foto: www.contraluzcucuta.co<\/p>\n<p>&nbsp; <\/p>\n","protected":false},"excerpt":{"rendered":"<p>En buena hora convoc\u00f3 la emblem\u00e1tica Sociedad Econ\u00f3mica de Amigos del Pa\u00eds (Seap), bajo la conducci\u00f3n del presidente honorario y senador de la Rep\u00fablica Horacio Serpa, al foro \u2018El futuro del campo\u201d y que cont\u00f3 como panelistas, entre otros, con Rudolf Hommes, ministro de Hacienda en el gobierno de C\u00e9sar Gaviria; Ana Mar\u00eda Ib\u00e1\u00f1ez, decana &hellip;<\/p>\n","protected":false},"author":1,"featured_media":22713,"comment_status":"open","ping_status":"open","sticky":false,"template":"","format":"standard","meta":{"footnotes":""},"categories":[14,6],"tags":[1004,1742],"class_list":["post-22712","post","type-post","status-publish","format-standard","has-post-thumbnail","hentry","category-articulistas","category-ojo-avizor","tag-alonso-ojeda-awad","tag-el-futuro-del-campo-colombiano"],"_links":{"self":[{"href":"https:\/\/contraluzcucuta.co\/index.php?rest_route=\/wp\/v2\/posts\/22712","targetHints":{"allow":["GET"]}}],"collection":[{"href":"https:\/\/contraluzcucuta.co\/index.php?rest_route=\/wp\/v2\/posts"}],"about":[{"href":"https:\/\/contraluzcucuta.co\/index.php?rest_route=\/wp\/v2\/types\/post"}],"author":[{"embeddable":true,"href":"https:\/\/contraluzcucuta.co\/index.php?rest_route=\/wp\/v2\/users\/1"}],"replies":[{"embeddable":true,"href":"https:\/\/contraluzcucuta.co\/index.php?rest_route=%2Fwp%2Fv2%2Fcomments&post=22712"}],"version-history":[{"count":1,"href":"https:\/\/contraluzcucuta.co\/index.php?rest_route=\/wp\/v2\/posts\/22712\/revisions"}],"predecessor-version":[{"id":22714,"href":"https:\/\/contraluzcucuta.co\/index.php?rest_route=\/wp\/v2\/posts\/22712\/revisions\/22714"}],"wp:featuredmedia":[{"embeddable":true,"href":"https:\/\/contraluzcucuta.co\/index.php?rest_route=\/wp\/v2\/media\/22713"}],"wp:attachment":[{"href":"https:\/\/contraluzcucuta.co\/index.php?rest_route=%2Fwp%2Fv2%2Fmedia&parent=22712"}],"wp:term":[{"taxonomy":"category","embeddable":true,"href":"https:\/\/contraluzcucuta.co\/index.php?rest_route=%2Fwp%2Fv2%2Fcategories&post=22712"},{"taxonomy":"post_tag","embeddable":true,"href":"https:\/\/contraluzcucuta.co\/index.php?rest_route=%2Fwp%2Fv2%2Ftags&post=22712"}],"curies":[{"name":"wp","href":"https:\/\/api.w.org\/{rel}","templated":true}]}}