{"id":22709,"date":"2014-10-07T18:18:06","date_gmt":"2014-10-07T23:18:06","guid":{"rendered":"http:\/\/contraluzcucuta.co\/?p=22709"},"modified":"2014-10-09T15:03:13","modified_gmt":"2014-10-09T20:03:13","slug":"puente-tienditas-cambian-trazado-original-del-sendero-peatonal","status":"publish","type":"post","link":"https:\/\/contraluzcucuta.co\/?p=22709","title":{"rendered":"PUENTE \u00a0&#8216;TIENDITAS&#8217;. Cambian trazado original del sendero peatonal"},"content":{"rendered":"<p><strong>C\u00daCUTA.-<\/strong> La construcci\u00f3n del puente internacional \u2018Tienditas\u2019, con el que se agilizar\u00e1 el paso de mercanc\u00edas y de pasajeros entre Colombia y Venezuela, tendr\u00e1 una variaci\u00f3n en el dise\u00f1o original. El sendero peatonal no se har\u00e1 por el medio de las calzadas, sino por los costados.<\/p>\n<p>En un principio se ten\u00eda contemplado que los transe\u00fantes llegaran al respectivo Centro Nacional de Atenci\u00f3n en Frontera (Cenaf) y de ah\u00ed pasaran a las oficinas aduaneras, migratorias, de sanidad animal y vegetal, salubridad y seguridad.<\/p>\n<p>\u201cEste dise\u00f1o cambi\u00f3 y la circulaci\u00f3n peatonal no ser\u00e1 por el centro, sino por los costados\u201d, explic\u00f3 Mario Villamizar, veedor comunitario fronterizo, luego de visitar la obra. De la decisi\u00f3n qued\u00f3 entera la ministra de Trasporte, Natalia Abello, quien podr\u00eda estar en C\u00facuta el 10 de octubre.<\/p>\n<p>El\u00a0 corredor binacional\u00a0 Tienditas (Ure\u00f1a-Venezuela)-r\u00edo T\u00e1chira (frontera) -Villa Silvania (Colombia)\u2019 avanza\u00a0 en la construcci\u00f3n de la estructura del puente. Las v\u00edas de acceso han recibido una base que permite el tr\u00e1nsito de veh\u00edculos y maquinaria del\u00a0 consorcio encargado de los trabajos\u00a0 Pilperca-Conconcreto.<\/p>\n<p>La Ministra vendr\u00eda acompa\u00f1ada por el equipo de\u00a0 directores de las entidades adscritas Inv\u00edas, ANI y Aerocivil\u00a0 para dialogar con las autoridades locales y la dirigencia nortesantandereana sobre\u00a0 la acci\u00f3n del Ministerio.<\/p>\n<p>Villamizar Su\u00e1rez manifest\u00f3 que la visita de Natalia Abello debe ser aprovechada para exponer los proyectos, en especial los de la prosperidad\u00a0 fronteriza.<\/p>\n<p>En el informe presentado en Bogot\u00e1\u00a0 se aprecian varios aspectos:<\/p>\n<p>1.- En el costado venezolano termin\u00f3 la operaci\u00f3n de pilotaje<\/p>\n<p>2.- Concluye la construcci\u00f3n de las zapatas para los pilares principales. Son seis zapatas de 12 metros por 8 metros\u00a0 con una superficie de\u00a0 96 metros cuadrados, cada una.<\/p>\n<p>3.- Del\u00a0 lado colombiano se avanzando en el pilotaje, para proceder a la construcci\u00f3n de las zapatas\u00a0 de los pilares o grandes columnas\u00a0 sobre los que descansar\u00e1\u00a0 la luz principal o central de 140 metros lineales, y a cada lado el puente, la luz de\u00a0 acceso\u00a0 de 100 metros.<\/p>\n<p>El\u00a0 nuevo paso entre\u00a0 las dos naciones permite apreciar apreciar en las vistas satelitales y en la visualizaci\u00f3n directa que los municipios fronterizos venezolanos Ure\u00f1a y San Antonio, y los colombianos Villa del Rosario, C\u00facuta y Los Patios conforman el \u00c1rea Metropolitana Binacional, que en forma coordinada y arm\u00f3nica podr\u00e1n planificar el futuro hacia el progreso, dentro de\u00a0 la soberan\u00eda y las pol\u00edticas de cada pa\u00eds.<\/p>\n<p>Mario Villamizar, promotor del nuevo paso de frontera, destac\u00f3 la necesidad de proyectos complementarios para la plena, \u00f3ptima y \u00e1gil operaci\u00f3n del puente \u2018Tienditas\u2019:<\/p>\n<p>1.- El Malec\u00f3n del T\u00e1chira. Elemento necesario para la conservaci\u00f3n ecol\u00f3gica del r\u00edo y como sitio o paseo recreacional y tur\u00edstico,\u00a0 que mejorar\u00e1\u00a0 la vigilancia y la seguridad en la frontera.<\/p>\n<p>2.- La Plataforma Log\u00edstica Fronteriza o \u2018Puerto Terrestre\u2019. El \u00c1rea Metropolitana cumplir\u00e1 la funci\u00f3n con calidad y eficiencia, porque se carece de la infraestructura vial y portuaria\u00a0 fronteriza.<\/p>\n<p>&nbsp; <\/p>\n","protected":false},"excerpt":{"rendered":"<p>C\u00daCUTA.- La construcci\u00f3n del puente internacional \u2018Tienditas\u2019, con el que se agilizar\u00e1 el paso de mercanc\u00edas y de pasajeros entre Colombia y Venezuela, tendr\u00e1 una variaci\u00f3n en el dise\u00f1o original. El sendero peatonal no se har\u00e1 por el medio de las calzadas, sino por los costados. En un principio se ten\u00eda contemplado que los transe\u00fantes &hellip;<\/p>\n","protected":false},"author":1,"featured_media":22710,"comment_status":"open","ping_status":"open","sticky":false,"template":"","format":"standard","meta":{"footnotes":""},"categories":[556,32],"tags":[1739,1740,1741,1096],"class_list":["post-22709","post","type-post","status-publish","format-standard","has-post-thumbnail","hentry","category-departamento","category-recorrido-por-la-region","tag-mario-villamizar-suarez","tag-ministra-de-trasporte","tag-natalia-abello","tag-puente-tienditas"],"_links":{"self":[{"href":"https:\/\/contraluzcucuta.co\/index.php?rest_route=\/wp\/v2\/posts\/22709","targetHints":{"allow":["GET"]}}],"collection":[{"href":"https:\/\/contraluzcucuta.co\/index.php?rest_route=\/wp\/v2\/posts"}],"about":[{"href":"https:\/\/contraluzcucuta.co\/index.php?rest_route=\/wp\/v2\/types\/post"}],"author":[{"embeddable":true,"href":"https:\/\/contraluzcucuta.co\/index.php?rest_route=\/wp\/v2\/users\/1"}],"replies":[{"embeddable":true,"href":"https:\/\/contraluzcucuta.co\/index.php?rest_route=%2Fwp%2Fv2%2Fcomments&post=22709"}],"version-history":[{"count":1,"href":"https:\/\/contraluzcucuta.co\/index.php?rest_route=\/wp\/v2\/posts\/22709\/revisions"}],"predecessor-version":[{"id":22711,"href":"https:\/\/contraluzcucuta.co\/index.php?rest_route=\/wp\/v2\/posts\/22709\/revisions\/22711"}],"wp:featuredmedia":[{"embeddable":true,"href":"https:\/\/contraluzcucuta.co\/index.php?rest_route=\/wp\/v2\/media\/22710"}],"wp:attachment":[{"href":"https:\/\/contraluzcucuta.co\/index.php?rest_route=%2Fwp%2Fv2%2Fmedia&parent=22709"}],"wp:term":[{"taxonomy":"category","embeddable":true,"href":"https:\/\/contraluzcucuta.co\/index.php?rest_route=%2Fwp%2Fv2%2Fcategories&post=22709"},{"taxonomy":"post_tag","embeddable":true,"href":"https:\/\/contraluzcucuta.co\/index.php?rest_route=%2Fwp%2Fv2%2Ftags&post=22709"}],"curies":[{"name":"wp","href":"https:\/\/api.w.org\/{rel}","templated":true}]}}