{"id":22693,"date":"2014-10-06T18:49:31","date_gmt":"2014-10-06T23:49:31","guid":{"rendered":"http:\/\/contraluzcucuta.co\/?p=22693"},"modified":"2014-10-07T19:51:42","modified_gmt":"2014-10-08T00:51:42","slug":"alcaldables-no-me-meti-a-la-politica-para-llenarme-de-plata-victor-suarez","status":"publish","type":"post","link":"https:\/\/contraluzcucuta.co\/?p=22693","title":{"rendered":"ALCALDABLES. \u201cNo me \u00a0met\u00ed a la pol\u00edtica para\u00a0 llenarme de plata\u201d. V\u00cdCTOR SU\u00c1REZ"},"content":{"rendered":"<p><strong>C\u00daCUTA.-<\/strong> En el barrio San Luis, un lugar tradicional de C\u00facuta, naci\u00f3 el 27 de julio de 1974 <a href=\"http:\/\/issuu.com\/contraluzcucuta\/docs\/publicaci__n2alcaldables2014student\/1\">V\u00edctor Fidel Su\u00e1rez Vergel<\/a>. Desde la universidad se lig\u00f3 al\u00a0 Partido Conservador Colombiano, es asesor de la administraci\u00f3n municipal en temas financieros. Cuida de su imagen como de su familia.<\/p>\n<p>En 1997, rechaz\u00f3 la propuesta del ministro\u00a0 de educaci\u00f3n Francisco Jos\u00e9 Lloreda para especializarse en Espa\u00f1a. Su hijo ten\u00eda un a\u00f1o y era casi\u00a0 imposible irse del pa\u00eds con tal responsabilidad. Hoy, el unig\u00e9nito\u00a0 tiene 17 a\u00f1os, cursa grado 11 en el\u00a0 Gimnasio\u00a0 Domingo Savio y est\u00e1 pronto a graduarse. No quiere verse envuelto en pol\u00edtica.<\/p>\n<p>Gratiniano Su\u00e1rez, su padre, oriundo de M\u00e1laga (Santander), se dedic\u00f3 al comercio independiente. En esa \u00e9poca trasportaba v\u00edveres de Venezuela. Su progenitora\u00a0 Rosalba Vergel, nacida en Convenci\u00f3n (Norte de\u00a0 Santander), se dedic\u00f3 con amor al hogar. \u201cSiempre estuvo vinculado a la pol\u00edtica, nunca como aspirante, sino que era de esos caciques viejos conservadores que apoyaban a los candidatos\u00a0 y\u00a0 ayudaban con los sancochos\u201d, dijo V\u00edctor\u00a0 de su pap\u00e1,\u00a0 quien sembr\u00f3 en su coraz\u00f3n el don del servicio.<\/p>\n<p>Los\u00a0 profesores de la escuela Club de Leones, hoy Instituci\u00f3n Educativa Colegio Club de Leones, le dec\u00edan que era activo y que podr\u00eda llegar a\u00a0 ser\u00a0 buen\u00a0 pol\u00edtico. Gan\u00f3 el premio municipal como mejor estudiante y en el concurso departamental de Lengua Espa\u00f1ola Don Quijote de la Mancha ocup\u00f3 el tercer lugar.<\/p>\n<p>Los estudios secundarios los curs\u00f3 en el colegio General Santander. Eran 45 minutos diarios en bus, v\u00eda Bocon\u00f3 (Villa del Rosario). Para esa temporada era el mejor de la regi\u00f3n. Perteneci\u00f3 a la banda de paz y lleg\u00f3 a ser el corneta mayor. Ocup\u00f3 el tercer puesto en las pruebas Icfes en el colegio y 16 en C\u00facuta,\u00a0 en 1992.<\/p>\n<p>Se present\u00f3 para estudiar Contadur\u00eda P\u00fablica en la Universidad Francisco de Paula Santander, pero no pas\u00f3. Esper\u00f3 un mes y se dio algo que a\u00fan existe, la ampliaci\u00f3n de cobertura, o sea\u00a0 la palanca. Gerardo Mendoza, jefe de admisiones y amigo de su padre, ayud\u00f3 para el ingreso.<\/p>\n<p>A la muerte de su padre pens\u00f3 en retirarse de la universidad, pero recibi\u00f3 apoyo moral de un primo que le consigui\u00f3 trabajo como control de busetas de Transguasimales; luego, auxiliar de rutas y despu\u00e9s, jefe. Sal\u00eda a trabajar a las 4:00 de la ma\u00f1ana y terminaba a las 8:00 de la noche, viernes, s\u00e1bados y domingos. As\u00ed costeaba los gastos de la semana.<\/p>\n<p>Se vincul\u00f3 al Movimiento Estudiantil de la UFPS, como representante\u00a0 de la facultad de ciencias empresariales, en el 2000; despu\u00e9s fue presidente del Consejo Superior Estudiantil. Esos m\u00e9ritos le alcanzaron para ser representante en el Consejo Superior Universitario y ha sido el \u00fanico nortesantandereano delegado de los universitarios de Colombia ante el Ministerio de Educaci\u00f3n y el Consejo Nacional de Educaci\u00f3n Superior (Cesu).<\/p>\n<p>V\u00edctor Su\u00e1rez sali\u00f3 de San Luis al casarse. Vivi\u00f3 en Loma de Bol\u00edvar, en la casa de los suegros, \u201ccomo todo buen yerno\u201d. Cuando terminaba materias en la universidad aspir\u00f3 al Concejo de C\u00facuta con un proyecto pol\u00edtico liderado por estudiantes. Obtuvo 1974 votos y perdi\u00f3 la curul por 20. A los seis meses, obtuvo el t\u00edtulo de Contador P\u00fablico.<\/p>\n<p>El alcalde de la \u00e9poca, hoy senador de la rep\u00fablica, Manuel Guillermo Mora, \u00a0le dio oportunidad de trabajar como profesional universitario en provisionalidad en el Departamento Administrativo de Bienestar Social. Renunci\u00f3 para volver a aspirar al Concejo. Sali\u00f3 electo en la administraci\u00f3n de Ramiro Su\u00e1rez. Desde entonces ha sido reelecto en tres ocasiones. Los concejales Julio V\u00e9lez Trillos, William Villamizar, Edgar D\u00edaz y Juan Carlos Garc\u00eda lo orientaron en la corporaci\u00f3n. Se especializ\u00f3 en Presupuesto.<\/p>\n<p>Luego vivi\u00f3 en Prados Norte y ahora, en Parques Residenciales. Agradece a Dios por permitirle tener algunas comodidades que le ofrecen estabilidad y equilibrio familiar. No se meti\u00f3 a la pol\u00edtica para\u00a0 llenarse de plata, ni para ser multimillonario. Quiso, y participa en esta actividad, para servirle a la gente.<\/p>\n<p>En los discursos acostumbra a preguntar \u201c\u00bfUstedes saben cu\u00e1nto gana un concejal?\u201d. Y responde, \u201cYo gano diez veces m\u00e1s que alguien que recibe el m\u00ednimo por sus servicios. Entonces, se supone que debo trabajar diez veces por esta cuidad de lo que trabajan las personas por su salario minino\u201d.<\/p>\n<p>Se ha desempe\u00f1ado en comercio exterior junto a los hermanos (comercializaci\u00f3n internacional). Exportaba para Venezuela hasta el momento de caerse el negocio. La empresa sigue ah\u00ed a la espera de otra oportunidad.<\/p>\n<p>Le gusta ver televisi\u00f3n en los tiempos libres y por disciplina dedica el domingo al hogar, descansar, salir a almorzar, ir al cine. Jugar domin\u00f3 lo apasiona. \u201cLa pol\u00edtica es el arte de servirle a la gente, sin esperar nada a cambio. Bienaventurado aquel que da\u00a0 sin esperar, pero que reconoce cuando tambi\u00e9n le dan. Mi reconocimiento es el voto de la gente\u201d.<\/p>\n<p>En campa\u00f1as, m\u00e1s que frases utiliza un discurso: \u201cLa pol\u00edtica son dos manos. Una es esta (Yo) y la otra (Ustedes),\u00a0 la comunidad. Al trabajar en uni\u00f3n se ven los resultados, pero si una de las dos falla no se hace nada\u201d. As\u00ed motiva a los electores para que le den\u00a0 el voto\u00a0 y despu\u00e9s exijan porque tienen derecho.<\/p>\n<p>Ha trabajado para pavimentar m\u00e1s de mil calles en C\u00facuta, ha colaborado con instituciones educativas, ha gestionado proyectos de envergadura y ha controvertido en el Concejo. Le encanta visitar la zona rural cucute\u00f1a y cuando tiene la oportunidad viaja a Agua Clara, La\u00a0 Esperanza, Guaramito y Puerto Villamizar.<\/p>\n<p>Tiene d\u00e9cimo semestre de administraci\u00f3n de empresas en la Universidad\u00a0 Francisco de Paula Santander, es especialista en gesti\u00f3n p\u00fablica de la Esap y se especializa en gesti\u00f3n de empresas en la Udes. La preparaci\u00f3n acad\u00e9mica tiene un objetivo, ser candidato a la Alcald\u00eda de C\u00facuta para el pr\u00f3ximo per\u00edodo.<\/p>\n<p>Es el \u00fanico de los 17 concejales suspendido por el proyecto del Parque Bavaria. Ese tropez\u00f3n desdibuj\u00f3 su camino. Estuvo sancionado nueve meses y espera que el Estado, alg\u00fan d\u00eda, reconozca que se equivoc\u00f3 y si no lo hace su \u00e9tica y principios le dan fuerzas de pelear porque cree en su inocencia.<\/p>\n<p><strong>YUSMARI CASTRO<\/strong><\/p>\n<p><strong>IV\u00c1N OVALLOS<\/strong><\/p>\n<p><strong>Estudiantes de Comunicaci\u00f3n Social<\/strong><\/p>\n<p><strong>Universidad de Pamplona<\/strong><\/p>\n<p><strong>Campus de Villa del Rosario<\/strong><\/p>\n<p><strong>\u00a0<\/strong><\/p>\n<p>&nbsp; <\/p>\n","protected":false},"excerpt":{"rendered":"<p>C\u00daCUTA.- En el barrio San Luis, un lugar tradicional de C\u00facuta, naci\u00f3 el 27 de julio de 1974 V\u00edctor Fidel Su\u00e1rez Vergel. Desde la universidad se lig\u00f3 al\u00a0 Partido Conservador Colombiano, es asesor de la administraci\u00f3n municipal en temas financieros. Cuida de su imagen como de su familia. En 1997, rechaz\u00f3 la propuesta del ministro\u00a0 &hellip;<\/p>\n","protected":false},"author":1,"featured_media":22694,"comment_status":"open","ping_status":"open","sticky":false,"template":"","format":"standard","meta":{"footnotes":""},"categories":[1728,403],"tags":[1689,197,1729],"class_list":["post-22693","post","type-post","status-publish","format-standard","has-post-thumbnail","hentry","category-alcaldables","category-efemerides","tag-alcaldables-de-cucuta","tag-concejo-de-cucuta","tag-victor-suarez"],"_links":{"self":[{"href":"https:\/\/contraluzcucuta.co\/index.php?rest_route=\/wp\/v2\/posts\/22693","targetHints":{"allow":["GET"]}}],"collection":[{"href":"https:\/\/contraluzcucuta.co\/index.php?rest_route=\/wp\/v2\/posts"}],"about":[{"href":"https:\/\/contraluzcucuta.co\/index.php?rest_route=\/wp\/v2\/types\/post"}],"author":[{"embeddable":true,"href":"https:\/\/contraluzcucuta.co\/index.php?rest_route=\/wp\/v2\/users\/1"}],"replies":[{"embeddable":true,"href":"https:\/\/contraluzcucuta.co\/index.php?rest_route=%2Fwp%2Fv2%2Fcomments&post=22693"}],"version-history":[{"count":1,"href":"https:\/\/contraluzcucuta.co\/index.php?rest_route=\/wp\/v2\/posts\/22693\/revisions"}],"predecessor-version":[{"id":22695,"href":"https:\/\/contraluzcucuta.co\/index.php?rest_route=\/wp\/v2\/posts\/22693\/revisions\/22695"}],"wp:featuredmedia":[{"embeddable":true,"href":"https:\/\/contraluzcucuta.co\/index.php?rest_route=\/wp\/v2\/media\/22694"}],"wp:attachment":[{"href":"https:\/\/contraluzcucuta.co\/index.php?rest_route=%2Fwp%2Fv2%2Fmedia&parent=22693"}],"wp:term":[{"taxonomy":"category","embeddable":true,"href":"https:\/\/contraluzcucuta.co\/index.php?rest_route=%2Fwp%2Fv2%2Fcategories&post=22693"},{"taxonomy":"post_tag","embeddable":true,"href":"https:\/\/contraluzcucuta.co\/index.php?rest_route=%2Fwp%2Fv2%2Ftags&post=22693"}],"curies":[{"name":"wp","href":"https:\/\/api.w.org\/{rel}","templated":true}]}}