{"id":22690,"date":"2014-10-06T18:37:24","date_gmt":"2014-10-06T23:37:24","guid":{"rendered":"http:\/\/contraluzcucuta.co\/?p=22690"},"modified":"2014-10-07T18:34:53","modified_gmt":"2014-10-07T23:34:53","slug":"opinion-de-que-es-culpable-donamaris-ramirez","status":"publish","type":"post","link":"https:\/\/contraluzcucuta.co\/?p=22690","title":{"rendered":"OPINI\u00d3N. \u00bfDe qu\u00e9 es culpable Donamaris Ram\u00edrez?"},"content":{"rendered":"<p><strong>C\u00daCUTA<\/strong> (<a href=\"https:\/\/www.facebook.com\/notes\/juan-carlos-rodriguez-ferrer\/de-que-es-culpable-donamaris-ramirez-paris-lobo\/10152737809478844\">V\u00eda Facebook<\/a>).- Es culpable, podr\u00eda decirse, de no haber llegado antes a la Alcald\u00eda y as\u00ed no habr\u00eda encontrado una ciudad tan destartalada, endeudada y poco proyectada hacia el futuro pr\u00f3ximo. Ni mucho menos tan desordenada y con unos ciudadanos como nosotros tan poco comprometidos, que criticamos, pero no queremos nuestro terru\u00f1o, haciendo o queriendo que lo ilegal se convierta en legal en aras a que el desorden y la anarqu\u00eda sigan reinando en \u2018La Perla del Oriente\u2019.<\/p>\n<p>Es culpable, puede ser, de haber gestionado recursos para hacer inversiones en educaci\u00f3n durante estos casi tres a\u00f1os de administraci\u00f3n por el orden de $ 661.000 millones, haciendo de los colegios p\u00fablicos de la ciudad instituciones dignas, con aulas modernas y dotadas, recuperando o construyendo bater\u00edas sanitarias que permitan mayor comodidad para los j\u00f3venes en las jornadas educativas. Pienso que debemos culparlo de eso, \u00a0y se\u00f1alarlo por ser el responsable de esos logros.<\/p>\n<p>Que nunca en tantos a\u00f1os se haya invertido tanto en educaci\u00f3n, esa culpa s\u00ed puede ser de otros o de nosotros, los cucute\u00f1os, que criticamos siempre entre hacer lo bueno o lo mejor y no terminamos haciendo ni lo bueno, ni lo mejor.<\/p>\n<p>Pero para ser un poco m\u00e1s duros con el Alcalde, sugiero que lo culpemos por efectuar a la fecha inversiones en salud por el orden de $ 726.000 millones, logrando mejorar el nivel de atenci\u00f3n de las unidades b\u00e1sicas de Imsalud y proyect\u00e1ndolas como lo hizo con la unidad b\u00e1sica de La Libertad a una unidad materno infantil que no le envidia nada a una cl\u00ednica privada; as\u00ed como tambi\u00e9n el proyecto de llevar el Policl\u00ednico de Atalaya a un pr\u00f3ximo\u00a0 centro de trauma.<\/p>\n<p>De eso hay que culpar al Alcalde y se\u00f1alarlo. Pero no es culpable de haber encontrado infraestructura en salud en detrimento patrimonial por a\u00f1os, donde se hab\u00edan construido ciertos servicios y no se hab\u00edan puesto en funcionamiento, situaci\u00f3n que ven\u00eda present\u00e1ndose hace m\u00e1s de seis a\u00f1os. De eso son culpables otros, o tal vez nosotros, como ciudadanos.<\/p>\n<p>El culpable de los huecos en la ciudad, un paisaje lunar ten\u00eda la ciudad hacia finales de 2011, recuerdo v\u00edas principales ahuecadas, qu\u00e9 pena por Dios, $ 116.000 millones ha invertido el municipio en la administraci\u00f3n de Donamaris Ram\u00edrez, mejorando la movilidad, principalmente en troncales por donde se desplaza el trasporte p\u00fablico. Inclusive, de eso, de mejorar las v\u00edas de la ciudad, debemos culparlo. Se ha hecho mucho en pavimentaci\u00f3n, pero falta mucho por hacer.<\/p>\n<p>Hay que culparlo, definitivamente, por habernos cambiado los h\u00e1bitos dominicales promocionando h\u00e1bitos saludables en familia, pues en compa\u00f1\u00eda del IMRD la pr\u00e1ctica de la ciclo v\u00eda, salir en bicicleta y ejercitarse divirti\u00e9ndose en familia se ha vuelto no una pr\u00e1ctica ocasional, sino por el contrarios un habito de ciudad, para lo cual se invirtieron m\u00e1s de $ 5.000 millones en el nuevo Malec\u00f3n, que ahora se llama Malec\u00f3n 300 a\u00f1os.<\/p>\n<p>Pero si de algo es realmente culpable el Alcalde, es de invertir mucho tiempo, de dedicar mucho tiempo visitando colegio por colegio de la ciudad. Todas las ma\u00f1anas, de madrugada, va a un colegio en espec\u00edfico, comparte con los alumnos, los personeros, los profesores, los rectores y, mejor a\u00fan, los padres de familia, revisan la seguridad del entorno de los colegios, proyectan inversiones, compromete a los padres a no solo enviar los hijos al colegio y, sobre todo, compromete a los j\u00f3venes a seguir con la educaci\u00f3n, a ser cada d\u00eda responsables y\u00a0 a ser mejores ciudadanos. De eso s\u00ed es culpable, muy culpable.<\/p>\n<p>Realmente, me pongo a revisar y el prontuario es inmenso. Tendr\u00eda que \u00a0extenderme mucho y los aburrir\u00eda\u00a0 si escribo todas las culpas del Alcalde, como lo invertido en seguridad y entregado a la Polic\u00eda Metropolitana por $ 10.000 millones, como la gesti\u00f3n con m\u00e1s Familias en Acci\u00f3n y el alimento que se entrega a diario en escuelas y colegios p\u00fablicos.<\/p>\n<p>S\u00e9 que aquel que no guste del Alcalde, o aquellos cr\u00edticos ambliopes de la administraci\u00f3n, dir\u00e1n, claro, no habl\u00f3 de las 20.000 viviendas, que muestren d\u00f3nde est\u00e1n. Entonces, los invito a recorrer los proyectos de viviendas nuevas que han involucrado con su entorno y con las m\u00e1s de 20.000 soluciones una inversi\u00f3n de $ 232.000 millones del municipio, porque una soluci\u00f3n de vivienda no es solo vivienda nueva, tambi\u00e9n est\u00e1 la legalizaci\u00f3n de barrios y la escrituraci\u00f3n de lotes.<\/p>\n<p>Pero al final las culpas del Alcalde quedaran all\u00ed con los letreros, aquellos que muchos no aceptan pues cuando ven las obras dicen que igual era obligaci\u00f3n hacerlas.<\/p>\n<p>Quiero declarar hoy culpable al Alcalde por entregarnos en tres a\u00f1os una ciudad diferente a la que sus antecesores nos sumergieron y le pido a Dios que el que llegue a sucederlo no les regrese la ciudad a los de antes.<\/p>\n<p>Le confieso, me dijo un amigo en el parque Col\u00f3n la semana pasada, que no pens\u00e9 que Donamaris hubiera hecho tanto, pero es que se la pasa tom\u00e1ndose fotos cuando inaugura las obras. Le contest\u00e9, si las obras no llevaran el nombre del que las hace, jam\u00e1s hubi\u00e9ramos sabido de Da Vinci.<\/p>\n<p>Es por eso que leyendo la columna de Jerem\u00edas, en La Opini\u00f3n la semana pasada, confieso que mucha raz\u00f3n ten\u00eda el hoy exconcejal Pedro Dur\u00e1n, cuando en octubre de 2000, escrib\u00eda sobre Donamaris Ram\u00edrez. Dijo que era \u201cuna necesidad hist\u00f3rica\u201d. En un art\u00edculo publicado\u00a0 en el suplemento cultural Im\u00e1genes escribi\u00f3 que lo mejor que le pod\u00eda pasar a C\u00facuta era que Donamaris fuera alcalde y afortunadamente pas\u00f3. Dios Bendiga.<\/p>\n<p><strong>JUAN CARLOS RODR\u00cdGUEZ FERRER<\/strong><\/p>\n<p>&nbsp; <\/p>\n","protected":false},"excerpt":{"rendered":"<p>C\u00daCUTA (V\u00eda Facebook).- Es culpable, podr\u00eda decirse, de no haber llegado antes a la Alcald\u00eda y as\u00ed no habr\u00eda encontrado una ciudad tan destartalada, endeudada y poco proyectada hacia el futuro pr\u00f3ximo. Ni mucho menos tan desordenada y con unos ciudadanos como nosotros tan poco comprometidos, que criticamos, pero no queremos nuestro terru\u00f1o, haciendo o &hellip;<\/p>\n","protected":false},"author":1,"featured_media":22691,"comment_status":"open","ping_status":"open","sticky":false,"template":"","format":"standard","meta":{"footnotes":""},"categories":[14,6],"tags":[304,176],"class_list":["post-22690","post","type-post","status-publish","format-standard","has-post-thumbnail","hentry","category-articulistas","category-ojo-avizor","tag-alcalde-de-cucuta","tag-donamaris-ramirez"],"_links":{"self":[{"href":"https:\/\/contraluzcucuta.co\/index.php?rest_route=\/wp\/v2\/posts\/22690","targetHints":{"allow":["GET"]}}],"collection":[{"href":"https:\/\/contraluzcucuta.co\/index.php?rest_route=\/wp\/v2\/posts"}],"about":[{"href":"https:\/\/contraluzcucuta.co\/index.php?rest_route=\/wp\/v2\/types\/post"}],"author":[{"embeddable":true,"href":"https:\/\/contraluzcucuta.co\/index.php?rest_route=\/wp\/v2\/users\/1"}],"replies":[{"embeddable":true,"href":"https:\/\/contraluzcucuta.co\/index.php?rest_route=%2Fwp%2Fv2%2Fcomments&post=22690"}],"version-history":[{"count":1,"href":"https:\/\/contraluzcucuta.co\/index.php?rest_route=\/wp\/v2\/posts\/22690\/revisions"}],"predecessor-version":[{"id":22692,"href":"https:\/\/contraluzcucuta.co\/index.php?rest_route=\/wp\/v2\/posts\/22690\/revisions\/22692"}],"wp:featuredmedia":[{"embeddable":true,"href":"https:\/\/contraluzcucuta.co\/index.php?rest_route=\/wp\/v2\/media\/22691"}],"wp:attachment":[{"href":"https:\/\/contraluzcucuta.co\/index.php?rest_route=%2Fwp%2Fv2%2Fmedia&parent=22690"}],"wp:term":[{"taxonomy":"category","embeddable":true,"href":"https:\/\/contraluzcucuta.co\/index.php?rest_route=%2Fwp%2Fv2%2Fcategories&post=22690"},{"taxonomy":"post_tag","embeddable":true,"href":"https:\/\/contraluzcucuta.co\/index.php?rest_route=%2Fwp%2Fv2%2Ftags&post=22690"}],"curies":[{"name":"wp","href":"https:\/\/api.w.org\/{rel}","templated":true}]}}