{"id":22684,"date":"2014-10-04T18:21:29","date_gmt":"2014-10-04T23:21:29","guid":{"rendered":"http:\/\/contraluzcucuta.co\/?p=22684"},"modified":"2014-10-06T19:26:21","modified_gmt":"2014-10-07T00:26:21","slug":"entrevista-el-amarillismo-es-perverso-para-la-calidad-de-la-informacion","status":"publish","type":"post","link":"https:\/\/contraluzcucuta.co\/?p=22684","title":{"rendered":"ENTREVISTA. El amarillismo es perverso para la calidad de la informaci\u00f3n"},"content":{"rendered":"<p><strong>C\u00daCUTA.-<\/strong> El sensacionalismo, el amarillismo, como manera de ser period\u00edstica se ha impuesto como l\u00f3gica clave perversa con la real producci\u00f3n de la calidad \u00a0de la informaci\u00f3n.<\/p>\n<p>La apreciaci\u00f3n corresponde a Jos\u00e9 Miguel Pereira, comunicador, investigador y docente vinculado a la Universidad Javeriana, en reciente visita a la Universidad de Pamplona, campus Villa del Rosario, para dialogar con los profesores del programa de Comunicaci\u00f3n Social. \u201cNo concibo un periodismo sin investigaci\u00f3n\u201d.<\/p>\n<p><strong>\u00bfC\u00f3mo se fusiona la investigaci\u00f3n con el periodismo en Colombia?<\/strong><\/p>\n<p>Ser\u00edan como dos dimensiones. La primera, las investigaciones que se hacen para comprender el oficio del periodismo, es lo que llamamos los estudios de periodismo, que tienen que ver con las empresas period\u00edsticas, las pr\u00e1cticas y el ejercicio de producir contenidos para los medios, con el contenido de los medios, con la manera como la gente apropia esos contenidos. La investigaci\u00f3n es la reflexi\u00f3n que hacen los investigadores y la academia. La segunda, es propia del periodismo y es la investigaci\u00f3n que se hace para producir esos contenidos, es lo que llamamos la investigaci\u00f3n period\u00edstica. Ambas son claves, porque la primera, comprende y desarrolla conocimientos sobre el quehacer period\u00edstico, y la segunda, potencia la calidad de los contenidos que publicamos en los medios de comunicaci\u00f3n.<\/p>\n<p><strong>\u00bfDesde la academia deber\u00eda inspirarse al estudiante para que cuando llegue al periodismo se haga investigador?<\/strong><\/p>\n<p>Por su puesto, que haga investigaci\u00f3n en los dos terrenos planteados. No concibo un periodismo sin investigaci\u00f3n. Para m\u00ed, todo periodismo es investigativo.<\/p>\n<p><strong>\u00bfCree que en Colombia hay pereza investigativa?<\/strong><\/p>\n<p>Creo que lo que pasa es que no hay suficiente motivaci\u00f3n y estrategias institucionales de parte de los profesores y de los programas para motivar a hacer investigaci\u00f3n. Se ha reducido el trabajo a la formaci\u00f3n de estudiantes y no a la creaci\u00f3n de nuevos conocimientos. Hay un problema de ense\u00f1anza, de pedagog\u00eda, y pasar\u00edamos de unas pedagog\u00edas trasmisionistas a unas pedagog\u00edas constructivistas que permitan la creaci\u00f3n de conocimientos y no la reproducci\u00f3n de conocimientos.<\/p>\n<p><strong>\u00bfLa investigaci\u00f3n mejorar\u00eda la profesi\u00f3n del periodista?<\/strong><\/p>\n<p>Totalmente. La potenciar\u00eda, porque estar\u00edamos hablando de periodistas que comprenden el contexto, la historia, entienden el oficio y pueden producir contenidos, incluso por medio de los g\u00e9neros period\u00edsticos (reportaje, cr\u00f3nica, entrevistas) con mayor sentido. Ser\u00eda una ganancia para el periodismo.<\/p>\n<p><strong>\u00bfPor qu\u00e9 el periodista, en ocasiones, se queda sin tema para investigar y se vuelve oficialista?<\/strong><\/p>\n<p>Creo que tiene que ver con las comisiones de producci\u00f3n \u00a0de los contenidos informativos por parte de los periodistas con las condiciones laborales, con los miedos y las amenazas. Ac\u00e1 hay muchos periodistas amenazados, asesinados. En los contratos laborales, para la radio, el periodismo se volvi\u00f3 cuesti\u00f3n de rebusque, hay que pelear con la pauta. Las condiciones de trabajo de los periodistas est\u00e1n deterioradas en la regi\u00f3n y en lo local. La idea ser\u00eda crear empresas o negocios period\u00edsticos que sean autosostenibles para que el periodista no se vuelva el vocero de la fuente oficial o el vocero de la administraci\u00f3n p\u00fablica.<\/p>\n<p><strong>\u00bfOtro aspecto ser\u00eda migrar al periodismo social?<\/strong><\/p>\n<p>Habr\u00eda que combinar las dos. Creo que todas las opciones son posibles, pero en el periodismo social hay una veta de trabajo sobre todo cuando cobrar\u00eda sentido de mediador entre los ciudadanos y los poderes p\u00fablicos y privados para resolver problemas ambientales, la pavimentaci\u00f3n de calles, el trabajo de los ciudadanos y la salud. El periodista juega un papel diferente.<\/p>\n<p><strong>\u00bfPor qu\u00e9 a las empresas period\u00edsticas les interesa m\u00e1s el esc\u00e1ndalo que los temas sociales?<\/strong><\/p>\n<p>Porque es lo que da audiencia y trabajan en funci\u00f3n de un negocio y de unos consumidores entre los que han primado el sensacionalismo y el amarillismo, que como manera de ser period\u00edstica se han impuesto como l\u00f3gica clave, que es perversa con la real producci\u00f3n de la calidad de la informaci\u00f3n.<\/p>\n<p><strong>\u00bfY acostumbraron a la audiencia a ese contenido?<\/strong><\/p>\n<p>Claro. \u00bfCu\u00e1ntos peri\u00f3dicos amarillistas tenemos en nuestras ciudades que chorrean de sangre? O \u00bfcu\u00e1ntos medios sensacionalistas hay que no profundizan, que no investigan que no consultan y se quedaron en lo superficial? Tambi\u00e9n, hay ciertas responsabilidades por parte de los ciudadanos que no somos exigentes con los medios en funci\u00f3n de los contenidos que producen y de la calidad de esos contenidos.<\/p>\n<p><strong>\u00bfEl peri\u00f3dico impreso morir\u00e1?<\/strong><\/p>\n<p>No. Creo que se trasformar\u00e1. No creo que vaya a morir. En Colombia, dicen, hay uno o dos habitantes por tel\u00e9fono celular, la pregunta es \u00bfcu\u00e1ntos tenemos planes de navegaci\u00f3n o de datos, o computador en la casa para consultar la prensa v\u00eda internet? Muy pocos. Por ah\u00ed va la cosa.<\/p>\n<p><strong>RAFAEL ANTONIO PAB\u00d3N<\/strong><\/p>\n<p><strong><a href=\"mailto:rafaelpabon58@hotmail.com\">rafaelpabon58@hotmail.com<\/a><\/strong><\/p>\n<p>&nbsp;<\/p>\n<p>&nbsp; <\/p>\n","protected":false},"excerpt":{"rendered":"<p>C\u00daCUTA.- El sensacionalismo, el amarillismo, como manera de ser period\u00edstica se ha impuesto como l\u00f3gica clave perversa con la real producci\u00f3n de la calidad \u00a0de la informaci\u00f3n. La apreciaci\u00f3n corresponde a Jos\u00e9 Miguel Pereira, comunicador, investigador y docente vinculado a la Universidad Javeriana, en reciente visita a la Universidad de Pamplona, campus Villa del Rosario, &hellip;<\/p>\n","protected":false},"author":1,"featured_media":22685,"comment_status":"open","ping_status":"open","sticky":false,"template":"","format":"standard","meta":{"footnotes":""},"categories":[17,6],"tags":[1719,1717,1720,1718,719],"class_list":["post-22684","post","type-post","status-publish","format-standard","has-post-thumbnail","hentry","category-conversaciones-a-contraluz","category-ojo-avizor","tag-amarillismo","tag-investigacion-periodistica","tag-jose-miguel-pereira","tag-sensacionalismo","tag-unipamplona"],"_links":{"self":[{"href":"https:\/\/contraluzcucuta.co\/index.php?rest_route=\/wp\/v2\/posts\/22684","targetHints":{"allow":["GET"]}}],"collection":[{"href":"https:\/\/contraluzcucuta.co\/index.php?rest_route=\/wp\/v2\/posts"}],"about":[{"href":"https:\/\/contraluzcucuta.co\/index.php?rest_route=\/wp\/v2\/types\/post"}],"author":[{"embeddable":true,"href":"https:\/\/contraluzcucuta.co\/index.php?rest_route=\/wp\/v2\/users\/1"}],"replies":[{"embeddable":true,"href":"https:\/\/contraluzcucuta.co\/index.php?rest_route=%2Fwp%2Fv2%2Fcomments&post=22684"}],"version-history":[{"count":1,"href":"https:\/\/contraluzcucuta.co\/index.php?rest_route=\/wp\/v2\/posts\/22684\/revisions"}],"predecessor-version":[{"id":22686,"href":"https:\/\/contraluzcucuta.co\/index.php?rest_route=\/wp\/v2\/posts\/22684\/revisions\/22686"}],"wp:featuredmedia":[{"embeddable":true,"href":"https:\/\/contraluzcucuta.co\/index.php?rest_route=\/wp\/v2\/media\/22685"}],"wp:attachment":[{"href":"https:\/\/contraluzcucuta.co\/index.php?rest_route=%2Fwp%2Fv2%2Fmedia&parent=22684"}],"wp:term":[{"taxonomy":"category","embeddable":true,"href":"https:\/\/contraluzcucuta.co\/index.php?rest_route=%2Fwp%2Fv2%2Fcategories&post=22684"},{"taxonomy":"post_tag","embeddable":true,"href":"https:\/\/contraluzcucuta.co\/index.php?rest_route=%2Fwp%2Fv2%2Ftags&post=22684"}],"curies":[{"name":"wp","href":"https:\/\/api.w.org\/{rel}","templated":true}]}}