{"id":22678,"date":"2014-10-04T16:25:34","date_gmt":"2014-10-04T21:25:34","guid":{"rendered":"http:\/\/contraluzcucuta.co\/?p=22678"},"modified":"2014-10-06T18:53:07","modified_gmt":"2014-10-06T23:53:07","slug":"alcaldables-la-vida-es-una-lucha-continua-cesar-omar-rojas","status":"publish","type":"post","link":"https:\/\/contraluzcucuta.co\/?p=22678","title":{"rendered":"ALCALDABLES. La vida es una \u00a0lucha continua: C\u00e9sar Omar Rojas"},"content":{"rendered":"<p><strong>C\u00daCUTA.-<\/strong> En un sitio en el que las llamadas interrumpen la tranquilidad, con cuadros de caballos que adornan la oficina y papeles que esperan ser revisados por el hombre que debe cumplir con el deber, se encuentra C\u00e9sar Omar Rojas Ayala. En d\u00edas pasados renunci\u00f3 a la gerencia de Ifinorte.<\/p>\n<p>El 7 de octubre de 1957, en un municipio de la regi\u00f3n central de Norte de Santander, naci\u00f3 este hombre, que luego se llen\u00f3 de sue\u00f1os y ansias por ayudar a la comunidad. Es oriundo de Salazar de las Palmas (con una poblaci\u00f3n de 13.000 habitantes) y proviene de una familia grande, repleta de amor, y en la que le inculcaron valores para que se desenvolviera en la vida. En ese lugar empez\u00f3 la\u00a0 lucha\u00a0 diaria \u00a0para cumplir las metas.<\/p>\n<p>Estudi\u00f3 primaria en el colegio Jos\u00e9 Celestino Mutis y parte del bachillerato en Salazar. Al llegar a C\u00facuta ingres\u00f3 al colegio San Juan de la Cruz, termin\u00f3 los estudios y obtuvo el grado de bachiller.<\/p>\n<p>Desde joven, C\u00e9sar Omar pensaba en c\u00f3mo ayudar a la sociedad. Al pensar en los estudios superiores decidi\u00f3 prepararse en administraci\u00f3n de empresas, \u00a0en convenio con\u00a0 la Universidad Ceipa de Medell\u00edn,\u00a0 y \u00a0especializaci\u00f3n en la Universidad de Santander (Udes) en Gesti\u00f3n P\u00fablica.<\/p>\n<p>La infancia y parte de la adolescencia las pas\u00f3 en las labores de la finca de la familia en Salazar, mientras estaba pendiente del estudio. Su padre, empleado p\u00fablico, desarrollaba actividades agropecuarias y la madre, fiel ama de casa. Junto a los cinco hermanos disfrut\u00f3 el ayudar a los padres y los paseos al r\u00edo.<\/p>\n<p>En el primer trabajo labor\u00f3 como mensajero de un almac\u00e9n de repuestos. Logr\u00f3 el empleo, porque el pap\u00e1 conoc\u00eda al due\u00f1o y le dio la oportunidad a C\u00e9sar. Ahora, a los 56 a\u00f1os, ha acumulado experiencia. En la amplia carrera aspir\u00f3 en dos ocasiones a la\u00a0 Alcald\u00eda del pueblo natal, aunque no gan\u00f3 tampoco perdi\u00f3 las esperanzas de seguir en la lucha para gestionar proyectos para el municipio.<\/p>\n<p>En 38 a\u00f1os, por lo menos ha desempe\u00f1ado 10 cargos. En el \u00e1rea financiera de Telecom cumpli\u00f3 la primera labor como profesional, por m\u00e1s de dos a\u00f1os, hasta\u00a0 que termin\u00f3 el contrato. Otros cargos son auditor de las Empresas Municipales de C\u00facuta, jefe financiero de la Secretaria de Hacienda de Norte de Santander, revisor de la Contralor\u00eda Nacional, concejal de Salazar, gerente de los teatros Rosetal y Zulima, en C\u00facuta, y en Chin\u00e1cota, Pamplona, Oca\u00f1a y Convenci\u00f3n.<\/p>\n<p>Hace dos a\u00f1os lleg\u00f3 a la gerencia de Ifinorte, instituto que impulsa y promueve el desarrollo de Norte de Santander. C\u00e9sar siente satisfacci\u00f3n al saber que puede poner \u2018un granito de arena\u2019 para ayudar a los dem\u00e1s. El trabajo con la comunidad es su \u00fanico inter\u00e9s \u00a0por el que lucha cada d\u00eda.<\/p>\n<p>En el tiempo libre, que es poco, se traslada a la finca en Chin\u00e1cota y disfruta de los seres queridos, de los cuales habla poco. Es prudente al referirse a ellos.<\/p>\n<p>Le gusta montar a caballo, ir a Salazar y pasar un rato con la familia que reside all\u00e1. Este hombre de contextura gruesa, piel blanca, ojos claros, inquieto y responsable desde los inicios en la vida p\u00fablica ten\u00eda claro que servir a la comunidad es su misi\u00f3n en la tierra.<\/p>\n<p>Entre risas se detiene a pensar lo que va responder. El retiro de Ifinorte ser\u00e1 para dedicarle tiempo a un prop\u00f3sito que est\u00e1 en mente, pero que no es ajeno a la pol\u00edtica. As\u00ed es C\u00e9sar Omar Rojas Ayala, el que poco habla de la vida privada y mucho de la experiencia laboral.<\/p>\n<p><strong>NATALIA GARC\u00cdA <\/strong><\/p>\n<p><strong>ERINSON QUINTERO<\/strong><\/p>\n<p><strong>Estudiantes de Comunicaci\u00f3n Social<\/strong><\/p>\n<p><strong>Universidad de Pamplona<\/strong><\/p>\n<p><strong>Campus de Villa del Rosario<\/strong><\/p>\n<p>&nbsp; <\/p>\n","protected":false},"excerpt":{"rendered":"<p>C\u00daCUTA.- En un sitio en el que las llamadas interrumpen la tranquilidad, con cuadros de caballos que adornan la oficina y papeles que esperan ser revisados por el hombre que debe cumplir con el deber, se encuentra C\u00e9sar Omar Rojas Ayala. En d\u00edas pasados renunci\u00f3 a la gerencia de Ifinorte. El 7 de octubre de &hellip;<\/p>\n","protected":false},"author":1,"featured_media":22679,"comment_status":"open","ping_status":"open","sticky":false,"template":"","format":"standard","meta":{"footnotes":""},"categories":[74,403],"tags":[1485,226,1715,571],"class_list":["post-22678","post","type-post","status-publish","format-standard","has-post-thumbnail","hentry","category-aula-universitaria","category-efemerides","tag-alcaldables-para-cucuta","tag-alcaldia-de-cucuta","tag-cesar-omar-rojas-ayala","tag-ifinorte"],"_links":{"self":[{"href":"https:\/\/contraluzcucuta.co\/index.php?rest_route=\/wp\/v2\/posts\/22678","targetHints":{"allow":["GET"]}}],"collection":[{"href":"https:\/\/contraluzcucuta.co\/index.php?rest_route=\/wp\/v2\/posts"}],"about":[{"href":"https:\/\/contraluzcucuta.co\/index.php?rest_route=\/wp\/v2\/types\/post"}],"author":[{"embeddable":true,"href":"https:\/\/contraluzcucuta.co\/index.php?rest_route=\/wp\/v2\/users\/1"}],"replies":[{"embeddable":true,"href":"https:\/\/contraluzcucuta.co\/index.php?rest_route=%2Fwp%2Fv2%2Fcomments&post=22678"}],"version-history":[{"count":1,"href":"https:\/\/contraluzcucuta.co\/index.php?rest_route=\/wp\/v2\/posts\/22678\/revisions"}],"predecessor-version":[{"id":22680,"href":"https:\/\/contraluzcucuta.co\/index.php?rest_route=\/wp\/v2\/posts\/22678\/revisions\/22680"}],"wp:featuredmedia":[{"embeddable":true,"href":"https:\/\/contraluzcucuta.co\/index.php?rest_route=\/wp\/v2\/media\/22679"}],"wp:attachment":[{"href":"https:\/\/contraluzcucuta.co\/index.php?rest_route=%2Fwp%2Fv2%2Fmedia&parent=22678"}],"wp:term":[{"taxonomy":"category","embeddable":true,"href":"https:\/\/contraluzcucuta.co\/index.php?rest_route=%2Fwp%2Fv2%2Fcategories&post=22678"},{"taxonomy":"post_tag","embeddable":true,"href":"https:\/\/contraluzcucuta.co\/index.php?rest_route=%2Fwp%2Fv2%2Ftags&post=22678"}],"curies":[{"name":"wp","href":"https:\/\/api.w.org\/{rel}","templated":true}]}}