{"id":22669,"date":"2014-10-02T22:31:03","date_gmt":"2014-10-03T03:31:03","guid":{"rendered":"http:\/\/contraluzcucuta.co\/?p=22669"},"modified":"2014-10-05T08:13:05","modified_gmt":"2014-10-05T13:13:05","slug":"relevo-en-ifinorte-sale-cesar-rojas-entra-leidy-jurado","status":"publish","type":"post","link":"https:\/\/contraluzcucuta.co\/?p=22669","title":{"rendered":"RELEVO EN IFINORTE. Sale C\u00e9sar Rojas, entra Leidy Jurado"},"content":{"rendered":"<p><strong>C\u00daCUTA.-<\/strong> La administradora de empresas Leidy Ximena Jurado Fern\u00e1ndez tom\u00f3 posesi\u00f3n de la gerencia del Instituto Financiero para el Desarrollo de Norte de Santander (Ifinorte). Remplaza a C\u00e9sar Omar Rojas Ayala, quien dimiti\u00f3 del cargo.<\/p>\n<p>La egresada de la Universidad Francisco de Paula de Santander es especializada en Sistema de Gesti\u00f3n de Calidad. Asumi\u00f3 como gerenta de Ifinorte mediante el acta de posesi\u00f3n #5204.<\/p>\n<p>Dijo que trabajar\u00e1 en las estrategias que ayuden a contribuir al desarrollo econ\u00f3mico y social de los municipios del departamento. La labor la encaminar\u00e1 en los siguientes aspectos:<\/p>\n<p>1.- Prestaci\u00f3n de servicios financieros<\/p>\n<p>2.- Asesor\u00eda integral<\/p>\n<p>3.- Participaci\u00f3n en empresas de econom\u00eda mixta.<\/p>\n<p>Mediante estas acciones propiciar\u00e1 el mejoramiento continuo y la financiaci\u00f3n de inversiones p\u00fablicas.<\/p>\n<p>Llega al cargo con expectativas para hacerle frente al trabajo que se desarrolla en la entidad, l\u00edder en financiaci\u00f3n, cofinanciaci\u00f3n y administraci\u00f3n de proyectos que contribuyen al desarrollo del departamento.<\/p>\n<p>Edgar D\u00edaz Contreras, gobernador de Norte de Santander, destac\u00f3 la labor desarrollada por el saliente gerente general de Ifinorte, C\u00e9sar Rojas Ayala. Solicit\u00f3 a Leidy Jurado trabajar en armon\u00eda con alcaldes, microempresarios y entidades territoriales para cofinanciar proyectos y gestionar recursos que ayuden al crecimiento de los municipios y la regi\u00f3n.<\/p>\n<p>&nbsp; <\/p>\n","protected":false},"excerpt":{"rendered":"<p>C\u00daCUTA.- La administradora de empresas Leidy Ximena Jurado Fern\u00e1ndez tom\u00f3 posesi\u00f3n de la gerencia del Instituto Financiero para el Desarrollo de Norte de Santander (Ifinorte). Remplaza a C\u00e9sar Omar Rojas Ayala, quien dimiti\u00f3 del cargo. La egresada de la Universidad Francisco de Paula de Santander es especializada en Sistema de Gesti\u00f3n de Calidad. Asumi\u00f3 como &hellip;<\/p>\n","protected":false},"author":1,"featured_media":22670,"comment_status":"open","ping_status":"open","sticky":false,"template":"","format":"standard","meta":{"footnotes":""},"categories":[556,32],"tags":[1236,571,1710],"class_list":["post-22669","post","type-post","status-publish","format-standard","has-post-thumbnail","hentry","category-departamento","category-recorrido-por-la-region","tag-cesar-omar-rojas","tag-ifinorte","tag-leidy-ximena-jurado-fernandez"],"_links":{"self":[{"href":"https:\/\/contraluzcucuta.co\/index.php?rest_route=\/wp\/v2\/posts\/22669","targetHints":{"allow":["GET"]}}],"collection":[{"href":"https:\/\/contraluzcucuta.co\/index.php?rest_route=\/wp\/v2\/posts"}],"about":[{"href":"https:\/\/contraluzcucuta.co\/index.php?rest_route=\/wp\/v2\/types\/post"}],"author":[{"embeddable":true,"href":"https:\/\/contraluzcucuta.co\/index.php?rest_route=\/wp\/v2\/users\/1"}],"replies":[{"embeddable":true,"href":"https:\/\/contraluzcucuta.co\/index.php?rest_route=%2Fwp%2Fv2%2Fcomments&post=22669"}],"version-history":[{"count":1,"href":"https:\/\/contraluzcucuta.co\/index.php?rest_route=\/wp\/v2\/posts\/22669\/revisions"}],"predecessor-version":[{"id":22671,"href":"https:\/\/contraluzcucuta.co\/index.php?rest_route=\/wp\/v2\/posts\/22669\/revisions\/22671"}],"wp:featuredmedia":[{"embeddable":true,"href":"https:\/\/contraluzcucuta.co\/index.php?rest_route=\/wp\/v2\/media\/22670"}],"wp:attachment":[{"href":"https:\/\/contraluzcucuta.co\/index.php?rest_route=%2Fwp%2Fv2%2Fmedia&parent=22669"}],"wp:term":[{"taxonomy":"category","embeddable":true,"href":"https:\/\/contraluzcucuta.co\/index.php?rest_route=%2Fwp%2Fv2%2Fcategories&post=22669"},{"taxonomy":"post_tag","embeddable":true,"href":"https:\/\/contraluzcucuta.co\/index.php?rest_route=%2Fwp%2Fv2%2Ftags&post=22669"}],"curies":[{"name":"wp","href":"https:\/\/api.w.org\/{rel}","templated":true}]}}