{"id":22664,"date":"2014-10-02T21:40:01","date_gmt":"2014-10-03T02:40:01","guid":{"rendered":"http:\/\/contraluzcucuta.co\/?p=22664"},"modified":"2014-10-04T18:27:19","modified_gmt":"2014-10-04T23:27:19","slug":"notas-al-margen-oportunidad-excepcional-integradora-y-salvadora","status":"publish","type":"post","link":"https:\/\/contraluzcucuta.co\/?p=22664","title":{"rendered":"NOTAS AL MARGEN. Oportunidad\u00a0 excepcional, integradora\u00a0 y salvadora\u00a0"},"content":{"rendered":"<p>1.- En medio de la gigante incertidumbre\u00a0 y preocupaci\u00f3n que pululan en la frontera, por el sinf\u00edn de factores que se han acumulado e\u00a0 inciden en la vivencia fronteriza\u00a0 colombo venezolana \u2013 y en especial en la\u00a0 zona central &#8211; por la carencia de pol\u00edticas de Estado de integraci\u00f3n bilateral o conjunta y que\u00a0 complemente y aludan, entre otras a los derechos de uso de los habitantes fronterizos; las regulaciones sobre\u00a0 movimientos\u00a0 de ingreso y circulaci\u00f3n de personas y veh\u00edculos; establecimiento\u00a0 de pautas y\u00a0 reglamentaciones cambiarias y estrechamiento de v\u00ednculos sobre acciones de desarrollo social, econ\u00f3mico y pol\u00edtico mayores, en lo rural y citadino, como debiera existir por la mancomunidad de intereses existentes y los v\u00ednculos hist\u00f3ricos\u00a0 y de fraternidad que fortalecen y unifican la aut\u00e9ntica realidad existente, algunas personas \u2013 obrando\u00a0 con esp\u00edritu abierto y decidido en hallar f\u00f3rmulas y alternativas, as\u00ed como acciones que trasciendan\u00a0 y permitan\u00a0 un verdadero y positivo hallazgo de soluciones a la vivencia que nos integra &#8211; nos hemos trasladado a Bogot\u00e1 y en di\u00e1logo amplio, sincero y\u00a0 afortunado con el embajador de la Rep\u00fablica Bolivariana de Venezuela en Colombia, Iv\u00e1n Guillermo Rinc\u00f3n Urdaneta, le hemos expresado nuestro empe\u00f1o, sintetizado\u00a0 en una propuesta que venimos\u00a0 estudiando y elaborando \u2013 mediante un trabajo en equipo &#8211; y que anhelamos presentar a los gobiernos de Colombia y Venezuela antes de finalizar\u00a0 el a\u00f1o, y consistente en hacer viable la insinuaci\u00f3n y la sugerencia del libertador Sim\u00f3n Bol\u00edvar, que en el Congreso de 1821 presentara por intermedio del venezolano Fernando Pe\u00f1alver, pero que\u00a0 no se estudi\u00f3. Y consistente en la creaci\u00f3n de una faja de terreno, que puedan manejar las dos naciones y para beneficio de las dos y de su gente.<\/p>\n<p>2.- Ante las urgencias de ahora, en m\u00faltiples campos, pero de manera prioritaria en lo social, por la ausencia de fuentes de empleo y la necesidad de atender esos requerimientos, que en una frontera no son para un solo lado, porque los l\u00edmites son como los r\u00edos, que requieren atenci\u00f3n en las dos riberas\u00a0 y porque las fronteras son nudos articulares de todo proceso de integraci\u00f3n y forjadoras de una interrelaci\u00f3n y comunidad que las define y distingue &#8211; como antes anot\u00e1bamos\u00a0 de las regiones centrales &#8211; la idea de una faja territorial compartida y proyectada hacia las dos naciones y\u00a0 el mundo internacional, mediante el establecimiento de las condiciones b\u00e1sicas y elementales que permitan un accionar amplio y din\u00e1mico, para crear motores de ocupaci\u00f3n y capacidad t\u00e9cnica, como son los\u00a0 Parques Industriales y Tecnol\u00f3gicos, con Zonas Francas Especializadas o Zonas Aduaneras Especiales, para maquiladoras \u00a0\u00a0\u00a0en donde con incentivos, est\u00edmulos y mecanismos apropiados y debidamente estudiados y respaldados, por las investigaciones que surgieran de nuestras universidades\u00a0 y centros de estudio especializados, con coordinaci\u00f3n\u00a0 de\u00a0 entidades nacionales o internacionales interesados en gestiones de\u00a0 gran alcance y hasta\u00a0 de perspectiva global, se vinculen\u00a0 y se trasforme la iniciativa en proceso, en un potencial de esfuerzos que servir\u00eda como ejemplo a la integraci\u00f3n continental latinoamericana y con una gran utilidad para\u00a0 los dos pa\u00edses, porque se hallar\u00edan soluciones al gigante desempleo y al\u00a0 impulso y dinamizaci\u00f3n al proceso educativo\u00a0 y productivo que requieren y deben encarar las dos naciones.<\/p>\n<p>3.-Esto, m\u00e1s todo lo que significa la uni\u00f3n y\u00a0 el esfuerzo compartido para otorgarle a la zona fronteriza el trato que merece y que puede proyectar beneficios, por ahora incalculables, permitir\u00eda ubicar tambi\u00e9n en primer orden la soluci\u00f3n del agua, la obtenci\u00f3n del gas, el mejoramiento integral de la infraestructura\u00a0 vial y de los servicios\u00a0 a\u00e9reos, financieros y bancarios, junto a la seguridad\u00a0 y la tranquilidad \u2013que ambicionamos \u2013 m\u00e1s la creaci\u00f3n del Centro Internacional del Desarrollo Fronterizo, alimentado con la participaci\u00f3n de expertos\u00a0 en estas\u00a0 materias\u00a0 y la vinculaci\u00f3n y aporte de las universidades fronterizas, las Academias de Historia y de las asociaciones e instituciones que propenden por la estabilidad y mejor porvenir de estas zonas de contacto.<\/p>\n<p>Todo esto fijar\u00eda un nuevo concepto de vida fronterizo y la oportunidad de vencer aquel estribillo, que anota: \u201cSi seguimos, como vamos y nos quedamos como estamos, nunca llegaremos a lo que todos anhelamos\u201d. El embajador, al final del di\u00e1logo, dijo, \u201ccuenten conmigo e informar\u00e9 de estas iniciativas al alto gobierno\u201d. Adem\u00e1s, se ofreci\u00f3\u00a0 a asistir\u00a0 y\u00a0 estimular\u00a0 encuentros\u00a0 beneficiosos y actos evolutivos, de proyecci\u00f3n\u00a0 binacional e internacional. Con entusiasmo, todos anhelamos que avance la perspectiva unificadora.<\/p>\n<p><strong>JOS\u00c9 NEIRA REY<\/strong><\/p>\n<p><strong><a href=\"mailto:jneirarey@hotmail.com\">jneirarey@hotmail.com<\/a><\/strong><\/p>\n<p>&nbsp;<\/p>\n<p>&nbsp; <\/p>\n","protected":false},"excerpt":{"rendered":"<p>1.- En medio de la gigante incertidumbre\u00a0 y preocupaci\u00f3n que pululan en la frontera, por el sinf\u00edn de factores que se han acumulado e\u00a0 inciden en la vivencia fronteriza\u00a0 colombo venezolana \u2013 y en especial en la\u00a0 zona central &#8211; por la carencia de pol\u00edticas de Estado de integraci\u00f3n bilateral o conjunta y que\u00a0 complemente &hellip;<\/p>\n","protected":false},"author":1,"featured_media":22666,"comment_status":"open","ping_status":"open","sticky":false,"template":"","format":"standard","meta":{"footnotes":""},"categories":[14,32],"tags":[1708,1709,382,956],"class_list":["post-22664","post","type-post","status-publish","format-standard","has-post-thumbnail","hentry","category-articulistas","category-recorrido-por-la-region","tag-embajador-de-venezuela-en-colombia","tag-ivan-guillermo-rincon-urdaneta","tag-jose-neira","tag-notas-al-margen"],"_links":{"self":[{"href":"https:\/\/contraluzcucuta.co\/index.php?rest_route=\/wp\/v2\/posts\/22664","targetHints":{"allow":["GET"]}}],"collection":[{"href":"https:\/\/contraluzcucuta.co\/index.php?rest_route=\/wp\/v2\/posts"}],"about":[{"href":"https:\/\/contraluzcucuta.co\/index.php?rest_route=\/wp\/v2\/types\/post"}],"author":[{"embeddable":true,"href":"https:\/\/contraluzcucuta.co\/index.php?rest_route=\/wp\/v2\/users\/1"}],"replies":[{"embeddable":true,"href":"https:\/\/contraluzcucuta.co\/index.php?rest_route=%2Fwp%2Fv2%2Fcomments&post=22664"}],"version-history":[{"count":1,"href":"https:\/\/contraluzcucuta.co\/index.php?rest_route=\/wp\/v2\/posts\/22664\/revisions"}],"predecessor-version":[{"id":22665,"href":"https:\/\/contraluzcucuta.co\/index.php?rest_route=\/wp\/v2\/posts\/22664\/revisions\/22665"}],"wp:featuredmedia":[{"embeddable":true,"href":"https:\/\/contraluzcucuta.co\/index.php?rest_route=\/wp\/v2\/media\/22666"}],"wp:attachment":[{"href":"https:\/\/contraluzcucuta.co\/index.php?rest_route=%2Fwp%2Fv2%2Fmedia&parent=22664"}],"wp:term":[{"taxonomy":"category","embeddable":true,"href":"https:\/\/contraluzcucuta.co\/index.php?rest_route=%2Fwp%2Fv2%2Fcategories&post=22664"},{"taxonomy":"post_tag","embeddable":true,"href":"https:\/\/contraluzcucuta.co\/index.php?rest_route=%2Fwp%2Fv2%2Ftags&post=22664"}],"curies":[{"name":"wp","href":"https:\/\/api.w.org\/{rel}","templated":true}]}}