{"id":22661,"date":"2014-10-02T21:18:08","date_gmt":"2014-10-03T02:18:08","guid":{"rendered":"http:\/\/contraluzcucuta.co\/?p=22661"},"modified":"2014-10-04T16:54:05","modified_gmt":"2014-10-04T21:54:05","slug":"arremetida-paramilitar-autoridades-locales-y-regionales-se-hacen-las-de-la-vista-gorda","status":"publish","type":"post","link":"https:\/\/contraluzcucuta.co\/?p=22661","title":{"rendered":"ARREMETIDA PARAMILITAR. \u201cAutoridades locales y regionales se hacen las de la vista gorda\u201d"},"content":{"rendered":"<p><strong>C\u00daCUTA.-<\/strong> Las autoridades locales y regionales, civiles, policiales y militares, \u201ccontin\u00faan haci\u00e9ndose los de la vista gorda, ante la arremetida paramilitar a un territorio que durante los \u00faltimos 30 a\u00f1os no ha descansado de recibir violencia y agresiones a sus derechos fundamentales\u201d.<\/p>\n<p>La denuncia la hizo el director de la Fundaci\u00f3n Progresar \u2013 C\u00facuta, Wilfeedo Ca\u00f1izares, en comunicado difundido esta semana mediante correos electr\u00f3nicos. En los \u00faltimos a\u00f1os, la ONG ha reiterado acerca de la presencia permanente y el control territorial que ejercen \u2018Los Rastrojos\u2019 y \u2018Los Urabe\u00f1os\u2019 en el \u00c1rea Metropolitana.<\/p>\n<p>Esos grupos armados ilegales son herederos del fracasado proceso de desmovilizaci\u00f3n de las Auc, dise\u00f1ado durante el gobierno del expresidente \u00c1lvaro Uribe.<\/p>\n<p>El primero de agosto, Progresar llam\u00f3 la atenci\u00f3n, por medio de una acci\u00f3n urgente, \u201cacerca del riesgo en que se encontraban las comunidades de los corregimientos Palmarito, Banco de Arena, Buena Esperanza y Agua Clara entre otros.<\/p>\n<p>El inminente peligro de los habitantes ocurre a ra\u00edz de la disputa territorial entre los dos bandos ilegales. El enfrentamiento dej\u00f3 varios muertos, entre los que figuran dos agentes de la Polic\u00eda. \u201cHasta el momento, ninguna entidad p\u00fablica ha respondido al llamado\u201d.<\/p>\n<p>En los \u00faltimos dos meses la presencia permanente de los grupos armados se ha visto representada en la ejecuci\u00f3n de atropellos y cr\u00edmenes contra la comunidad.<\/p>\n<p>La fundaci\u00f3n destac\u00f3 los siguientes delitos:<\/p>\n<p>1.- Homicidios<\/p>\n<p>2.- Desapariciones forzadas<\/p>\n<p>3.- Reclutamiento forzado de menores<\/p>\n<p>4.- Extorsiones<\/p>\n<p>5.- Amenazas individuales y colectivas<\/p>\n<p>6.- Prohibici\u00f3n para efectuar reuniones de todo tipo<\/p>\n<p>7.- Hostigamiento armado en los caser\u00edos<\/p>\n<p>8.- Confinamiento a una decena de veredas.<\/p>\n<p>En estos \u00faltimos d\u00edas el temor se ha acrecentado con la distribuci\u00f3n de un panfleto amenazante, dirigido a los habitantes del corregimiento Agua Clara y la entrega, casa a casa, de un peri\u00f3dico tabloide de 16 p\u00e1ginas, de septiembre, de las Autodefensas Gaitanistas de Colombia.<\/p>\n<p>La situaci\u00f3n afecta de manera directa a la poblaci\u00f3n civil, que deber\u00eda gozar de especial protecci\u00f3n por parte del Estado en el marco jur\u00eddico nacional y del Derecho Internacional Humanitario, se\u00f1al\u00f3 Ca\u00f1izares en el documento.<\/p>\n<p>\u201cTodo esto ocurre ante la mirada complaciente de las autoridades civiles y una fuerte presencia de miembros de la Polic\u00eda\u201d, concluy\u00f3.<\/p>\n<p>&nbsp; <\/p>\n","protected":false},"excerpt":{"rendered":"<p>C\u00daCUTA.- Las autoridades locales y regionales, civiles, policiales y militares, \u201ccontin\u00faan haci\u00e9ndose los de la vista gorda, ante la arremetida paramilitar a un territorio que durante los \u00faltimos 30 a\u00f1os no ha descansado de recibir violencia y agresiones a sus derechos fundamentales\u201d. La denuncia la hizo el director de la Fundaci\u00f3n Progresar \u2013 C\u00facuta, Wilfeedo &hellip;<\/p>\n","protected":false},"author":1,"featured_media":22662,"comment_status":"open","ping_status":"open","sticky":false,"template":"","format":"standard","meta":{"footnotes":""},"categories":[11,6],"tags":[1707,831,390,207],"class_list":["post-22661","post","type-post","status-publish","format-standard","has-post-thumbnail","hentry","category-cronica-roja","category-ojo-avizor","tag-arremetida-paramilitar","tag-fundacion-progresar-cucuta","tag-los-rastrojos","tag-los-urabenos"],"_links":{"self":[{"href":"https:\/\/contraluzcucuta.co\/index.php?rest_route=\/wp\/v2\/posts\/22661","targetHints":{"allow":["GET"]}}],"collection":[{"href":"https:\/\/contraluzcucuta.co\/index.php?rest_route=\/wp\/v2\/posts"}],"about":[{"href":"https:\/\/contraluzcucuta.co\/index.php?rest_route=\/wp\/v2\/types\/post"}],"author":[{"embeddable":true,"href":"https:\/\/contraluzcucuta.co\/index.php?rest_route=\/wp\/v2\/users\/1"}],"replies":[{"embeddable":true,"href":"https:\/\/contraluzcucuta.co\/index.php?rest_route=%2Fwp%2Fv2%2Fcomments&post=22661"}],"version-history":[{"count":1,"href":"https:\/\/contraluzcucuta.co\/index.php?rest_route=\/wp\/v2\/posts\/22661\/revisions"}],"predecessor-version":[{"id":22663,"href":"https:\/\/contraluzcucuta.co\/index.php?rest_route=\/wp\/v2\/posts\/22661\/revisions\/22663"}],"wp:featuredmedia":[{"embeddable":true,"href":"https:\/\/contraluzcucuta.co\/index.php?rest_route=\/wp\/v2\/media\/22662"}],"wp:attachment":[{"href":"https:\/\/contraluzcucuta.co\/index.php?rest_route=%2Fwp%2Fv2%2Fmedia&parent=22661"}],"wp:term":[{"taxonomy":"category","embeddable":true,"href":"https:\/\/contraluzcucuta.co\/index.php?rest_route=%2Fwp%2Fv2%2Fcategories&post=22661"},{"taxonomy":"post_tag","embeddable":true,"href":"https:\/\/contraluzcucuta.co\/index.php?rest_route=%2Fwp%2Fv2%2Ftags&post=22661"}],"curies":[{"name":"wp","href":"https:\/\/api.w.org\/{rel}","templated":true}]}}