{"id":22658,"date":"2014-10-02T19:28:30","date_gmt":"2014-10-03T00:28:30","guid":{"rendered":"http:\/\/contraluzcucuta.co\/?p=22658"},"modified":"2014-10-04T16:35:39","modified_gmt":"2014-10-04T21:35:39","slug":"crisis-en-venezuela-periodico-tal-cual-con-menos-paginas-ira-hasta-el-23-de-octubre","status":"publish","type":"post","link":"https:\/\/contraluzcucuta.co\/?p=22658","title":{"rendered":"CRISIS EN VENEZUELA. Peri\u00f3dico Tal Cual, con menos p\u00e1ginas, ir\u00e1 hasta el 23 de octubre"},"content":{"rendered":"<p>El diario Tal Cual inform\u00f3 el primero de octubre, mediante la nota editorial en la portada, que dej\u00f3 de imprimir y distribuir sus ediciones con el Grupo \u00daltimas Noticias. \u201cNos toca ahora a nosotros. A partir de ayer ces\u00f3 por razones supuestamente t\u00e9cnicas, la impresi\u00f3n y distribuci\u00f3n de este diario que hac\u00eda desde hace algunos a\u00f1os, en t\u00e9rminos estrictamente comerciales, la otrora Cadena Capriles, hoy en manos de un grupo ostentosamente sumiso a los designios gubernamentales, que ya mostr\u00f3 su talante reprimiendo a valiosos periodistas que prestaban sus servicios a la empresa. Era de esperarse. Ello nos ha obligado a buscar un nuevo impresor, al margen de las empresas period\u00edsticas mayores que tambi\u00e9n padecen de la carencia del papel manipulado\u201d, se lee en el editorial firmado por su director, Teodoro Petkoff y el articulista Fernando Rodr\u00edguez.<\/p>\n<p>El medio tambi\u00e9n se\u00f1al\u00f3 que reducir\u00e1n a partir del 2 de octubre el n\u00famero de p\u00e1ginas de las ediciones semanales en un tercio, ocho p\u00e1ginas, y en la mitad, diecis\u00e9is, la edici\u00f3n del Fin de Semana. Tal Cual prev\u00e9 un futuro dif\u00edcil a corto plazo debido a que la empresa que se encargar\u00e1 de imprimir las ediciones de ahora en adelante tiene papel prensa hasta el 23 de octubre.<\/p>\n<p>\u201cPedimos excusas a nuestros amigos lectores por esta mutilaci\u00f3n de nuestros contenidos, a ese p\u00fablico amplio y fiel, por dem\u00e1s enterado, que nos ha seguido por casi tres lustros. No nos cabe sino decir que lo sentimos mucho\u201d, explican.<\/p>\n<p>En el art\u00edculo tambi\u00e9n se recuerda que el presidente de la Asamblea Nacional, Diosdado Cabello, demand\u00f3 al articulista Carlos Genatios y a la directiva del impreso. Tambi\u00e9n denunciaron la \u201cpresi\u00f3n sobre los anunciantes para inhibirlos de promoverse\u201d en las p\u00e1ginas del medio y \u201clos diversos juicios que contra el diario se han incoado durante a\u00f1os\u201d.<\/p>\n<p>Por \u00faltimo, Petkoff y Rodr\u00edguez aseguran que la situaci\u00f3n por la que pasa Tal Cual \u201cno merma nuestros deseos y voluntad de seguir batallando, porque sentimos que tenemos un lugar necesario en este momento en el pa\u00eds tenebroso que nos rodea. Porque seguimos fieles a la l\u00ednea trazada desde nuestros inicios de ser realmente independientes de cualquier inter\u00e9s ajeno a nuestra tarea, de ser fieles a la verdad period\u00edstica, de hablar siempre claro y raspao como reza nuestro lema; por todo eso, seguimos adelante\u201d.<\/p>\n<p><strong>Fuente: Espacio P\u00fablico.<\/strong><\/p>\n<p><strong>V\u00eda: Prensa CNP Caracas.<\/strong><\/p>\n<p>Foto:\u00a0<a class=\"_ZR irc_hol\" style=\"color: #7d7d7d;\" href=\"https:\/\/www.google.com.co\/url?sa=i&amp;rct=j&amp;q=&amp;esrc=s&amp;source=images&amp;cd=&amp;cad=rja&amp;uact=8&amp;docid=2VCMhri0N0nbKM&amp;tbnid=UB-AOFHvpLskcM:&amp;ved=0CAYQjB0&amp;url=http%3A%2F%2Fwww.lapatilla.com%2Fsite%2F2014%2F10%2F01%2Fcadena-capriles-dejo-de-imprimir-y-distribuir-el-diario-tal-cual%2F&amp;ei=3ewtVKqQIcf5yQSd5ICAAQ&amp;bvm=bv.76802529,d.cWc&amp;psig=AFQjCNH7UM1LGz6pmjz9co5nKs7FC2Edmw&amp;ust=1412382195967688\" data-ved=\"0CAYQjB0\" data-href=\"http:\/\/www.lapatilla.com\/site\/2014\/10\/01\/cadena-capriles-dejo-de-imprimir-y-distribuir-el-diario-tal-cual\/\"><span class=\"irc_ho\" dir=\"ltr\" style=\"color: #7d7d7d;\">www.lapatilla.com<\/span><\/a><\/p>\n<p>&nbsp; <\/p>\n","protected":false},"excerpt":{"rendered":"<p>El diario Tal Cual inform\u00f3 el primero de octubre, mediante la nota editorial en la portada, que dej\u00f3 de imprimir y distribuir sus ediciones con el Grupo \u00daltimas Noticias. \u201cNos toca ahora a nosotros. A partir de ayer ces\u00f3 por razones supuestamente t\u00e9cnicas, la impresi\u00f3n y distribuci\u00f3n de este diario que hac\u00eda desde hace algunos &hellip;<\/p>\n","protected":false},"author":1,"featured_media":22659,"comment_status":"open","ping_status":"open","sticky":false,"template":"","format":"standard","meta":{"footnotes":""},"categories":[1326,6],"tags":[1706,1164,1705],"class_list":["post-22658","post","type-post","status-publish","format-standard","has-post-thumbnail","hentry","category-crisis-en-venezuela-2","category-ojo-avizor","tag-cnp-caracas","tag-crisis-en-venezuela","tag-periodico-tal-cual"],"_links":{"self":[{"href":"https:\/\/contraluzcucuta.co\/index.php?rest_route=\/wp\/v2\/posts\/22658","targetHints":{"allow":["GET"]}}],"collection":[{"href":"https:\/\/contraluzcucuta.co\/index.php?rest_route=\/wp\/v2\/posts"}],"about":[{"href":"https:\/\/contraluzcucuta.co\/index.php?rest_route=\/wp\/v2\/types\/post"}],"author":[{"embeddable":true,"href":"https:\/\/contraluzcucuta.co\/index.php?rest_route=\/wp\/v2\/users\/1"}],"replies":[{"embeddable":true,"href":"https:\/\/contraluzcucuta.co\/index.php?rest_route=%2Fwp%2Fv2%2Fcomments&post=22658"}],"version-history":[{"count":1,"href":"https:\/\/contraluzcucuta.co\/index.php?rest_route=\/wp\/v2\/posts\/22658\/revisions"}],"predecessor-version":[{"id":22660,"href":"https:\/\/contraluzcucuta.co\/index.php?rest_route=\/wp\/v2\/posts\/22658\/revisions\/22660"}],"wp:featuredmedia":[{"embeddable":true,"href":"https:\/\/contraluzcucuta.co\/index.php?rest_route=\/wp\/v2\/media\/22659"}],"wp:attachment":[{"href":"https:\/\/contraluzcucuta.co\/index.php?rest_route=%2Fwp%2Fv2%2Fmedia&parent=22658"}],"wp:term":[{"taxonomy":"category","embeddable":true,"href":"https:\/\/contraluzcucuta.co\/index.php?rest_route=%2Fwp%2Fv2%2Fcategories&post=22658"},{"taxonomy":"post_tag","embeddable":true,"href":"https:\/\/contraluzcucuta.co\/index.php?rest_route=%2Fwp%2Fv2%2Ftags&post=22658"}],"curies":[{"name":"wp","href":"https:\/\/api.w.org\/{rel}","templated":true}]}}