{"id":22649,"date":"2014-09-30T21:27:02","date_gmt":"2014-10-01T02:27:02","guid":{"rendered":"http:\/\/contraluzcucuta.co\/?p=22649"},"modified":"2014-10-02T21:49:30","modified_gmt":"2014-10-03T02:49:30","slug":"analisis-analfabetismo-urgencia-nacional","status":"publish","type":"post","link":"https:\/\/contraluzcucuta.co\/?p=22649","title":{"rendered":"AN\u00c1LISIS. Analfabetismo: urgencia nacional"},"content":{"rendered":"<p>Nos caus\u00f3 sorpresa enterarnos que solo hasta el 2018 podremos declarar a Colombia pa\u00eds libre de analfabetismo, cuando esta honrosa meta la logr\u00f3 Cuba hace muchos a\u00f1os, a pesar de ser un pa\u00eds con menguados recursos y sometido a un sistem\u00e1tico bloqueo econ\u00f3mico por parte de Estados Unidos.<\/p>\n<p>Sabemos que estamos mal en educaci\u00f3n y que fue esta una de las razones por las que Colombia se volvi\u00f3 a rajar\u00a0 en las Pruebas Internacionales de Educaci\u00f3n del Programa de Evaluaci\u00f3n Internacional de Estudiantes (PISA), que hace la Organizaci\u00f3n para la Cooperaci\u00f3n y el Desarrollo Econ\u00f3mico (Ocde) y que eval\u00faa los desempe\u00f1os acad\u00e9micos de los escolares de 15 a\u00f1os en diferentes pa\u00edses.\u00a0 Pero el Programa Nacional de Alfabetizaci\u00f3n 2014-2018 que lanz\u00f3 el Gobierno, y que busca bajar a 3,2 el \u00edndice de analfabetismo, que hoy es de 5,7 nos mostr\u00f3 la cruda realidad en que se encuentra la educaci\u00f3n colombiana y que no es extra\u00f1eza para nadie decir que toda esta grave situaci\u00f3n acumulada en muchos gobiernos\u00a0 es realmente una verg\u00fcenza y su superaci\u00f3n se constituye en emergencia manifiesta.<\/p>\n<p>Y lo preocupante\u00a0 de todo esto es que nadie responde por esta situaci\u00f3n y este hecho s\u00ed debe ser aclarado en forma manifiesta por el Gobierno. \u00a0Las pol\u00edticas p\u00fablicas en educaci\u00f3n han sido asumidas con ligereza y superficialidad por las instancias de direcci\u00f3n del Estado. A estas alturas nos preguntamos\u00a0 \u00bfcu\u00e1l es la tarea de vigilancia que deben cumplir el Senado y la C\u00e1mara de Representantes y qu\u00e9 papel de responsabilidad le cabe a la Corte Constitucional que no ha tomado cartas en el asunto y acepta, en forma pasiva, las deprimidas cifras de colombianos que en pleno siglo XXI no saben leer ni escribir?<\/p>\n<p>C\u00f3mo explicarles a los colombianos los altos porcentajes de poblaci\u00f3n en analfabetismo galopante que presenta el territorio nacional. Veamos las encuestas a rengl\u00f3n seguido: Choc\u00f3 tiene el 18,7 % de su poblaci\u00f3n iletrada, contin\u00faa Sucre con 15,3 %, Guajira 15 %, C\u00f3rdoba 12,7 %, Cesar 12,3 %, Magdalena 11,8 %, Bol\u00edvar 9,7 %, Nari\u00f1o 8,4 %, Norte de Santander 7,8 %, Tolima 7,7 %, Cauca 7,4 %, Caquet\u00e1 7,2 %, Huila 6,7 %, Quind\u00edo 6,2 %, Meta 6,0 %, Caldas 5,9 %, Boyac\u00e1 5,8 %, Antioquia 5,7 %, Risaralda 5,1 %, Atl\u00e1ntico 5,0 %, Santander 4,8 %, Cundinamarca 4,8 %, Valle 4,6 % y Bogot\u00e1 1,8 %, la \u00fanica que puede considerarse libre de analfabetismo. Fuente: DANE primer semestre de 2014 Ministerio de Educaci\u00f3n.<\/p>\n<p>Es decir, centenares de colombianos\u00a0 viven en las cavernas de la ignorancia para quienes el alto desarrollo intelectual y tecnol\u00f3gico del mundo son meras entelequias difundidas en los medios de comunicaci\u00f3n.<\/p>\n<p>Esta an\u00e1rquica situaci\u00f3n en que se mantienen nuestros compatriotas iletrados es el resultado irresponsable de haber destinado, por muchos a\u00f1os y por muchos gobiernos, el presupuesto central de la naci\u00f3n para ser utilizado en maquinarias de guerra, en \u201cpresupuestos de defensa\u201d y en armas sofisticadas que lo que han logrado es acrecentar el grave conflicto social y armado que afrontamos, cuando el sentido com\u00fan indica que es urgente fortalecer los grupos de maestros que deben cumplir a lo largo y ancho del territorio nacional la meritoria tarea de conducir, a todos los colombianos, sin excepci\u00f3n, a los espacios del conocimiento y la cultura.<\/p>\n<p>En medio de la decepci\u00f3n que nos producen estas cifras estad\u00edsticas debemos reconocer y exaltar las palabras del presidente Santos durante la presentaci\u00f3n del Programa Nacional de Alfabetizaci\u00f3n 2014-2018 cuando dijo \u201cvamos a concentrarnos en aquellas zonas donde est\u00e1 arraigado el analfabetismo que, y esto no es una sorpresa o no debe sorprender a nadie, tambi\u00e9n coincide con las zonas donde ha estado m\u00e1s presente el conflicto, donde el conflicto armado ha hecho m\u00e1s estragos\u201d.<\/p>\n<p>Entendemos el compromiso presidencial, porque en el discurso de posesi\u00f3n para este segundo periodo, fue claro cuando manifest\u00f3 que el esfuerzo fundamental del Gobierno ser\u00e1 por el fortalecimiento de la educaci\u00f3n, la equidad y la paz. Es imposible lograr una sociedad en paz y en justicia social si la educaci\u00f3n sigue siendo la cenicienta en la asignaci\u00f3n del presupuesto nacional.<\/p>\n<p>Quiz\u00e1s cuando los colombianos masivamente apoyamos en la segunda vuelta al presidente Santos lo hicimos con la esperanza real de que pueda invertir esa pir\u00e1mide tenebrosa de entregar los recursos para la guerra cuando estos deben ser entregados\u00a0 para la educaci\u00f3n y la paz. Esperamos no habernos equivocado en esta decisi\u00f3n y los \u00faltimos esfuerzos del Presidente, por erradicar el analfabetismo en Colombia, nos pueden conceder la raz\u00f3n.<\/p>\n<p><strong>ALONSO OJEDA AWAD<\/strong><\/p>\n<p><strong>Ex\u00a0 embajador de Colombia<\/strong><\/p>\n<p><strong>Director Programa Paz de la Universidad Pedag\u00f3gica Nacional<\/strong><\/p>\n<p>Foto:\u00a0<a class=\"_ZR irc_hol\" style=\"color: #d6d6d6;\" href=\"https:\/\/www.google.com.co\/url?sa=i&amp;rct=j&amp;q=&amp;esrc=s&amp;source=images&amp;cd=&amp;cad=rja&amp;uact=8&amp;docid=dLk_cVvzPuMv2M&amp;tbnid=K2GMJMhSfCQSMM:&amp;ved=0CAYQjB0&amp;url=http%3A%2F%2Fwww.bucaramanga.gov.co%2FPrensa%2Fpost%2F2014%2F08%2F01%2FGobierno-Social-continua-su-lucha-sin-cuartel-contra-el-analfabetismo.aspx&amp;ei=9mUrVL3qCdiQNvDdgugO&amp;bvm=bv.76477589,d.eXY&amp;psig=AFQjCNGMv3lz0LeqXRbZGDJR_03llNTpOA&amp;ust=1412216648810876\" data-ved=\"0CAYQjB0\" data-href=\"http:\/\/www.bucaramanga.gov.co\/Prensa\/post\/2014\/08\/01\/Gobierno-Social-continua-su-lucha-sin-cuartel-contra-el-analfabetismo.aspx\"><span class=\"irc_ho\" dir=\"ltr\" style=\"color: #d6d6d6;\">www.bucaramanga.gov.co<\/span><\/a><\/p>\n<p>&nbsp;<\/p>\n<p>&nbsp; <\/p>\n","protected":false},"excerpt":{"rendered":"<p>Nos caus\u00f3 sorpresa enterarnos que solo hasta el 2018 podremos declarar a Colombia pa\u00eds libre de analfabetismo, cuando esta honrosa meta la logr\u00f3 Cuba hace muchos a\u00f1os, a pesar de ser un pa\u00eds con menguados recursos y sometido a un sistem\u00e1tico bloqueo econ\u00f3mico por parte de Estados Unidos. Sabemos que estamos mal en educaci\u00f3n y &hellip;<\/p>\n","protected":false},"author":1,"featured_media":22650,"comment_status":"open","ping_status":"open","sticky":false,"template":"","format":"standard","meta":{"footnotes":""},"categories":[14,36],"tags":[830,1704],"class_list":["post-22649","post","type-post","status-publish","format-standard","has-post-thumbnail","hentry","category-articulistas","category-la-voz-del-pueblo","tag-alonso-ojeda","tag-analfabetismo-en-colombia"],"_links":{"self":[{"href":"https:\/\/contraluzcucuta.co\/index.php?rest_route=\/wp\/v2\/posts\/22649","targetHints":{"allow":["GET"]}}],"collection":[{"href":"https:\/\/contraluzcucuta.co\/index.php?rest_route=\/wp\/v2\/posts"}],"about":[{"href":"https:\/\/contraluzcucuta.co\/index.php?rest_route=\/wp\/v2\/types\/post"}],"author":[{"embeddable":true,"href":"https:\/\/contraluzcucuta.co\/index.php?rest_route=\/wp\/v2\/users\/1"}],"replies":[{"embeddable":true,"href":"https:\/\/contraluzcucuta.co\/index.php?rest_route=%2Fwp%2Fv2%2Fcomments&post=22649"}],"version-history":[{"count":1,"href":"https:\/\/contraluzcucuta.co\/index.php?rest_route=\/wp\/v2\/posts\/22649\/revisions"}],"predecessor-version":[{"id":22651,"href":"https:\/\/contraluzcucuta.co\/index.php?rest_route=\/wp\/v2\/posts\/22649\/revisions\/22651"}],"wp:featuredmedia":[{"embeddable":true,"href":"https:\/\/contraluzcucuta.co\/index.php?rest_route=\/wp\/v2\/media\/22650"}],"wp:attachment":[{"href":"https:\/\/contraluzcucuta.co\/index.php?rest_route=%2Fwp%2Fv2%2Fmedia&parent=22649"}],"wp:term":[{"taxonomy":"category","embeddable":true,"href":"https:\/\/contraluzcucuta.co\/index.php?rest_route=%2Fwp%2Fv2%2Fcategories&post=22649"},{"taxonomy":"post_tag","embeddable":true,"href":"https:\/\/contraluzcucuta.co\/index.php?rest_route=%2Fwp%2Fv2%2Ftags&post=22649"}],"curies":[{"name":"wp","href":"https:\/\/api.w.org\/{rel}","templated":true}]}}