{"id":22637,"date":"2014-09-28T08:45:32","date_gmt":"2014-09-28T13:45:32","guid":{"rendered":"http:\/\/contraluzcucuta.co\/?p=22637"},"modified":"2014-09-30T22:17:25","modified_gmt":"2014-10-01T03:17:25","slug":"visitas-ministeriales-interior-y-hacienda-entregaron-casas-y-motocicletas","status":"publish","type":"post","link":"https:\/\/contraluzcucuta.co\/?p=22637","title":{"rendered":"VISITAS MINISTERIALES. Interior y Hacienda entregaron casas y motocicletas"},"content":{"rendered":"<p><strong>C\u00daCUTA.-<\/strong> Los ministros de Hacienda y Cr\u00e9dito P\u00fablico, Mauricio C\u00e1rdenas Santamar\u00eda, y del Interior, Juan Fernando Cristo, visitaron el \u00c1rea Metropolitana en las \u00faltimas horas y participaron en \u00a0la entrega de viviendas y motocicletas para la Polic\u00eda.<\/p>\n<p>Los funcionarios del alto gobierno cumplieron actividades en C\u00facuta, El Zulia y Villa del Rosario.<\/p>\n<p><strong>1.- Ministro de Hacienda<\/strong><\/p>\n<p>Entrega de 223 unidades habitacionales, destinadas a los damnificados por la pasa ola invernal, 138 corresponden a apartamentos en Estoraques; 45, a casas en San Fernando del Rodeo, y 40, a apartamentos en Cormoranes.<\/p>\n<p>Las unidades habitacionales, han sido construidas por intermedio del Fondo de Adaptaci\u00f3n, entidad constituida para atender la construcci\u00f3n, reconstrucci\u00f3n, recuperaci\u00f3n y reactivaci\u00f3n econ\u00f3mica de las zonas afectadas por el fen\u00f3meno de La Ni\u00f1a 2010 \u2013 2011, con criterios de mitigaci\u00f3n y prevenci\u00f3n del riesgo.<\/p>\n<p>Mauricio C\u00e1rdenas destac\u00f3 la tarea adelantada por el Alcalde de C\u00facuta, como la de un gran coequipero, que a\u00fana m\u00e1s el trabajo que se asimila a la selecci\u00f3n Colombia, en busca de un solo fin.<\/p>\n<p>Germ\u00e1n Arce Zapata, gerente del Fondo Adaptaci\u00f3n, \u00a0dijo que el Gobierno construye un pa\u00eds m\u00e1s equitativo. Los beneficiados tendr\u00e1n un hogar digno, sin riesgos de inundaci\u00f3n y dotados con equipamientos urbanos para mejorar su calidad de vida.<\/p>\n<p>Donamaris Ram\u00edrez destac\u00f3 el inter\u00e9s \u00a0por la proyecci\u00f3n y el mejoramiento de las condiciones de vida de quienes residen en las unidades habitacionales levantadas.<\/p>\n<p><strong>2.- Ministro del Interior <\/strong><\/p>\n<p>Entrega de 94 motocicletas a la Polic\u00eda que hacen parte del grupo Cobra, de la Polic\u00eda Metropolitana de C\u00facuta (Mecuc), que se suman a las 200 entregadas a la instituci\u00f3n uniformada en dos a\u00f1os y nueve meses del gobierno de C\u00facuta.<\/p>\n<p>El escuadr\u00f3n Cobra est\u00e1 integrado por 180 agentes, 14 unidades de inteligencia y 20 hombres especializados en patrimonio.<\/p>\n<p>El ministro Juan Fernando Cristo revel\u00f3 que C\u00facuta tendr\u00e1 50 nuevas c\u00e1maras de seguridad para perseguir a la delincuencia.<\/p>\n<p>El alcalde Ram\u00edrez solicit\u00f3 la construcci\u00f3n de dos estaciones de polic\u00eda, una para las unidades habitacionales construidas hacia el anillo vial occidental y otra en el sector de La Gazapa que reforzar\u00eda la seguridad en el centro de la ciudad y sectores aleda\u00f1os.<\/p>\n<p>&nbsp;<\/p>\n<p>&nbsp; <\/p>\n","protected":false},"excerpt":{"rendered":"<p>C\u00daCUTA.- Los ministros de Hacienda y Cr\u00e9dito P\u00fablico, Mauricio C\u00e1rdenas Santamar\u00eda, y del Interior, Juan Fernando Cristo, visitaron el \u00c1rea Metropolitana en las \u00faltimas horas y participaron en \u00a0la entrega de viviendas y motocicletas para la Polic\u00eda. Los funcionarios del alto gobierno cumplieron actividades en C\u00facuta, El Zulia y Villa del Rosario. 1.- Ministro de &hellip;<\/p>\n","protected":false},"author":1,"featured_media":22638,"comment_status":"open","ping_status":"open","sticky":false,"template":"","format":"standard","meta":{"footnotes":""},"categories":[541,36],"tags":[1698,1699,783,996,997,1697,1700],"class_list":["post-22637","post","type-post","status-publish","format-standard","has-post-thumbnail","hentry","category-ciudad","category-la-voz-del-pueblo","tag-cormoranes","tag-estoraques","tag-juan-fernando-cristo","tag-mauricio-cardenas","tag-ministro-de-hacienda","tag-ministro-del-interior","tag-san-fernando-del-rodeo"],"_links":{"self":[{"href":"https:\/\/contraluzcucuta.co\/index.php?rest_route=\/wp\/v2\/posts\/22637","targetHints":{"allow":["GET"]}}],"collection":[{"href":"https:\/\/contraluzcucuta.co\/index.php?rest_route=\/wp\/v2\/posts"}],"about":[{"href":"https:\/\/contraluzcucuta.co\/index.php?rest_route=\/wp\/v2\/types\/post"}],"author":[{"embeddable":true,"href":"https:\/\/contraluzcucuta.co\/index.php?rest_route=\/wp\/v2\/users\/1"}],"replies":[{"embeddable":true,"href":"https:\/\/contraluzcucuta.co\/index.php?rest_route=%2Fwp%2Fv2%2Fcomments&post=22637"}],"version-history":[{"count":1,"href":"https:\/\/contraluzcucuta.co\/index.php?rest_route=\/wp\/v2\/posts\/22637\/revisions"}],"predecessor-version":[{"id":22639,"href":"https:\/\/contraluzcucuta.co\/index.php?rest_route=\/wp\/v2\/posts\/22637\/revisions\/22639"}],"wp:featuredmedia":[{"embeddable":true,"href":"https:\/\/contraluzcucuta.co\/index.php?rest_route=\/wp\/v2\/media\/22638"}],"wp:attachment":[{"href":"https:\/\/contraluzcucuta.co\/index.php?rest_route=%2Fwp%2Fv2%2Fmedia&parent=22637"}],"wp:term":[{"taxonomy":"category","embeddable":true,"href":"https:\/\/contraluzcucuta.co\/index.php?rest_route=%2Fwp%2Fv2%2Fcategories&post=22637"},{"taxonomy":"post_tag","embeddable":true,"href":"https:\/\/contraluzcucuta.co\/index.php?rest_route=%2Fwp%2Fv2%2Ftags&post=22637"}],"curies":[{"name":"wp","href":"https:\/\/api.w.org\/{rel}","templated":true}]}}