{"id":22634,"date":"2014-09-28T07:38:38","date_gmt":"2014-09-28T12:38:38","guid":{"rendered":"http:\/\/contraluzcucuta.co\/?p=22634"},"modified":"2014-09-30T21:57:46","modified_gmt":"2014-10-01T02:57:46","slug":"miradas-ajenas-cucuta-al-natural","status":"publish","type":"post","link":"https:\/\/contraluzcucuta.co\/?p=22634","title":{"rendered":"MIRADAS AJENAS. C\u00facuta, al natural"},"content":{"rendered":"<p><em>Cuna de la Rep\u00fablica, la din\u00e1mica ciudad es una puerta al mundo para Colombia. Hoy, mirando al futuro, se trata de la capital de una regi\u00f3n con mucho para ofrecer a los viajeros amantes de lo aut\u00e9ntico.<\/em><\/p>\n<p>Visitar C\u00facuta es viajar en el tiempo. La capital de Norte de Santander es un glorioso almanaque de la historia de Colombia. La ciudad que vio nacer en 1792 a Francisco de Paula Santander, \u2018el hombre de las leyes\u2019, vivi\u00f3 su episodio m\u00e1s ilustre en 1821 al ser sede\u00a0 del Congreso en el que se redact\u00f3 la Constituci\u00f3n de C\u00facuta.<\/p>\n<p>En aquel acto, Bol\u00edvar, Santander, Nari\u00f1o y otros pr\u00f3ceres de la Independencia le dieron vida a la Gran Colombia, una de las primeras rep\u00fablicas de Am\u00e9rica Latina.<\/p>\n<p>Hoy, la casa natal de Santander es un bello museo ubicado en el Parque Grancolombiano del municipio vecino de Villa del Rosario, donde se puede visitar tambi\u00e9n el Templo Hist\u00f3rico que alberg\u00f3 las discusiones del Congreso. Este viaje al pasado es la etapa inicial recomendada para sentir el latido de la Perla del Norte.<\/p>\n<p>Fiel a su car\u00e1cter precursor y su tradici\u00f3n comercial, C\u00facuta se convirti\u00f3 pronto en un punto neur\u00e1lgico de la joven rep\u00fablica. Al ser un lugar de confluencia, vio entrar la primera mata de caf\u00e9 de Colombia y salir hacia Europa sus primeros bultos de cacao. Recibi\u00f3 olas de migrantes italianos, alemanes y franceses que contribuyeron a su modernizaci\u00f3n.<\/p>\n<p>Este esp\u00edritu abierto se siente hoy en el nuevo desarrollo que vive la ciudad. Un paseo por las calles arborizadas del centro y la Avenida de los Faroles, una visita a la Biblioteca P\u00fablica Julio P\u00e9rez Ferrero, una noche cultural en los teatros Zulima y La Playa, una cena en los restaurantes de la zona rosa o unas copas en los <em>pubs<\/em> del barrio Los Caobos son las mejores formas de disfrutar los nuevos aires de C\u00facuta, c\u00e1lidos y acogedores. Su gente es su mayor patrimonio, el cual se revela en toda su naturalidad alrededor de unos pasteles de garbanzo a media ma\u00f1ana, de un plato de cabrito dorado o de mute un domingo por la tarde.<\/p>\n<p>Encuentro de culturas e historias, C\u00facuta tambi\u00e9n es un encuentro de aguas. Al norte de la ciudad, el r\u00edo T\u00e1chira, adem\u00e1s de servir de frontera natural, desemboca en el r\u00edo Pamplonita, que atraviesa la ciudad de sur a norte. Eje de desarrollo de la ciudad en los siglos XVIII y XIX, Pamplonita es hoy una ruta de bienestar a lo largo de su famoso malec\u00f3n; el paseo favorito de los cucute\u00f1os.<\/p>\n<p><strong>DEL R\u00cdO AL P\u00c1RAMO: UNA VUELTA AL SUR<\/strong><\/p>\n<p>La cuenca del Pamplonita hacia el sur es tambi\u00e9n una hermosa ruta de turismo. La v\u00eda atraviesa profundos valles de clima m\u00e1s fresco, que ofrecen un escenario ideal para un paseo de dos o tres d\u00edas. La primera etapa, a unos 30 kil\u00f3metros de C\u00facuta, son los termales El Raiz\u00f3n y El Azufral, que tienen unas piscinas calientes en medio de la naturaleza. Despu\u00e9s de un saludable ba\u00f1o azufrado, se puede seguir hacia el vecino pueblo de Bochalema. Ah\u00ed, los m\u00e1s aventureros encontrar\u00e1n m\u00faltiples opciones de deportes extremos en sus ca\u00f1ones, cascadas y caminos, ofrecidas por gu\u00edas experimentados de la Casa de la Cultura. Los m\u00e1s calmados podr\u00e1n contemplar el grandioso sam\u00e1n del parque y la famosa colecci\u00f3n de orqu\u00eddeas del franc\u00e9s jean Denys Tourneaux.<\/p>\n<p>A una hora de Bochalema, la v\u00eda hacia el sur llega a Pamplona, una animada urbe con alma de pueblo y coraz\u00f3n de capital. Fundada 178 a\u00f1os antes que C\u00facuta, Pamplona lleva casi 500 celebrando la Semana Santa con significativas procesiones. Es una ciudad culta por excelencia, cuna de la figura del arte contempor\u00e1neo colombiano, Eduardo Ram\u00edrez Villamizar. Es tambi\u00e9n casa para m\u00e1s de 20.000 estudiantes de la Universidad de Pamplona oriundos de toda Colombia. Joven y diversa, la \u2018Ciudad de las Neblinas se vive en sus calles, en sus patios, o en su Mercado Central, monumento nacional. Antes de seguir el camino, nadie se puede despedir de Pamplona sin visitar sus famosas panader\u00edas, que como la de la familia Ch\u00e1vez, llevan d\u00e9cadas horneando pasteles de arveja, pastelillos y oteas exquisitas colaciones.<\/p>\n<p>La ruta del sur termina en el silencio de las cumbres. Media hora despu\u00e9s de Pamplona se encuentra el pueblo de C\u00e1cota, tierra de hospitalarios campesinos y alfareros que perpet\u00faan la tradici\u00f3n ind\u00edgena. Despu\u00e9s del sol de C\u00facuta y el frenes\u00ed de Pamplona, qu\u00e9 mejor refugio que el silencio milenario del p\u00e1ramo y las lagunas de C\u00e1cota. Una \u00faltima ocasi\u00f3n para contemplar el presente de esta regi\u00f3n de tradici\u00f3n y pujanza, de ilustre pasado y prometedor porvenir.<\/p>\n<p><strong>Texto: SEBASTI\u00c9N LONGHURST<\/strong><\/p>\n<p><strong>Art\u00edculo publicado en AVIANCA, LA REVISTA, volumen 2, N\u00ba 13, junio de 2014<\/strong><\/p>\n<p>aviancaenrevista@avianca.com<\/p>\n<p>Foto: RAFAEL ANTONIO PAB\u00d3N<\/p>\n<p>rafaelpabon58@hotmail.com<\/p>\n<p>&nbsp; <\/p>\n","protected":false},"excerpt":{"rendered":"<p>Cuna de la Rep\u00fablica, la din\u00e1mica ciudad es una puerta al mundo para Colombia. Hoy, mirando al futuro, se trata de la capital de una regi\u00f3n con mucho para ofrecer a los viajeros amantes de lo aut\u00e9ntico. Visitar C\u00facuta es viajar en el tiempo. La capital de Norte de Santander es un glorioso almanaque de &hellip;<\/p>\n","protected":false},"author":1,"featured_media":22635,"comment_status":"open","ping_status":"open","sticky":false,"template":"","format":"standard","meta":{"footnotes":""},"categories":[541,10,36,39],"tags":[1696,318],"class_list":["post-22634","post","type-post","status-publish","format-standard","has-post-thumbnail","hentry","category-ciudad","category-cronicas","category-la-voz-del-pueblo","category-miradas-ajenas","tag-avianca-en-revista","tag-cucuta"],"_links":{"self":[{"href":"https:\/\/contraluzcucuta.co\/index.php?rest_route=\/wp\/v2\/posts\/22634","targetHints":{"allow":["GET"]}}],"collection":[{"href":"https:\/\/contraluzcucuta.co\/index.php?rest_route=\/wp\/v2\/posts"}],"about":[{"href":"https:\/\/contraluzcucuta.co\/index.php?rest_route=\/wp\/v2\/types\/post"}],"author":[{"embeddable":true,"href":"https:\/\/contraluzcucuta.co\/index.php?rest_route=\/wp\/v2\/users\/1"}],"replies":[{"embeddable":true,"href":"https:\/\/contraluzcucuta.co\/index.php?rest_route=%2Fwp%2Fv2%2Fcomments&post=22634"}],"version-history":[{"count":1,"href":"https:\/\/contraluzcucuta.co\/index.php?rest_route=\/wp\/v2\/posts\/22634\/revisions"}],"predecessor-version":[{"id":22636,"href":"https:\/\/contraluzcucuta.co\/index.php?rest_route=\/wp\/v2\/posts\/22634\/revisions\/22636"}],"wp:featuredmedia":[{"embeddable":true,"href":"https:\/\/contraluzcucuta.co\/index.php?rest_route=\/wp\/v2\/media\/22635"}],"wp:attachment":[{"href":"https:\/\/contraluzcucuta.co\/index.php?rest_route=%2Fwp%2Fv2%2Fmedia&parent=22634"}],"wp:term":[{"taxonomy":"category","embeddable":true,"href":"https:\/\/contraluzcucuta.co\/index.php?rest_route=%2Fwp%2Fv2%2Fcategories&post=22634"},{"taxonomy":"post_tag","embeddable":true,"href":"https:\/\/contraluzcucuta.co\/index.php?rest_route=%2Fwp%2Fv2%2Ftags&post=22634"}],"curies":[{"name":"wp","href":"https:\/\/api.w.org\/{rel}","templated":true}]}}