{"id":22621,"date":"2014-09-25T23:13:10","date_gmt":"2014-09-26T04:13:10","guid":{"rendered":"http:\/\/contraluzcucuta.co\/?p=22621"},"modified":"2014-09-28T08:51:28","modified_gmt":"2014-09-28T13:51:28","slug":"la-rueda-rueda-hora-de-respetar-las-cebras","status":"publish","type":"post","link":"https:\/\/contraluzcucuta.co\/?p=22621","title":{"rendered":"LA RUEDA, RUEDA. Hora de respetar las cebras"},"content":{"rendered":"<p><strong>C\u00daCUTA.-<\/strong> Peatones, conductores, motociclistas y ciclistas cucute\u00f1os se dan la mano en cuanto a terquedad para acatar las recomendaciones de cultura ciudadana. D\u00edas atr\u00e1s, comenz\u00f3 una nueva campa\u00f1a para educar a los ciudadanos en el respeto por las cebras, pintadas en los cruces de calles con avenidas c\u00e9ntricas de la ciudad.<\/p>\n<p>Actores de la fundaci\u00f3n El Pilar son los encargados de impartir esa formaci\u00f3n. Disfrazados como cebras montan 10 esquemas para ense\u00f1arles a automovilistas y caminantes c\u00f3mo debe ser el uso de esas zonas demarcadas.<\/p>\n<p>Sonia Ballesteros, integrante del grupo contratado para mejorar el comportamiento en las v\u00edas, explic\u00f3 que el objetivo de la campa\u00f1a es que peatones y conductores tomen conciencia sobre la importancia del respeto por la cebra, por la movilidad y por el espacio p\u00fablico.<\/p>\n<p>\u201cLlevamos a cabo una campa\u00f1a pedag\u00f3gica con humor sano para que los ciudadanos se adapten de manera sana\u201d. Los tropiezos no han faltado y algunos choferes no han entendido que es responsabilidad de cada qui\u00e9n asumir actitudes frente a las ense\u00f1anzas.<\/p>\n<p>Los esquemas \u00a0se desprenden de un conjunto de ideas, entre las que destaca pintar nuevas cebras con mensajes de identidad cultural. Todo gira \u201cen pro de amor por lo nuestro\u201d, dijo Ballesteros, mientras sus compa\u00f1eros de grupo trataban de convencer a los usuarios de las v\u00edas sobre c\u00f3mo no perjudicar a nadie.<\/p>\n<p>La idea de la campa\u00f1a surgi\u00f3 del proyecto \u2018Nuevos pasos cebras para C\u00facuta\u2019. A ra\u00edz de esa actividad se desprende \u2018La rueda, rueda\u2019, que \u201csurge de la necesidad que vemos en el diario vivir en las calles de la ciudad\u201d.<\/p>\n<p>Los 10 d\u00edas en la campa\u00f1a han arrojado resultados positivos. \u201cLa gente se identifica con las cebra, hace uso de la cebra; los conductores no separan sobre la cebra\u201d. Aunque no falta el irrespetuoso que a pesar de la campa\u00f1a invade las demarcaciones. De manera pedag\u00f3gica \u00a0se le pide que se retire para que permita el espacio para los peatones.<\/p>\n<p>La educaci\u00f3n tambi\u00e9n est\u00e1 dirigida a ciclistas, motociclistas, porque la terquedad en el cumplimiento de las normas es pareja. \u201cDebemos ser conscientes de que no hemos implementado campa\u00f1as de cultura ciudadana que vayan conjuntas con lo que se articula y no son continuas\u201d, dijo Sonia Ballesteros.<\/p>\n<p>Se empieza por determinado tiempo una jornada y a los meses no va m\u00e1s. La idea es que esta se promueva continuamente y les quede a los cucute\u00f1os la noci\u00f3n del respeto. \u201cAl principio es complicado, por la receptividad y hacer que acepten que se les est\u00e1 educando\u201d.<\/p>\n<p>La f\u00f3rmula es combinar amor y gracia para pedirles a los infractores que se involucren, porque \u201ctodos merecemos respeto y es para el bien com\u00fan\u201d. La campa\u00f1a tendr\u00e1 60 jornadas, que se cumplir\u00e1n, en promedio, en dos meses. Tiene respaldo de la Alcald\u00eda y de la secretar\u00eda de Cultura y Turismo.<\/p>\n<p>&nbsp;<\/p>\n<p>&nbsp; <\/p>\n","protected":false},"excerpt":{"rendered":"<p>C\u00daCUTA.- Peatones, conductores, motociclistas y ciclistas cucute\u00f1os se dan la mano en cuanto a terquedad para acatar las recomendaciones de cultura ciudadana. D\u00edas atr\u00e1s, comenz\u00f3 una nueva campa\u00f1a para educar a los ciudadanos en el respeto por las cebras, pintadas en los cruces de calles con avenidas c\u00e9ntricas de la ciudad. Actores de la fundaci\u00f3n &hellip;<\/p>\n","protected":false},"author":1,"featured_media":22622,"comment_status":"open","ping_status":"open","sticky":false,"template":"","format":"standard","meta":{"footnotes":""},"categories":[36,37],"tags":[1692,1691,1690],"class_list":["post-22621","post","type-post","status-publish","format-standard","has-post-thumbnail","hentry","category-la-voz-del-pueblo","category-paseo-cultural","tag-cebras","tag-fundacion-el-pilar","tag-la-rueda-rueda"],"_links":{"self":[{"href":"https:\/\/contraluzcucuta.co\/index.php?rest_route=\/wp\/v2\/posts\/22621","targetHints":{"allow":["GET"]}}],"collection":[{"href":"https:\/\/contraluzcucuta.co\/index.php?rest_route=\/wp\/v2\/posts"}],"about":[{"href":"https:\/\/contraluzcucuta.co\/index.php?rest_route=\/wp\/v2\/types\/post"}],"author":[{"embeddable":true,"href":"https:\/\/contraluzcucuta.co\/index.php?rest_route=\/wp\/v2\/users\/1"}],"replies":[{"embeddable":true,"href":"https:\/\/contraluzcucuta.co\/index.php?rest_route=%2Fwp%2Fv2%2Fcomments&post=22621"}],"version-history":[{"count":1,"href":"https:\/\/contraluzcucuta.co\/index.php?rest_route=\/wp\/v2\/posts\/22621\/revisions"}],"predecessor-version":[{"id":22623,"href":"https:\/\/contraluzcucuta.co\/index.php?rest_route=\/wp\/v2\/posts\/22621\/revisions\/22623"}],"wp:featuredmedia":[{"embeddable":true,"href":"https:\/\/contraluzcucuta.co\/index.php?rest_route=\/wp\/v2\/media\/22622"}],"wp:attachment":[{"href":"https:\/\/contraluzcucuta.co\/index.php?rest_route=%2Fwp%2Fv2%2Fmedia&parent=22621"}],"wp:term":[{"taxonomy":"category","embeddable":true,"href":"https:\/\/contraluzcucuta.co\/index.php?rest_route=%2Fwp%2Fv2%2Fcategories&post=22621"},{"taxonomy":"post_tag","embeddable":true,"href":"https:\/\/contraluzcucuta.co\/index.php?rest_route=%2Fwp%2Fv2%2Ftags&post=22621"}],"curies":[{"name":"wp","href":"https:\/\/api.w.org\/{rel}","templated":true}]}}