{"id":22618,"date":"2014-09-25T22:36:01","date_gmt":"2014-09-26T03:36:01","guid":{"rendered":"http:\/\/contraluzcucuta.co\/?p=22618"},"modified":"2014-10-04T16:32:56","modified_gmt":"2014-10-04T21:32:56","slug":"alcaldables-pedro-duran-seriedad-y-compromiso-con-la-ciudad","status":"publish","type":"post","link":"https:\/\/contraluzcucuta.co\/?p=22618","title":{"rendered":"ALCALDABLES. Pedro Dur\u00e1n: Seriedad y compromiso con la ciudad"},"content":{"rendered":"<p><strong>C\u00daCUTA.-<\/strong> Son las 3:30 de la tarde \u00a0de otro d\u00eda cucute\u00f1o soleado y caluroso. La puerta de la multinacional de comidas r\u00e1pidas de la Diagonal Santander abre las puertas. Como de costumbre, en el ambiente se siente tranquilidad, matizada por la suave melod\u00eda que se escucha de fondo. La armon\u00eda del lugar hace ameno el momento.<\/p>\n<p>A la izquierda del sal\u00f3n se ve al hombre de piel blanca, 1,76 metros de estatura, cabello y ojos casta\u00f1o oscuro, cejas delineadas, pesta\u00f1as delgadas, chato, labios finos, orejas medianas y de peque\u00f1os lentes redondos. Es uno de los concejales de C\u00facuta.<\/p>\n<p>Al salir del establecimiento, los clientes fijan la mirada en el personaje, que responde al saludo con el movimiento leve de manos y una sonrisa. La conversaci\u00f3n inicia en el Jeep modelo 1986 que conserva. Ese carro lo restaur\u00f3 hace 28 a\u00f1os.<\/p>\n<p>&#8211;\u00a0\u00a0\u00a0\u00a0\u00a0\u00a0\u00a0\u00a0 Siempre me ha agradado la mec\u00e1nica. En varias ocasiones he comprado y renovado autom\u00f3viles cl\u00e1sicos.<\/p>\n<p><a href=\"http:\/\/issuu.com\/contraluzcucuta\/docs\/publicaci__n2alcaldables2014student\/1\">Pedro de Jes\u00fas Dur\u00e1n Barajas<\/a> es atractivo, soltero, serio, sociable, cr\u00edtico y observador. Tiene 39 a\u00f1os, no conoce herederos, vive con la mam\u00e1 y mantiene una relaci\u00f3n sentimental.<\/p>\n<p>Es sociable. En general es aquel con quien se puede conversar. Le encanta comer mute los domingos. El padre de Pedro, Virgilio Dur\u00e1n, era ingeniero el\u00e9ctrico y docente de la Universidad Francisco de Paula Santander. Falleci\u00f3 hace 10 a\u00f1os. Graciela Barajas, la mam\u00e1, vive y trabaja como secretaria.<\/p>\n<p>Estudi\u00f3 sociolog\u00eda en la Universidad Nacional, es especializado en relaciones internacionales, en la Universidad Javeriana, y finaliza la maestr\u00eda en Gobierno y Pol\u00edticas P\u00fablicas, en la Universidad Externado.<\/p>\n<p>&#8211;\u00a0\u00a0\u00a0\u00a0\u00a0\u00a0\u00a0\u00a0 <em>Ser concejal es una tarea dif\u00edcil y frustrante, pero no imposible de cumplir. No me desanimo, porque s\u00e9 que con el paso del tiempo se ir\u00e1n viendo los frutos del esfuerzo.<\/em><\/p>\n<p>Antes de hablar piensa sobre lo que va a decir. Es sutil y se cuida de no expresar palabras que luego lo comprometan. Va directo a las respuestas, aunque a veces las evade. Siempre ha tenido afinidad por la pol\u00edtica. Los temas del pa\u00eds, la ciudad y el barrio son las prioridades de este concejal.<\/p>\n<p>&#8211;\u00a0\u00a0\u00a0\u00a0\u00a0\u00a0\u00a0\u00a0 <em>Mi principal inter\u00e9s es la administraci\u00f3n p\u00fablica municipal. La pol\u00edtica no s\u00f3lo se ejerce desde un cargo de elecci\u00f3n popular, tambi\u00e9n se desarrolla desde una columna de opini\u00f3n, en la calle y la plaza p\u00fablica al tomar posesi\u00f3n de\u00a0 asuntos de la misma naturaleza.<\/em><\/p>\n<p>Se define como persona del com\u00fan que profesa unos lineamientos estatales. Tiene una opini\u00f3n de lo que mejor conviene a la vida en sociedad de cucute\u00f1os y colombianos, por esa raz\u00f3n los trabajos que emprende versan sobre la comunidad.<\/p>\n<p>Como todo pol\u00edtico se caracteriza por mantener la mente en el puesto que ocupa. Tiene la capacidad de deleitar y persuadir con la palabra. Es justo, emprendedor y entregado al trabajo. Cumple una funci\u00f3n social con la comunidad. Piensa en el bien com\u00fan y no\u00a0 en el propio. La gente no duda de lo que es, por eso goza de buena fama, sinceridad y honestidad ante los dem\u00e1s.<\/p>\n<p>Pertenece al Concejo de C\u00facuta desde el 2006. Entre los planes est\u00e1 lanzarse como candidato a la Alcald\u00eda de C\u00facuta, para el periodo 2015 \u2013 2019. Hace parte del Partido Liberal Colombiano. La afici\u00f3n por el periodismo la cultiva mediante columnas publicadas hace cinco a\u00f1os, los mi\u00e9rcoles, en La Opini\u00f3n.<\/p>\n<p>En el 2008, inici\u00f3 la vida como bloguero. En ese espacio virtual informa a la comunidad y da a conocer el inconformismo con la administraci\u00f3n sobre impuesto predial, semaforizaci\u00f3n y programas de alimentaci\u00f3n escolar, entre otros asuntos del cotidiano vivir.<\/p>\n<p>&#8211;\u00a0\u00a0\u00a0\u00a0\u00a0\u00a0\u00a0\u00a0 <em>Desde el momento que existe inter\u00e9s gubernamental por los asuntos p\u00fablicos que se relacionen con la vida en la ciudad o el pa\u00eds, \u00a0se generan opiniones que son consideradas de agrado para otros. Por esto se tienen columnas de opini\u00f3n, en las que se expresa lo que se piensa y se expone reflexiones personales sobre cuestiones de actualidad. De ah\u00ed mi inter\u00e9s por las notas de prensa.<\/em><\/p>\n<p>Entregado y comprometido con las labores. La honestidad le ha jugado, en varias ocasiones, desagradables y amargos momentos; sin embargo, prefiere mantenerse aislado del resto de concejales, antes que ser corrupto.<\/p>\n<p>Ha dictado clases en varias universidades de la ciudad. Basa el inter\u00e9s en la educaci\u00f3n, la salud y los servicios p\u00fablicos de los cucute\u00f1os, para lograr que la ciudad mejore poco a poco.<\/p>\n<p><strong>CLAUDIA LIZETH VESGA SILVA\u00a0\u00a0\u00a0\u00a0\u00a0\u00a0\u00a0\u00a0\u00a0\u00a0\u00a0\u00a0\u00a0\u00a0\u00a0\u00a0\u00a0\u00a0\u00a0\u00a0\u00a0\u00a0\u00a0\u00a0\u00a0\u00a0\u00a0\u00a0\u00a0\u00a0\u00a0\u00a0\u00a0 <\/strong><\/p>\n<p><strong>NEREYDA ESTHER DUARTE G\u00d3MEZ\u00a0\u00a0\u00a0\u00a0\u00a0\u00a0\u00a0\u00a0\u00a0\u00a0\u00a0\u00a0\u00a0 <\/strong><\/p>\n<p><strong>ESTUDIANTES DE LA UNIVERSIDAD DE PAMPLONA<\/strong><\/p>\n<p><strong>SEDE DE VILLA DEL ROSARIO\u00a0\u00a0\u00a0\u00a0\u00a0\u00a0\u00a0\u00a0\u00a0\u00a0\u00a0\u00a0 <\/strong><\/p>\n<p>Foto: <a href=\"https:\/\/www.facebook.com\/photo.php?fbid=10152389233557205&amp;set=a.10152284178177205.1073741825.524607204&amp;type=1&amp;theater\">https:\/\/www.facebook.com\/photo.php?fbid=10152389233557205&amp;set=a.10152284178177205.1073741825.524607204&amp;type=1&amp;theater<\/a><\/p>\n<p>&nbsp; <\/p>\n","protected":false},"excerpt":{"rendered":"<p>C\u00daCUTA.- Son las 3:30 de la tarde \u00a0de otro d\u00eda cucute\u00f1o soleado y caluroso. La puerta de la multinacional de comidas r\u00e1pidas de la Diagonal Santander abre las puertas. Como de costumbre, en el ambiente se siente tranquilidad, matizada por la suave melod\u00eda que se escucha de fondo. La armon\u00eda del lugar hace ameno el &hellip;<\/p>\n","protected":false},"author":1,"featured_media":22619,"comment_status":"open","ping_status":"open","sticky":false,"template":"","format":"standard","meta":{"footnotes":""},"categories":[74,403,9],"tags":[1689,1688],"class_list":["post-22618","post","type-post","status-publish","format-standard","has-post-thumbnail","hentry","category-aula-universitaria","category-efemerides","category-politica","tag-alcaldables-de-cucuta","tag-pedro-duran-barajas"],"_links":{"self":[{"href":"https:\/\/contraluzcucuta.co\/index.php?rest_route=\/wp\/v2\/posts\/22618","targetHints":{"allow":["GET"]}}],"collection":[{"href":"https:\/\/contraluzcucuta.co\/index.php?rest_route=\/wp\/v2\/posts"}],"about":[{"href":"https:\/\/contraluzcucuta.co\/index.php?rest_route=\/wp\/v2\/types\/post"}],"author":[{"embeddable":true,"href":"https:\/\/contraluzcucuta.co\/index.php?rest_route=\/wp\/v2\/users\/1"}],"replies":[{"embeddable":true,"href":"https:\/\/contraluzcucuta.co\/index.php?rest_route=%2Fwp%2Fv2%2Fcomments&post=22618"}],"version-history":[{"count":1,"href":"https:\/\/contraluzcucuta.co\/index.php?rest_route=\/wp\/v2\/posts\/22618\/revisions"}],"predecessor-version":[{"id":22620,"href":"https:\/\/contraluzcucuta.co\/index.php?rest_route=\/wp\/v2\/posts\/22618\/revisions\/22620"}],"wp:featuredmedia":[{"embeddable":true,"href":"https:\/\/contraluzcucuta.co\/index.php?rest_route=\/wp\/v2\/media\/22619"}],"wp:attachment":[{"href":"https:\/\/contraluzcucuta.co\/index.php?rest_route=%2Fwp%2Fv2%2Fmedia&parent=22618"}],"wp:term":[{"taxonomy":"category","embeddable":true,"href":"https:\/\/contraluzcucuta.co\/index.php?rest_route=%2Fwp%2Fv2%2Fcategories&post=22618"},{"taxonomy":"post_tag","embeddable":true,"href":"https:\/\/contraluzcucuta.co\/index.php?rest_route=%2Fwp%2Fv2%2Ftags&post=22618"}],"curies":[{"name":"wp","href":"https:\/\/api.w.org\/{rel}","templated":true}]}}