{"id":22606,"date":"2014-09-24T23:15:09","date_gmt":"2014-09-25T04:15:09","guid":{"rendered":"http:\/\/contraluzcucuta.co\/?p=22606"},"modified":"2014-09-24T23:15:09","modified_gmt":"2014-09-25T04:15:09","slug":"futbol-de-segunda-cucuta-deportivo-volvio-a-golear-en-el-general-santander","status":"publish","type":"post","link":"https:\/\/contraluzcucuta.co\/?p=22606","title":{"rendered":"F\u00daTBOL DE SEGUNDA. C\u00facuta Deportivo volvi\u00f3 a golear en el General Santander"},"content":{"rendered":"<p><strong>C\u00daCUTA.-<\/strong> Corr\u00eda el minuto 37 del segundo tiempo. La noche del mi\u00e9rcoles estaba fresca y el marcador estaba definido a favor del C\u00facuta Deportivo. En ese momento, se escuch\u00f3 el quinto grito de los aficionados motilones. Baldomero Perlaza, al conseguir otro gol para su cuenta, corri\u00f3, dio el salto al estilo Asprilla y celebr\u00f3 con ganas esa nueva conquista personal y colectiva.<\/p>\n<p>En las tribunas los aficionados comenzaron a buscar en el recuerdo cu\u00e1ndo fue la \u00faltima vez que los motilones marcaron cinco goles. En la mente apareci\u00f3 aquel momento glorioso del 5-1 contra Toluca (M\u00e9xico) y surgieron n\u00edtidas las im\u00e1genes de Blas, Mart\u00ednez, Macnelly, Zapata y dem\u00e1s miembros del equipo de ensue\u00f1o que se pase\u00f3 por las canchas sudamericanas con el rojinegro a cuestas.<\/p>\n<p>L\u00e1stima que de aquellos hinchas del 2007 quede solo un pu\u00f1ado, porque los dem\u00e1s prefirieron dar el paso al costado, quedarse en casa, aguardar la trasmisi\u00f3n por televisi\u00f3n, ahorrar para el regreso a la A, no darle plata a Cadena, refunfu\u00f1ar a cambio de aportar y ser indiferentes ante el asunto futbol\u00edstico.<\/p>\n<p>En septiembre del 2007, Chic\u00f3 vino y se llev\u00f3 en las alforjas cinco goles contra uno. En el 2009, el Santa Fe carg\u00f3 con otra paliza (5-1), por la Copa Colombia. Estos recuerdos despertaron de inmediato en el General Santander y fueron matizados con la frase de siempre, \u2018qu\u00e9 tiempos aquellos\u2019.<\/p>\n<p>En Oriente, hace tiempo, no se escuchan los tambores y las trompetas que animaban a los jugadores. Solo en Sur sigue la Banda con la m\u00fasica, en ocasiones, repetitiva y estancada. Es hora de que los muchachos seguidores del Indio renueven el repertorio y entonen otros estribillos. Deben aprovechar que no tienen competencia para imponerse.<\/p>\n<p>El camino al triunfo holgado lo marc\u00f3 Espinel, minuto 12. Las primeras sonrisas aparecieron en los grader\u00edos. C\u00facuta Deportivo se afianz\u00f3 en la cancha, mientras el Depor se ve\u00eda \u2018delgadito\u2019, sin mayores argumentos, con jugadores a los que les brotaba la inocencia y con un t\u00e9cnico desesperado por la inferioridad mostrada en el campo de juego.<\/p>\n<p>Pasados los 20 minutos los rojinegros eran superiores, aunque no sab\u00edan aprovechar la experiencia. El marcador era fiel reflejo de lo ocurrido en la cancha hasta que apareci\u00f3 Caicedo y aument\u00f3 la cuenta (2-0), minuto 34. El viento helado manten\u00eda a raya a los espectadores, que pocas palmas regalaban para los protagonistas del encuentro.<\/p>\n<p>Los \u2018matasuegras\u2019 estallaron en medio de la muchachada sin camisa de Sur. Nadie sabe, nadie responde c\u00f3mo ingresa la p\u00f3lvora si hay varios cordones de seguridad. Un misterio que debe resolver, sin tanta inteligencia, la Polic\u00eda. Por fortuna el secretario de Gobierno Municipal presenci\u00f3 los hechos y puede rendir informe fidedigno en el pr\u00f3ximo consejo de seguridad.<\/p>\n<p>\u201cNos fuimos de goleada\u201d, dijo el aficionado con el radio pegado a la oreja izquierda al ver correr a P\u00e9rez para celebrar el tercer tanto de la noche. En ese momento pasaron por el caj\u00f3n de los recuerdos los tres goles a Boca, en aquella otra noche llena de colorido, alegr\u00eda y televisi\u00f3n para el continente americano. Incre\u00edble, C\u00facuta venc\u00eda a un grande e hist\u00f3rico de Sudam\u00e9rica.<\/p>\n<p>Hora de descanso. El balance de esos 45 minutos era sencillo: tres goles, el local como dominador, el visitante humillado, tres opciones claras desperdiciadas por el debutante Mancilla (chileno) y los cucute\u00f1os orondos con el once triunfador.<\/p>\n<p>De regreso a las acciones, los motilones entraron fr\u00edos, desconectados, aislados, con pereza y alelados. Uno que otro grito desde Occidente y Oriente para despertarlos y llamarlos al orden. Las escaramuzas del Depor causaron molestias entre los aficionados que comenzaron a reclamar cambios.<\/p>\n<p>Minuto 23, Mancilla se estren\u00f3 con gol (4-0) y regresaron a la retina los nombres del paname\u00f1o P\u00e9rez, \u2018El Pescadito\u2019 y el boliviano Cabrera. Al final del partido H\u00e9ctor Ra\u00fal escuch\u00f3 el coro reservado para los artilleros, \u201cgoleador, goleador, chileno, goleador\u201d. La respuesta, una sonrisa. Comienza la luna de miel.<\/p>\n<p>El rival no era mucho en la cancha. Solo mostraba que es un equipo de Segunda Divisi\u00f3n. El C\u00facuta ten\u00eda otra din\u00e1mica, distinta a la exhibida en compromisos anteriores. Incluso, si hubiera jugado de esa manera contra Santa Fe, estar\u00eda en la siguiente fase de la Copa Colombia. No se valen los lamentos.<\/p>\n<p>Baldomero es un hombre fuerte y anoche sali\u00f3 como mediocampista de primera l\u00ednea y cumpli\u00f3 buen papel. El desgaste f\u00edsico es m\u00e1ximo y tuvo la recompensa con el quinto gol de la noche. Minuto 37, para cerrar las cifras y dejar que los hinchas volvieran a casa contentos, sonrientes y dispuestos a pasar una buena noche.<\/p>\n<p>Los tres puntos conseguidos afianzan al C\u00facuta entre los ocho y los acerca a la punta de la tabla. Suma 21 unidades y tiene cuatro goles a favor a la hora de escalar posiciones. El pr\u00f3ximo rival ser\u00e1 Quind\u00edo, que lo aventaja en la clasificaci\u00f3n general y marcha invicto en este torneo.<\/p>\n<p><strong>RAFAEL ANTONIO PAB\u00d3N<\/strong><\/p>\n<p><a href=\"mailto:rafaelpabon58@hotmail.com\">rafaelpabon58@hotmail.com<\/a><\/p>\n<p>Foto:\u00a0http:\/\/soyrojinegro.com\/web\/<\/p>\n<p>&nbsp; <\/p>\n","protected":false},"excerpt":{"rendered":"<p>C\u00daCUTA.- Corr\u00eda el minuto 37 del segundo tiempo. La noche del mi\u00e9rcoles estaba fresca y el marcador estaba definido a favor del C\u00facuta Deportivo. En ese momento, se escuch\u00f3 el quinto grito de los aficionados motilones. Baldomero Perlaza, al conseguir otro gol para su cuenta, corri\u00f3, dio el salto al estilo Asprilla y celebr\u00f3 con &hellip;<\/p>\n","protected":false},"author":1,"featured_media":22607,"comment_status":"open","ping_status":"open","sticky":false,"template":"","format":"standard","meta":{"footnotes":""},"categories":[28],"tags":[192,1684,182,1685],"class_list":["post-22606","post","type-post","status-publish","format-standard","has-post-thumbnail","hentry","category-vistazo-deportivo","tag-cucuta-deportivo","tag-depor","tag-futbol-colombiano","tag-torneo-postobon"],"_links":{"self":[{"href":"https:\/\/contraluzcucuta.co\/index.php?rest_route=\/wp\/v2\/posts\/22606","targetHints":{"allow":["GET"]}}],"collection":[{"href":"https:\/\/contraluzcucuta.co\/index.php?rest_route=\/wp\/v2\/posts"}],"about":[{"href":"https:\/\/contraluzcucuta.co\/index.php?rest_route=\/wp\/v2\/types\/post"}],"author":[{"embeddable":true,"href":"https:\/\/contraluzcucuta.co\/index.php?rest_route=\/wp\/v2\/users\/1"}],"replies":[{"embeddable":true,"href":"https:\/\/contraluzcucuta.co\/index.php?rest_route=%2Fwp%2Fv2%2Fcomments&post=22606"}],"version-history":[{"count":1,"href":"https:\/\/contraluzcucuta.co\/index.php?rest_route=\/wp\/v2\/posts\/22606\/revisions"}],"predecessor-version":[{"id":22608,"href":"https:\/\/contraluzcucuta.co\/index.php?rest_route=\/wp\/v2\/posts\/22606\/revisions\/22608"}],"wp:featuredmedia":[{"embeddable":true,"href":"https:\/\/contraluzcucuta.co\/index.php?rest_route=\/wp\/v2\/media\/22607"}],"wp:attachment":[{"href":"https:\/\/contraluzcucuta.co\/index.php?rest_route=%2Fwp%2Fv2%2Fmedia&parent=22606"}],"wp:term":[{"taxonomy":"category","embeddable":true,"href":"https:\/\/contraluzcucuta.co\/index.php?rest_route=%2Fwp%2Fv2%2Fcategories&post=22606"},{"taxonomy":"post_tag","embeddable":true,"href":"https:\/\/contraluzcucuta.co\/index.php?rest_route=%2Fwp%2Fv2%2Ftags&post=22606"}],"curies":[{"name":"wp","href":"https:\/\/api.w.org\/{rel}","templated":true}]}}