{"id":22601,"date":"2014-09-22T22:33:34","date_gmt":"2014-09-23T03:33:34","guid":{"rendered":"http:\/\/contraluzcucuta.co\/?p=22601"},"modified":"2014-09-25T23:20:32","modified_gmt":"2014-09-26T04:20:32","slug":"restitucion-de-tierras-23-demandas-fallas-en-tres-anos","status":"publish","type":"post","link":"https:\/\/contraluzcucuta.co\/?p=22601","title":{"rendered":"RESTITUCI\u00d3N DE TIERRAS. 23 demandas falladas en tres a\u00f1os"},"content":{"rendered":"<p><strong>C\u00daCUTA.-<\/strong> Desde el comienzo del conflicto armado en Colombia, cerca de 400.000 familias han abandonado lo bienes inmuebles o han sido despojadas de la tierra en la que trabajaban y viv\u00edan. Las movilizaciones han generado una crisis humanitaria de grandes proporciones.<\/p>\n<p>La Ley de V\u00edctimas y Restituci\u00f3n de Tierras (Ley 1448 de 2011) es el principal instrumento propuesto por el Gobierno para garantizarles a los despose\u00eddos el derecho a la reparaci\u00f3n integral en respuesta a la magnitud de los da\u00f1os sufridos y al da\u00f1o causado por la guerra.<\/p>\n<p>La ley contempla:<\/p>\n<p>1.- Asistencia humanitaria y social<\/p>\n<p>2.- Garant\u00edas para la reparaci\u00f3n integral<\/p>\n<p>3.- Restituci\u00f3n de tierras como medida preferente para la reparaci\u00f3n<\/p>\n<p>4.- Indemnizaci\u00f3n administrativa<\/p>\n<p>5.- Rehabilitaci\u00f3n f\u00edsica y sicol\u00f3gica<\/p>\n<p>6.- Garant\u00edas de dignificaci\u00f3n y de no repetici\u00f3n<\/p>\n<p>Desde el primero de enero de 1985 se contempla el car\u00e1cter de v\u00edctima a quien haya sufrido los rigores del conflicto. Para efectos de restituci\u00f3n de tierras, se toma el primero de enero de 1991, como fecha para reconocer los derechos de las v\u00edctimas de despojo y abandono forzado.<\/p>\n<p>Los t\u00edtulos de propiedad podr\u00e1n ser entregados a quienes no los pose\u00edan, e incluye a ni\u00f1os, adolescentes y discapacitados. Las mujeres contar\u00e1n con especial protecci\u00f3n en los tr\u00e1mites relacionados con restituci\u00f3n y formalizaci\u00f3n de tierras.<\/p>\n<p>La Ley 1448 cre\u00f3 la Unidad de Restituci\u00f3n de Tierras, que tiene entre otras funciones recibir y tramitar las solicitudes de restituci\u00f3n, adelantar investigaciones para establecer los hechos denunciados por las v\u00edctimas, administrar el registro de predios \u00a0y v\u00edctimas, acompa\u00f1ar a las v\u00edctimas en el proceso judicial para la restituci\u00f3n y coordinar el retorno voluntario de las v\u00edctimas, en condiciones de seguridad y dignidad.<\/p>\n<p>La direcci\u00f3n Territorial de la Unidad de V\u00edctimas en Norte de Santander, a cargo de Jos\u00e9 Ren\u00e9 Garc\u00eda, entreg\u00f3 el balance de los procesos de restituci\u00f3n cumplidos en el 2014 a favor de las v\u00edctimas del conflicto:<\/p>\n<p>1.- Resoluciones de inicio: 217<\/p>\n<p>2.- Actos de inscripci\u00f3n: 30<\/p>\n<p>3.- Actos de no inscripci\u00f3n: 113<\/p>\n<p>4.- Total de actos: 143<\/p>\n<p>5.- Demandas: 16<\/p>\n<p>6.- Demandas falladas (2012-13-14): 23<\/p>\n<p>7.- Solicitudes de ingreso: 704<\/p>\n<p>La proyecci\u00f3n para el 2014 es que haya 600 actos de inscripci\u00f3n, 300 demandas presentadas y 1231 solicitudes de ingreso en las zonas microfocalizadas.<\/p>\n<p>En materia de sentencias se tiene:<\/p>\n<p>1.- Por orden judicial:<\/p>\n<p>&#8211; Restituir: 11<\/p>\n<p>&#8211; \u00a0Compensar: 8<\/p>\n<p>&#8211; Contra la v\u00edctima: 4<\/p>\n<p>2.- Municipios<\/p>\n<p>&#8211; C\u00facuta: 11<\/p>\n<p>&#8211; Tib\u00fa: 8<\/p>\n<p>&#8211; El Zulia: 4<\/p>\n<p>3.- Predios entregados en el 2013<\/p>\n<p>&#8211; C\u00facuta: 1<\/p>\n<p>&#8211; Tib\u00fa: 5<\/p>\n<p>&#8211; El Zulia: 1<\/p>\n<p>Predios entregados en el 2014<\/p>\n<p>&#8211; El Zulia: 1<\/p>\n<p>Foto: DAR\u00cdO MONSALAVE<\/p>\n<p>&nbsp; <\/p>\n","protected":false},"excerpt":{"rendered":"<p>C\u00daCUTA.- Desde el comienzo del conflicto armado en Colombia, cerca de 400.000 familias han abandonado lo bienes inmuebles o han sido despojadas de la tierra en la que trabajaban y viv\u00edan. Las movilizaciones han generado una crisis humanitaria de grandes proporciones. La Ley de V\u00edctimas y Restituci\u00f3n de Tierras (Ley 1448 de 2011) es el &hellip;<\/p>\n","protected":false},"author":1,"featured_media":22602,"comment_status":"open","ping_status":"open","sticky":false,"template":"","format":"standard","meta":{"footnotes":""},"categories":[5,6],"tags":[157,619,1214,295],"class_list":["post-22601","post","type-post","status-publish","format-standard","has-post-thumbnail","hentry","category-justicia-transicional","category-ojo-avizor","tag-justicia-transicional-2","tag-norte-de-santander","tag-restitucion-de-tierras","tag-victimas-del-conflicto"],"_links":{"self":[{"href":"https:\/\/contraluzcucuta.co\/index.php?rest_route=\/wp\/v2\/posts\/22601","targetHints":{"allow":["GET"]}}],"collection":[{"href":"https:\/\/contraluzcucuta.co\/index.php?rest_route=\/wp\/v2\/posts"}],"about":[{"href":"https:\/\/contraluzcucuta.co\/index.php?rest_route=\/wp\/v2\/types\/post"}],"author":[{"embeddable":true,"href":"https:\/\/contraluzcucuta.co\/index.php?rest_route=\/wp\/v2\/users\/1"}],"replies":[{"embeddable":true,"href":"https:\/\/contraluzcucuta.co\/index.php?rest_route=%2Fwp%2Fv2%2Fcomments&post=22601"}],"version-history":[{"count":2,"href":"https:\/\/contraluzcucuta.co\/index.php?rest_route=\/wp\/v2\/posts\/22601\/revisions"}],"predecessor-version":[{"id":22604,"href":"https:\/\/contraluzcucuta.co\/index.php?rest_route=\/wp\/v2\/posts\/22601\/revisions\/22604"}],"wp:featuredmedia":[{"embeddable":true,"href":"https:\/\/contraluzcucuta.co\/index.php?rest_route=\/wp\/v2\/media\/22602"}],"wp:attachment":[{"href":"https:\/\/contraluzcucuta.co\/index.php?rest_route=%2Fwp%2Fv2%2Fmedia&parent=22601"}],"wp:term":[{"taxonomy":"category","embeddable":true,"href":"https:\/\/contraluzcucuta.co\/index.php?rest_route=%2Fwp%2Fv2%2Fcategories&post=22601"},{"taxonomy":"post_tag","embeddable":true,"href":"https:\/\/contraluzcucuta.co\/index.php?rest_route=%2Fwp%2Fv2%2Ftags&post=22601"}],"curies":[{"name":"wp","href":"https:\/\/api.w.org\/{rel}","templated":true}]}}