{"id":22598,"date":"2014-09-22T21:51:21","date_gmt":"2014-09-23T02:51:21","guid":{"rendered":"http:\/\/contraluzcucuta.co\/?p=22598"},"modified":"2014-09-25T23:11:07","modified_gmt":"2014-09-26T04:11:07","slug":"gimnasia-mundial-norte-de-santander-izara-la-bandera-en-china","status":"publish","type":"post","link":"https:\/\/contraluzcucuta.co\/?p=22598","title":{"rendered":"GIMNASIA MUNDIAL. Norte de Santander izar\u00e1 la bandera en China"},"content":{"rendered":"<p><strong>C\u00daCUTA.-<\/strong> Jossimar Calvo, por los varones, y Yurany Avenda\u00f1o, por las damas, encabezar\u00e1n la delegaci\u00f3n colombiana al Mundial de Gimnasia. El campeonato se disputar\u00e1 en Nanning (China), del 3 al 12 de octubre. La delegaci\u00f3n viajar\u00e1 el 24 de septiembre.<\/p>\n<p>Los deportistas nortesantandereanos estar\u00e1n acompa\u00f1ados por Carlos Calvo (Norte), Jhonny Mu\u00f1oz (Norte), Javier Sandoval (Norte), Jorge Hugo Giraldo y Carlos Orozco. En mujeres, \u00a0Dayana Ardila (Norte), Catalina Escobar, Bibiana V\u00e9lez, Ginna Escobar y Marcela Sandoval.<\/p>\n<p>Al mando de los gimnastas ir\u00e1n los entrenadores Jairo Ruiz (masculino)\u00a0 y Roberto Le\u00f3n (femenino). Completan la lista de t\u00e9cnicos Junsuke Iwai y Diego Medina.<\/p>\n<p>Los objetivos propuestos para la versi\u00f3n 45 del torneo orbital son:<\/p>\n<p>1.- Clasificarse entre los 24 mejores equipos<\/p>\n<p>2.- Mantener la esperanza de llegar con equipos completos a los Juegos Ol\u00edmpicos R\u00edo 2016.<\/p>\n<p>El presidente de la Confederaci\u00f3n Sudamericana de Gimnasia y Tesorero de la Federaci\u00f3n Colombiana de Gimnasia, Juan Navor Medina, dijoque \u201cestamos seguros de que haremos un excelente papel tanto en la rama masculina como en la femenina. Llevamos un selecto grupo de gimnastas\u201d.<\/p>\n<p>Los colombianos viajar\u00e1n ocho d\u00edas antes del Mundial para adaptarse y regresar\u00e1n al pa\u00eds el 15 de octubre. La delegaci\u00f3n espera conseguir buenos resultados y clasificar los dos equipos al siguiente campeonato, en Glasgow (Escocia).<\/p>\n<p><strong>Sudamericano, en Moche<\/strong><\/p>\n<p>Norte de Santander tendr\u00e1 representaci\u00f3n en el Sudamericano de Gimnasia que se disputar\u00e1 en Moche (Per\u00fa). Marcos Aguilar y Jefersson Medina, en infantil, y Daniela Obando, ser\u00e1n los encargados de defender los colores rojinegros en el torneo.<\/p>\n<p>El distrito de Moche, al sur de Trujillo (Per\u00fa) se convertir\u00e1, del 15 al 21 de octubre, en la capital sudamericana de la gimnasia art\u00edstica. El coliseo municipal \u2018Luz Marina Neira de Fern\u00e1ndez\u2019 recibir\u00e1 a m\u00e1s de 350 gimnastas, de las categor\u00edas pre-infantil, infantil y juvenil, de los 11 pa\u00edses que integran la regi\u00f3n.<\/p>\n<p>Se eligi\u00f3 a la ciudad norte\u00f1a con el objetivo de masificar y descentralizar esta disciplina deportiva.<\/p>\n<p>Foto: <a href=\"http:\/\/www.colombiasports.net\">www.colombiasports.net<\/a><\/p>\n<p>&nbsp; <\/p>\n","protected":false},"excerpt":{"rendered":"<p>C\u00daCUTA.- Jossimar Calvo, por los varones, y Yurany Avenda\u00f1o, por las damas, encabezar\u00e1n la delegaci\u00f3n colombiana al Mundial de Gimnasia. El campeonato se disputar\u00e1 en Nanning (China), del 3 al 12 de octubre. La delegaci\u00f3n viajar\u00e1 el 24 de septiembre. Los deportistas nortesantandereanos estar\u00e1n acompa\u00f1ados por Carlos Calvo (Norte), Jhonny Mu\u00f1oz (Norte), Javier Sandoval (Norte), &hellip;<\/p>\n","protected":false},"author":1,"featured_media":22599,"comment_status":"open","ping_status":"open","sticky":false,"template":"","format":"standard","meta":{"footnotes":""},"categories":[28],"tags":[1605,1683],"class_list":["post-22598","post","type-post","status-publish","format-standard","has-post-thumbnail","hentry","category-vistazo-deportivo","tag-gimnasia-de-norte-de-santander","tag-jossimar-calco"],"_links":{"self":[{"href":"https:\/\/contraluzcucuta.co\/index.php?rest_route=\/wp\/v2\/posts\/22598","targetHints":{"allow":["GET"]}}],"collection":[{"href":"https:\/\/contraluzcucuta.co\/index.php?rest_route=\/wp\/v2\/posts"}],"about":[{"href":"https:\/\/contraluzcucuta.co\/index.php?rest_route=\/wp\/v2\/types\/post"}],"author":[{"embeddable":true,"href":"https:\/\/contraluzcucuta.co\/index.php?rest_route=\/wp\/v2\/users\/1"}],"replies":[{"embeddable":true,"href":"https:\/\/contraluzcucuta.co\/index.php?rest_route=%2Fwp%2Fv2%2Fcomments&post=22598"}],"version-history":[{"count":1,"href":"https:\/\/contraluzcucuta.co\/index.php?rest_route=\/wp\/v2\/posts\/22598\/revisions"}],"predecessor-version":[{"id":22600,"href":"https:\/\/contraluzcucuta.co\/index.php?rest_route=\/wp\/v2\/posts\/22598\/revisions\/22600"}],"wp:featuredmedia":[{"embeddable":true,"href":"https:\/\/contraluzcucuta.co\/index.php?rest_route=\/wp\/v2\/media\/22599"}],"wp:attachment":[{"href":"https:\/\/contraluzcucuta.co\/index.php?rest_route=%2Fwp%2Fv2%2Fmedia&parent=22598"}],"wp:term":[{"taxonomy":"category","embeddable":true,"href":"https:\/\/contraluzcucuta.co\/index.php?rest_route=%2Fwp%2Fv2%2Fcategories&post=22598"},{"taxonomy":"post_tag","embeddable":true,"href":"https:\/\/contraluzcucuta.co\/index.php?rest_route=%2Fwp%2Fv2%2Ftags&post=22598"}],"curies":[{"name":"wp","href":"https:\/\/api.w.org\/{rel}","templated":true}]}}