{"id":22594,"date":"2014-09-22T19:58:13","date_gmt":"2014-09-23T00:58:13","guid":{"rendered":"http:\/\/contraluzcucuta.co\/?p=22594"},"modified":"2014-09-25T23:04:29","modified_gmt":"2014-09-26T04:04:29","slug":"analisis-por-ahi-no-es-el-camino-para-colombia","status":"publish","type":"post","link":"https:\/\/contraluzcucuta.co\/?p=22594","title":{"rendered":"AN\u00c1LISIS. Por ah\u00ed no es el camino para Colombia"},"content":{"rendered":"<p>Se siente verg\u00fcenza al presenciar el triste debate dado en este bajo Congreso de la Rep\u00fablica que tenemos los colombianos. Congreso que no refleja al pa\u00eds virtuoso que somos. Fue un debate de insultos, de destrucci\u00f3n, denigrante, bajo, del pasado, demostraci\u00f3n pura de los enredos y las ataduras que tiene nuestra clase pol\u00edtica. Insultante para Colombia ver su verdadera fotograf\u00eda, no le ofrece futuro ni construcci\u00f3n positiva, ni progreso, menos avance democr\u00e1tico al pa\u00eds. Es, adem\u00e1s, engendro de peores tendencias, pues quienes llegan nuevos lo hacen representando los mismos y peores intereses de sus partidos.<\/p>\n<p>El Gobierno, por medio del ministro del Interior, corrobor\u00f3 que es un instigador y encendedor de hogueras, que hoy Colombia no es bueno las siga teniendo. En lugar de ser apaciguador de \u00e1nimos e invitar a la conciliaci\u00f3n, lo que hizo fue sumar insultos. Seguir tirando piedras y escondiendo la mano no es bueno, se\u00f1or Ministro del Interior, inferior en los retos que hoy el pa\u00eds tiene en materia de conciliaci\u00f3n nacional y de construir la sana convivencia de los ciudadanos. El Congreso no ha sido hecho para servirle de idiota \u00fatil al gobierno de turno, sino para hacerle control pol\u00edtico.<\/p>\n<p>Colombia muestra de esta manera que no tiene dirigentes de altura, que la sucia pol\u00edtica ejercida por esta mano de personas (no generalizo), en su mayor\u00eda inferiores en llevar el nombre de senadores, ministros y ser representantes del pueblo, hoy es lo peor que el pa\u00eds tiene. Estos individuos, no representan bien a la comunidad, ni al Gobierno. Tenemos un Gobierno que ha traicionado al pueblo colombiano y un sistema legislativo y judicial amarrado a diferentes actores que destruyen el futuro, sin agregar nada positivo. Pareciera que nos ganan el odio, los intereses personales, la ilegalidad, la vida f\u00e1cil, el amiguismo en el Estado, que esta tierra camina sin rumbo definido.<\/p>\n<p>Este Gobierno manipula con habilidad al pa\u00eds, lo pone en alto riesgo desfigurando la realidad nacional, escondi\u00e9ndose en los resultados de la econom\u00eda para distraer la atenci\u00f3n, y sin hacer mucho para que la comunidad reciba beneficios. Habla de paz y de convivencia, pero expone al pa\u00eds a la desestabilizaci\u00f3n mayor de las instituciones: lo \u00fanico que le importa es su inter\u00e9s e imagen personales.<\/p>\n<p>El ejecutivo que hoy tenemos solo construye fortalecer a una clase dirigente manifiesta, poniendo por encima de los ministros a personas que lo \u00fanico que est\u00e1n haciendo es servir de secretarios a una vicepresidencia que con descaro construye la sucesi\u00f3n en el gobierno y seguir maltratando a la sociedad, convirti\u00e9ndolos\u00a0 en idiotas \u00fatiles. \u00bfO no es eso lo que tenemos en los ministerios del Interior, Transporte, Vivienda y Educaci\u00f3n?<\/p>\n<p>Este Gobierno ha llevado al Congreso temas del pasado que hoy debieran ser superados, mediante los organismos competentes de justicia y control, con la oportunidad e independencia como lo manda la ley. No solucionar los problemas y seguirles echando le\u00f1a por medio del servilismo y de ministros que lo \u00fanico que exponen es debilidad institucional, para nada debe ser el camino debe seguirse por Colombia.<\/p>\n<p>Este Gobierno distrae la atenci\u00f3n de los colombianos en lo verdadero que se teje en La Habana. Enga\u00f1a sin verg\u00fcenza camuflando sus acciones y atizando la divisi\u00f3n del pa\u00eds.<\/p>\n<p>En el debate ganaron la ilegalidad, la delincuencia y, lo peor, la burla de las Farc por el pueblo. Estar\u00e1n ri\u00e9ndose de ver a esta dirigencia colombiana que ha mostrado y dado la raz\u00f3n, de que es la responsable por todos los problemas que hemos tenido por 200 a\u00f1os desde que somos Estado.<\/p>\n<p>No hay la menor duda: Lo peor de Colombia es la clase dirigente, el ejercicio de la pol\u00edtica pervertida y el Estado con los tres poderes p\u00fablicos, verg\u00fcenza nacional.<\/p>\n<p>Debemos los ciudadanos unirnos por el cambio y relevar con nuestro voto a estos pillos manipuladores, mentirosos, sinverg\u00fcenzas y poseedores de las peores acciones humanas para da\u00f1ar a los dem\u00e1s y solo haciendo para s\u00ed todos los beneficios que deshonestamente toman permanentemente con el poder.<\/p>\n<p>Norte de Santander es uno de los departamentos en donde peor son ejercidos el servicio p\u00fablico y la pol\u00edtica. En nuestra tierra la democracia es el culto al ego de esos individuos que se rotan y se hacen favores con el cuento que trabajan bien por las comunidades.<\/p>\n<p>La verdad es que son maestros de la ineficiencia, de la pobreza de ideas y de la incapacidad para avanzar en el progreso. La respuesta a la pregunta de por qu\u00e9 Norte de Santander, departamento con enormes recursos naturales y humanos no progresa, la debemos tener en la mala pol\u00edtica y la mala direcci\u00f3n que tenemos.<\/p>\n<p>Colombia es nuestro pa\u00eds, debemos trabajar mejor por construir entre todos un mejor futuro. Los nortesantandereanos debemos reflexionar, reconocer lo que verdaderamente somos y deseamos como regi\u00f3n, basados en nuestra confianza de que podemos avanzar.<\/p>\n<p>El d\u00eda del debate perdimos todos los colombianos y, lo peor, que el futuro es incierto si continuamos con esta institucionalidad defectuosa y herida por los dirigentes.<\/p>\n<p><strong>SEGUNDO ANTONIO GONZ\u00c1LEZ <\/strong><\/p>\n<p><strong>Chin\u00e1cota, septiembre de 2014.<\/strong><\/p>\n<p>Foto:\u00a0http:\/\/www.cablenoticias.tv\/vernoticia.asp?titulo=Manana-sera-el-debate-sobre&#8211;paramilitarismo&#8211;entre-Cepeda-y-Uribe&amp;WPLACA=25577<\/p>\n<p>&nbsp; <\/p>\n","protected":false},"excerpt":{"rendered":"<p>Se siente verg\u00fcenza al presenciar el triste debate dado en este bajo Congreso de la Rep\u00fablica que tenemos los colombianos. Congreso que no refleja al pa\u00eds virtuoso que somos. Fue un debate de insultos, de destrucci\u00f3n, denigrante, bajo, del pasado, demostraci\u00f3n pura de los enredos y las ataduras que tiene nuestra clase pol\u00edtica. Insultante para &hellip;<\/p>\n","protected":false},"author":1,"featured_media":22595,"comment_status":"open","ping_status":"open","sticky":false,"template":"","format":"standard","meta":{"footnotes":""},"categories":[14,36],"tags":[],"class_list":["post-22594","post","type-post","status-publish","format-standard","has-post-thumbnail","hentry","category-articulistas","category-la-voz-del-pueblo"],"_links":{"self":[{"href":"https:\/\/contraluzcucuta.co\/index.php?rest_route=\/wp\/v2\/posts\/22594","targetHints":{"allow":["GET"]}}],"collection":[{"href":"https:\/\/contraluzcucuta.co\/index.php?rest_route=\/wp\/v2\/posts"}],"about":[{"href":"https:\/\/contraluzcucuta.co\/index.php?rest_route=\/wp\/v2\/types\/post"}],"author":[{"embeddable":true,"href":"https:\/\/contraluzcucuta.co\/index.php?rest_route=\/wp\/v2\/users\/1"}],"replies":[{"embeddable":true,"href":"https:\/\/contraluzcucuta.co\/index.php?rest_route=%2Fwp%2Fv2%2Fcomments&post=22594"}],"version-history":[{"count":1,"href":"https:\/\/contraluzcucuta.co\/index.php?rest_route=\/wp\/v2\/posts\/22594\/revisions"}],"predecessor-version":[{"id":22596,"href":"https:\/\/contraluzcucuta.co\/index.php?rest_route=\/wp\/v2\/posts\/22594\/revisions\/22596"}],"wp:featuredmedia":[{"embeddable":true,"href":"https:\/\/contraluzcucuta.co\/index.php?rest_route=\/wp\/v2\/media\/22595"}],"wp:attachment":[{"href":"https:\/\/contraluzcucuta.co\/index.php?rest_route=%2Fwp%2Fv2%2Fmedia&parent=22594"}],"wp:term":[{"taxonomy":"category","embeddable":true,"href":"https:\/\/contraluzcucuta.co\/index.php?rest_route=%2Fwp%2Fv2%2Fcategories&post=22594"},{"taxonomy":"post_tag","embeddable":true,"href":"https:\/\/contraluzcucuta.co\/index.php?rest_route=%2Fwp%2Fv2%2Ftags&post=22594"}],"curies":[{"name":"wp","href":"https:\/\/api.w.org\/{rel}","templated":true}]}}