{"id":22585,"date":"2014-09-21T10:57:09","date_gmt":"2014-09-21T15:57:09","guid":{"rendered":"http:\/\/contraluzcucuta.co\/?p=22585"},"modified":"2014-09-22T22:54:24","modified_gmt":"2014-09-23T03:54:24","slug":"encuentro-binacional-sujeto-y-territorio-en-la-frontera","status":"publish","type":"post","link":"https:\/\/contraluzcucuta.co\/?p=22585","title":{"rendered":"ENCUENTRO BINACIONAL. Sujeto y territorio en la frontera"},"content":{"rendered":"<p><strong>URE\u00d1A \u2013 Venezuela.-<\/strong> Delegados de Norte de Santander (Colombia) y T\u00e1chira y Distrito Alto Apure (Venezuela) trabajaron en Ure\u00f1a sobre la \u2018Relaci\u00f3n del sujeto con el territorio en la frontera colombo-venezolana\u2019. En la actividad, se cumpli\u00f3 una agenda acad\u00e9mica de interioridad y espiritualidad conforme a la ruta pedag\u00f3gica que sostiene el trabajo metodol\u00f3gico de la Escuela de Paz y Convivencia Ciudadana (EPCC).<\/p>\n<p>El Segundo Encuentro de la Plataforma Binacional 2014 \u00a0permiti\u00f3 abrir el debate y apropiar conocimientos sobre el sentido del ser y quehacer en la zona de frontera. La coyuntura demanda el compromiso y la acci\u00f3n de la poblaci\u00f3n que vive a uno y otro lado de la l\u00ednea imaginaria que delimita a los dos pa\u00edses.<\/p>\n<p>Los estudiantes de la EPCC est\u00e1n comprometidos con la b\u00fasqueda de la reconciliaci\u00f3n, la paz y el desarrollo en esa franja de vida de 834 kil\u00f3metros.<\/p>\n<p>En la jornada mujeres y hombres fronterizos revisaron el recorrido hecho por la Escuela durante cuatro a\u00f1os, de cara al fortalecimiento de sujetos de frontera para la gesti\u00f3n del desarrollo\u00a0 y, basados en ese balance, revisaron el sentido educativo y pedag\u00f3gico del proyecto para mirar los retos y los desaf\u00edos que se les plantean a las organizaciones que intervienen en la regi\u00f3n.<\/p>\n<p>En el encuentro se afianzaron:<\/p>\n<p>1.- An\u00e1lisis sobre el contexto en clave de construcci\u00f3n de identidad personal y colectiva<\/p>\n<p>2.- El sentido de pertenencia de los involucrados en el proceso de la Escuela con relaci\u00f3n a la frontera<\/p>\n<p>3.- Las organizaciones y las redes que se puedan construir en ese potencial de sinergias del territorio fronterizo cristalizar\u00e1n las posibilidades de reconciliaci\u00f3n, paz y desarrollo en la regi\u00f3n.<\/p>\n<p>En el encuentro participaron el subdirector del Cinep-PPP, Sergio Coronado Delgado; el coordinador de la Regi\u00f3n Apost\u00f3lica Interprovincial de la Frontera Colombo-Venezolana (RAIF), padre Jorge Julio Mej\u00eda; el sacerdote jesuita Dixxi Perales, y el equipo coordinador de la Escuela, encabezado por Mar\u00eda del Carmen Mu\u00f1oz.<\/p>\n<p>Entre las organizaciones representadas destacan la Red Paz en Fronteras de Venezuela, Fe y Alegr\u00eda, Pastoral Social, Banco de Alimentos de C\u00facuta, C\u00e1tedra de la Paz, Organizaci\u00f3n de J\u00f3venes con Naciones Unidas, que tiene el centro de acci\u00f3n en Guasdualito, El Nula, San Crist\u00f3bal, Rubio, M\u00e9rida, Ciudad Sucre, San Joaqu\u00edn de Navay, del lado venezolano, y C\u00facuta, Aguaclara, Tib\u00fa, Pamplona y Villa del Rosario, de Colombia.<\/p>\n<p>El reencuentro ser\u00e1 en Salazar de las Palmas, en el primer semestre de 2015, para continuar el trabajo sobre la generaci\u00f3n de condiciones para la sostenibilidad de la reconciliaci\u00f3n y la paz en la regi\u00f3n.<\/p>\n<p>&nbsp; <\/p>\n","protected":false},"excerpt":{"rendered":"<p>URE\u00d1A \u2013 Venezuela.- Delegados de Norte de Santander (Colombia) y T\u00e1chira y Distrito Alto Apure (Venezuela) trabajaron en Ure\u00f1a sobre la \u2018Relaci\u00f3n del sujeto con el territorio en la frontera colombo-venezolana\u2019. En la actividad, se cumpli\u00f3 una agenda acad\u00e9mica de interioridad y espiritualidad conforme a la ruta pedag\u00f3gica que sostiene el trabajo metodol\u00f3gico de la &hellip;<\/p>\n","protected":false},"author":1,"featured_media":22586,"comment_status":"open","ping_status":"open","sticky":false,"template":"","format":"standard","meta":{"footnotes":""},"categories":[168,32],"tags":[1680],"class_list":["post-22585","post","type-post","status-publish","format-standard","has-post-thumbnail","hentry","category-los-que-estan-afuera","category-recorrido-por-la-region","tag-relacion-del-sujeto-con-el-territorio-en-la-frontera-colombo-venezolana"],"_links":{"self":[{"href":"https:\/\/contraluzcucuta.co\/index.php?rest_route=\/wp\/v2\/posts\/22585","targetHints":{"allow":["GET"]}}],"collection":[{"href":"https:\/\/contraluzcucuta.co\/index.php?rest_route=\/wp\/v2\/posts"}],"about":[{"href":"https:\/\/contraluzcucuta.co\/index.php?rest_route=\/wp\/v2\/types\/post"}],"author":[{"embeddable":true,"href":"https:\/\/contraluzcucuta.co\/index.php?rest_route=\/wp\/v2\/users\/1"}],"replies":[{"embeddable":true,"href":"https:\/\/contraluzcucuta.co\/index.php?rest_route=%2Fwp%2Fv2%2Fcomments&post=22585"}],"version-history":[{"count":1,"href":"https:\/\/contraluzcucuta.co\/index.php?rest_route=\/wp\/v2\/posts\/22585\/revisions"}],"predecessor-version":[{"id":22587,"href":"https:\/\/contraluzcucuta.co\/index.php?rest_route=\/wp\/v2\/posts\/22585\/revisions\/22587"}],"wp:featuredmedia":[{"embeddable":true,"href":"https:\/\/contraluzcucuta.co\/index.php?rest_route=\/wp\/v2\/media\/22586"}],"wp:attachment":[{"href":"https:\/\/contraluzcucuta.co\/index.php?rest_route=%2Fwp%2Fv2%2Fmedia&parent=22585"}],"wp:term":[{"taxonomy":"category","embeddable":true,"href":"https:\/\/contraluzcucuta.co\/index.php?rest_route=%2Fwp%2Fv2%2Fcategories&post=22585"},{"taxonomy":"post_tag","embeddable":true,"href":"https:\/\/contraluzcucuta.co\/index.php?rest_route=%2Fwp%2Fv2%2Ftags&post=22585"}],"curies":[{"name":"wp","href":"https:\/\/api.w.org\/{rel}","templated":true}]}}