{"id":22566,"date":"2014-09-18T19:18:33","date_gmt":"2014-09-19T00:18:33","guid":{"rendered":"http:\/\/contraluzcucuta.co\/?p=22566"},"modified":"2014-09-18T19:18:33","modified_gmt":"2014-09-19T00:18:33","slug":"reconocimiento-quinta-con-quinta-es-un-medio-no-un-fin","status":"publish","type":"post","link":"https:\/\/contraluzcucuta.co\/?p=22566","title":{"rendered":"RECONOCIMIENTO. Quinta con Quinta es un medio, no un fin"},"content":{"rendered":"<p><strong>C\u00daCUTA.-<\/strong> La casa es normal. Pertenece a esas edificaciones de barrio de estrato dos. En la sala est\u00e1n los muebles, a un lado los dormitorios, la cocina al fondo y al frente el patio de ropas. El \u00faltimo de los cuartos est\u00e1 convertido en estudio de grabaci\u00f3n musical, y as\u00ed se diga que este espacio \u201cno es una plataforma de artistas regionales\u201d s\u00ed es la habitaci\u00f3n en la que comienzan a tomar forma sue\u00f1os j\u00f3venes. La casa est\u00e1 en seguida de una esquina, en Motilones (C\u00facuta). Se llega f\u00e1cil en buseta, no hay posibilidad de perderse.<\/p>\n<p>La direcci\u00f3n exacta le dio nombre a la fundaci\u00f3n Quinta con Quinta, que acaba de obtener el reconocimiento de la sociedad cucute\u00f1a por el trabajo emprendido a favor de comunidades despose\u00eddas. El galard\u00f3n lo entregaron en la Semana por la Paz.<\/p>\n<p>&#8211;\u00a0\u00a0\u00a0\u00a0\u00a0\u00a0\u00a0\u00a0 En medio de la tristeza, mantenemos la sonrisa, el mundo va muy aprisa y no nos deja ni pensar, aunque a todo pongan precio, mantenemos nuestro sue\u00f1o, de mis sue\u00f1os soy el due\u00f1o que viva la Libertad!<\/p>\n<p>Quinta con Quinta naci\u00f3 de un proceso dinamizador impulsado por Jorge Botello. Ah\u00ed, sin propon\u00e9rselo, comenzaron a\u00a0 asomarse sue\u00f1os similares. Han entrado y salido j\u00f3venes con distintos intereses. Al final, queda la satisfacci\u00f3n de saber que sin ese movimiento de seres humanos \u201cel sue\u00f1o no hubiera sido lo mismo\u201d. Despu\u00e9s de seis a\u00f1os de trabajo, la fundaci\u00f3n es un medio, no un fin.<\/p>\n<p>A la Quinta han llegado muchos y se han quedado los que reconocen que es \u00a0un proyecto art\u00edstico. Es un espacio en el que se encuentran hombres y mujeres \u00a0para usar el arte como medio. Tambi\u00e9n, \u201ces un gimnasio de sue\u00f1os\u201d. Esa es la definici\u00f3n que le gusta a Jorge Botello, porque en ese cuarto del fondo de la casa llegan para ejercitarse sin buscar la fama, el renombre o el dinero.<\/p>\n<p>El grupo de amigos comenz\u00f3 a reunirse sin un prop\u00f3sito, sino por el gusto por lo que hac\u00edan. Jorge hab\u00eda comprado un computador y esa era la mejor disculpa para estar juntos. Un d\u00eda cualquiera, sin proponerse hacer \u201cun parche\u201d, decidieron armarlo y al buscar el nombre surgi\u00f3 \u2018Quinta con Quinta\u2019. No hubo esfuerzo, surgi\u00f3 de la din\u00e1mica. \u201cEs un nombre sonoro y genera recordaci\u00f3n\u201d, dijo Jorge Botello.<\/p>\n<p><strong>AHIMAN Y LA QUINTA CON QUINTA<\/strong><\/p>\n<p>En el cuarto de grabaci\u00f3n se prepara el pr\u00f3ximo proyecto que Quinta con Quinta presentar\u00e1 en sociedad pronto. Surgi\u00f3 de un concurso en el que se inscribieron y ganaron. Trabajan miembros de la fundaci\u00f3n Hoasis, encargada de velar por la integridad de ni\u00f1os y j\u00f3venes portadores del VIH.<\/p>\n<p>&#8211;\u00a0\u00a0\u00a0\u00a0\u00a0\u00a0\u00a0\u00a0 El coraz\u00f3n lleno de fuerzas y el est\u00f3mago vac\u00edo, una ciudad calorosa rebosa de individuos fr\u00edos,\u00a0 un presente insistente en que ya todo est\u00e1 perdido, una televisi\u00f3n lejana a la realidad que vivo.<\/p>\n<p>Las canciones surgieron de talleres y ahora pasar\u00e1n a la musicalizaci\u00f3n, orientados por Ahiman, voz griega que significa \u2018hermano de un don\u2019. Ahiman es el personaje creado entre Jorge Botello y Pepe. Botello es el ni\u00f1o al que educ\u00f3 la sociedad, al que le dijeron qu\u00e9 ten\u00eda y qu\u00e9 no ten\u00eda que hacer, al que le suministraron informaci\u00f3n por montones acerca de leyes y de costumbres, y al que le dijeron c\u00f3mo debe comportarse. Pepe, en cambio, es el muchacho de barrio, el amigo,\u00a0 el que se form\u00f3 en la calle, el que encontr\u00f3 la solidaridad y se cuestion\u00f3 sobre algunos aspectos, y el que no compart\u00eda ciertas consideraciones de Jorge. \u201cAhiman es la creaci\u00f3n de alguno de los dos. No s\u00e9 de qui\u00e9n es. Ahiman es el que al final los pone de acuerdo, el que sale, habla\u201d.<\/p>\n<p>Por fortuna Jorge y Pepe le dieron vida a ese hombre de apariencia t\u00edmida. Cubre la cabeza con una gorra, viste franela ancha y bluy\u00edn, que combina con tenis normales. Las gafas le dan un aire distinto al rostro, mientras la sonrisa refleja sinceridad. Es delgado de cuerpo y fuerte de pensamiento al cuestionarse. \u201cEn este momento no me doy cuenta de nada de lo que hago. Solo s\u00e9 que me gusta hacer cosas, que pienso en las vainas y digo &#8216;ch\u00e9vere hacer esto&#8217;\u201d.<\/p>\n<p>Si por la apariencia f\u00edsica se quisiera formar una idea de Ahiman, bien podr\u00eda decirse que es un hombre arrastrado por los nuevos modelos musicales, el rap, el hip hop y el reguet\u00f3n. Si se escuchan con atenci\u00f3n sus planeamientos surge el rebelde con valores. \u201cPrimero la honestidad, sin ser perfecto, ha sido clave para que sigan creyendo\u201d. Y despacha una frase prestada para reiterar lo concebido. \u2018Cuanto m\u00e1s subes, m\u00e1s dejas el rabo al descubierto\u2019.<\/p>\n<p>Antes, la idea fundamental era cambiar al mundo. Ahora, la revoluci\u00f3n m\u00e1s importante es la que se hace de piel hacia adentro, desde el individuo y cuestionar el coraz\u00f3n y la mente. \u201cSomos esclavos del saber. Todos saben c\u00f3mo cambiar el pa\u00eds. Es bueno \u00a0preguntarnos \u00bfc\u00f3mo escuchar as\u00ed a una sociedad que sabe tanto?\u201d.<\/p>\n<p>&#8211;\u00a0\u00a0\u00a0\u00a0\u00a0\u00a0\u00a0\u00a0 Barrios que festejan y mantienen la esperanza y tercos como una mula la esperanza no se cansa, aunque todo se complique, lucho por lo que creo, que la vida pinte\u2026 la que yo se la coloreo\u2026 meti\u00e9ndole muchas ganas desde que \u00e9ramos peque\u00f1os pues&#8230; nadie dijo que era f\u00e1cil eso de cumplir los sue\u00f1os&#8230;<\/p>\n<p><strong>EL PRIMER DESPERTAR<\/strong><\/p>\n<p>La Quinta apareci\u00f3 cuando Ahiman ya hab\u00eda salido a Caracas y San Crist\u00f3bal, en Venezuela; Bogot\u00e1 y Bucaramanga, en Colombia. Ese trabajo \u00a0con las comunidades lo llev\u00f3 al cuestionamiento. \u201cCu\u00e1ntos a\u00f1os llevo cantando y hay muchos lugares en los que la gente no tiene ni idea de lo que es un derecho\u201d.<\/p>\n<p>Quinta con Quinta le ha sacado a Ahiman, adem\u00e1s del trabajo, un poco la visi\u00f3n, las ideas y la energ\u00eda. La filosof\u00eda y el trabajo por la humanidad, a pesar de no tener t\u00edtulo profesional. \u201cDetesto que me tomen como ejemplo, aunque reconozco que soy un referente\u201d.<\/p>\n<p>&#8211;\u00a0\u00a0\u00a0\u00a0\u00a0\u00a0\u00a0\u00a0 Hago lo que me gusta, no vivo una vida ajena&#8230; y si todo sale bien&#8230; mucho lo disfrutar\u00e9&#8230; y si todo me sale mal&#8230; bueno s\u00e9 que lo intent\u00e9, no tendr\u00eda que preguntarme qu\u00e9 es lo que habr\u00eda pasao si no hubiera renunciao a lo que quise de pelao&#8230;<\/p>\n<p>Un cuentero lleg\u00f3 un d\u00eda al colegio de Juan Atalaya, donde Jorge todav\u00eda no era Pepe y mucho menos Ahiman. El hombre aquel embeles\u00f3 a los alumnos con la palabrer\u00eda y el manejo del auditorio. A Botello lo despert\u00f3 para el mundo que a\u00f1os despu\u00e9s crear\u00eda. \u201cNos ten\u00eda callados en el coliseo. Me impresion\u00f3. Iba en sexto, ten\u00eda 10 a\u00f1os\u201d.<\/p>\n<p>A partir de entonces la vida cambi\u00f3. Ahora, para trasmitir ese pensamiento y para hacer que la gente le crea tiene como fuente principal la charla con la gente. Le gusta escuchar y que lo escuchen. Es hablador, conversador, y en cada conversaci\u00f3n escucha aquello que lo hace pensar.<\/p>\n<p>\u201cNo es un cuestionamiento que se queda en la queja y en el llanto, sino una queja v\u00e1lida porque hay mucha injusticia\u201d.<\/p>\n<p>\u00bfY si no hubiera encontrado en la m\u00fasica el canal para trasmitir los pensamientos c\u00f3mo lo hubiera hecho? Para responder echa mano de una definici\u00f3n propia. \u201cEl hip hop es solo el medio, es la herramienta\u201d. Toma prestada otra frase para reafirmar el concepto. \u2018Si el rap fuera una religi\u00f3n hace rato me habr\u00eda marchado\u2019. Ni siquiera el rap puede decirle qu\u00e9 es o no es. No le gusta la palabra artista. \u201cSoy una persona que desarrollo un arte, que no se me olvide que soy persona\u201d.<\/p>\n<p>Otro t\u00e9rmino con el que se siente identificado es &#8216;dinamizador&#8217; de todo ese potencial y esos sue\u00f1os que tiene, pero que est\u00e1n opacados. \u201cUno empieza y comienza a contagiar a uno y a otro y a otro. Cuando uno dinamiza todo empieza a moverse. No s\u00e9 que hubiera sido, pero algo hubiera hecho\u201d.<\/p>\n<p>&#8211;\u00a0\u00a0\u00a0\u00a0\u00a0\u00a0\u00a0\u00a0 Fue la necesidad la que nos hizo fuertes. Frente la adversidad terminamos por crecer, madurar es comprensible, algunos maduran tanto que terminan insensibles, los deseos de volar acaban en una fosa y creen que el \u00e9xito es llenar una casa con cosas<\/p>\n<p>&#8220;Si el rap no vino a cambiar el mundo, por lo menos vino a cambiar el m\u00edo&#8221;. Algo hubiera sido, tal vez no tan visible.<\/p>\n<p>&#8211;\u00a0\u00a0\u00a0\u00a0\u00a0\u00a0\u00a0\u00a0 \u00a0Entonces no pongamos los anhelos en espera&#8230; ni permitamos que nuestro ni\u00f1o interior muera&#8230; que la vida es una sola con sus gozos y sus penas.<\/p>\n<p><strong>RAFAEL ANTONIO PAB\u00d3N<\/strong><\/p>\n<p><strong><a href=\"mailto:rafaelpabon58@hotmail.com\">rafaelpabon58@hotmail.com<\/a><\/strong><\/p>\n<p>Foto: MARCO S\u00daA<\/p>\n<p>&nbsp; <\/p>\n","protected":false},"excerpt":{"rendered":"<p>C\u00daCUTA.- La casa es normal. Pertenece a esas edificaciones de barrio de estrato dos. En la sala est\u00e1n los muebles, a un lado los dormitorios, la cocina al fondo y al frente el patio de ropas. El \u00faltimo de los cuartos est\u00e1 convertido en estudio de grabaci\u00f3n musical, y as\u00ed se diga que este espacio &hellip;<\/p>\n","protected":false},"author":1,"featured_media":22567,"comment_status":"open","ping_status":"open","sticky":false,"template":"","format":"standard","meta":{"footnotes":""},"categories":[17,4],"tags":[1671,1672,1670],"class_list":["post-22566","post","type-post","status-publish","format-standard","has-post-thumbnail","hentry","category-conversaciones-a-contraluz","category-barra","tag-ahiman","tag-jorge-botello","tag-quinta-con-quinta"],"_links":{"self":[{"href":"https:\/\/contraluzcucuta.co\/index.php?rest_route=\/wp\/v2\/posts\/22566","targetHints":{"allow":["GET"]}}],"collection":[{"href":"https:\/\/contraluzcucuta.co\/index.php?rest_route=\/wp\/v2\/posts"}],"about":[{"href":"https:\/\/contraluzcucuta.co\/index.php?rest_route=\/wp\/v2\/types\/post"}],"author":[{"embeddable":true,"href":"https:\/\/contraluzcucuta.co\/index.php?rest_route=\/wp\/v2\/users\/1"}],"replies":[{"embeddable":true,"href":"https:\/\/contraluzcucuta.co\/index.php?rest_route=%2Fwp%2Fv2%2Fcomments&post=22566"}],"version-history":[{"count":1,"href":"https:\/\/contraluzcucuta.co\/index.php?rest_route=\/wp\/v2\/posts\/22566\/revisions"}],"predecessor-version":[{"id":22569,"href":"https:\/\/contraluzcucuta.co\/index.php?rest_route=\/wp\/v2\/posts\/22566\/revisions\/22569"}],"wp:featuredmedia":[{"embeddable":true,"href":"https:\/\/contraluzcucuta.co\/index.php?rest_route=\/wp\/v2\/media\/22567"}],"wp:attachment":[{"href":"https:\/\/contraluzcucuta.co\/index.php?rest_route=%2Fwp%2Fv2%2Fmedia&parent=22566"}],"wp:term":[{"taxonomy":"category","embeddable":true,"href":"https:\/\/contraluzcucuta.co\/index.php?rest_route=%2Fwp%2Fv2%2Fcategories&post=22566"},{"taxonomy":"post_tag","embeddable":true,"href":"https:\/\/contraluzcucuta.co\/index.php?rest_route=%2Fwp%2Fv2%2Ftags&post=22566"}],"curies":[{"name":"wp","href":"https:\/\/api.w.org\/{rel}","templated":true}]}}