{"id":22562,"date":"2014-09-18T16:03:50","date_gmt":"2014-09-18T21:03:50","guid":{"rendered":"http:\/\/contraluzcucuta.co\/?p=22562"},"modified":"2014-09-21T10:03:50","modified_gmt":"2014-09-21T15:03:50","slug":"futbol-de-segunda-mancilla-goles-chilenos-para-el-cucuta-deportivo","status":"publish","type":"post","link":"https:\/\/contraluzcucuta.co\/?p=22562","title":{"rendered":"F\u00daTBOL DE SEGUNDA. Mancilla, goles chilenos para el C\u00facuta Deportivo"},"content":{"rendered":"<p><strong>C\u00daCUTA.-<\/strong> El delantero chileno <a href=\"http:\/\/es.wikipedia.org\/wiki\/H%C3%A9ctor_Mancilla\">H\u00e9ctor Ra\u00fal Mancilla <\/a>\u00a0es el nuevo jugador del C\u00facuta Deportivo. Procede del Monarcas Morelia, de la Primera Divisi\u00f3n de M\u00e9xico. Tiene 33 a\u00f1os, mide 1,79 metros y ha pasado por clubes chilenos y mexicanos, y estuvo en la selecci\u00f3n nacional en la Copa Am\u00e9rica 2004 y las eliminatorias a Sud\u00e1frica 2010.<\/p>\n<p>El refuerzo motil\u00f3n est\u00e1 casado con Estefan\u00eda Caballero, con quien tiene dos hijos, Jonathan Sebasti\u00e1n y Mat\u00edas Dami\u00e1n. Naci\u00f3 para el f\u00fatbol en el Club Deportivo Santiago Morning, de Purranque.<\/p>\n<p>Entre las fechas destacadas de su carrera futbol\u00edsticas est\u00e1n:<\/p>\n<p>1.- En 1999, lleg\u00f3 al Malleco Unido<\/p>\n<p>2.- Entre 2000 y 2005, jug\u00f3 en Huachipato, anot\u00f3 54 goles en 129 partidos y fue el m\u00e1ximo anotador en el Torneo Apertura 2005 (13 goles).<\/p>\n<p>3.- En 2006, lleg\u00f3 a Colo-Colo, anot\u00f3 12 goles en 15 partidos. Fue campe\u00f3n con ese equipo en el Apertura 2006.<\/p>\n<p>4.- Luego de ese torneo se traslad\u00f3 a M\u00e9xico y jug\u00f3 para Veracruz, Coatzacoalcos y Toluca.<\/p>\n<p>5.- En el 2008, sali\u00f3 goleador del campeonato Apertura<\/p>\n<p>6.- En el 2009, fue el goleador del Clausura<\/p>\n<p>7.- En el 2010, ocup\u00f3 el puesto 15 entre los m\u00e1ximos goleadores de Primera Divisi\u00f3n del mundo, con 25 goles.<\/p>\n<p>8.- En el 2011, fund\u00f3 el Club Deportivo Purranque, de su ciudad natal<\/p>\n<p>9.- En el 2010, se conoce su llegada a Tigres de la UANL, para jugar el Torneo de 2011.<\/p>\n<p>10.- El 13 de agosto del 2011, convirti\u00f3 el gol 100 de su carrera en el f\u00fatbol mexicano, contra Am\u00e9rica.<\/p>\n<p>Su paso por la selecci\u00f3n chilena est\u00e1 registrado de la siguiente manera:<\/p>\n<p>1.- En el 2004, fue citado de emergencia por el DT de la selecci\u00f3n Juvenal Olmos para los partidos por las Clasificatorias a Alemania 2006, frente a Venezuela y Brasil, pero no jug\u00f3.<\/p>\n<p>2.- En julio del 2004, fue nombrado como parte del plantel que disputar\u00eda la Copa Am\u00e9rica 2004, en Per\u00fa. Debut\u00f3 en el primer partido de la fase de grupos frente a Brasil. Disput\u00f3 los otros dos partidos contra Paraguay y Costa Rica. Tuvo una discreta presentaci\u00f3n.<\/p>\n<p>3.- En marzo de 2009, fue convocado por Marcelo Bielsa para los partidos por las Clasificatorias a Sud\u00e1frica 2010, contra Per\u00fa y Uruguay. No jug\u00f3. Enfrent\u00f3 a Paraguay y Bolivia.<\/p>\n<p>4.- En mayo de 2010, no fue convocado en la lista definitiva de 23 jugadores para representar a la Selecci\u00f3n en el Mundial de Sud\u00e1frica 2010.<\/p>\n<p>&nbsp; <\/p>\n","protected":false},"excerpt":{"rendered":"<p>C\u00daCUTA.- El delantero chileno H\u00e9ctor Ra\u00fal Mancilla \u00a0es el nuevo jugador del C\u00facuta Deportivo. Procede del Monarcas Morelia, de la Primera Divisi\u00f3n de M\u00e9xico. Tiene 33 a\u00f1os, mide 1,79 metros y ha pasado por clubes chilenos y mexicanos, y estuvo en la selecci\u00f3n nacional en la Copa Am\u00e9rica 2004 y las eliminatorias a Sud\u00e1frica 2010. &hellip;<\/p>\n","protected":false},"author":1,"featured_media":22563,"comment_status":"open","ping_status":"open","sticky":false,"template":"","format":"standard","meta":{"footnotes":""},"categories":[4,28],"tags":[192,1669],"class_list":["post-22562","post","type-post","status-publish","format-standard","has-post-thumbnail","hentry","category-barra","category-vistazo-deportivo","tag-cucuta-deportivo","tag-hector-raul-mancilla"],"_links":{"self":[{"href":"https:\/\/contraluzcucuta.co\/index.php?rest_route=\/wp\/v2\/posts\/22562","targetHints":{"allow":["GET"]}}],"collection":[{"href":"https:\/\/contraluzcucuta.co\/index.php?rest_route=\/wp\/v2\/posts"}],"about":[{"href":"https:\/\/contraluzcucuta.co\/index.php?rest_route=\/wp\/v2\/types\/post"}],"author":[{"embeddable":true,"href":"https:\/\/contraluzcucuta.co\/index.php?rest_route=\/wp\/v2\/users\/1"}],"replies":[{"embeddable":true,"href":"https:\/\/contraluzcucuta.co\/index.php?rest_route=%2Fwp%2Fv2%2Fcomments&post=22562"}],"version-history":[{"count":1,"href":"https:\/\/contraluzcucuta.co\/index.php?rest_route=\/wp\/v2\/posts\/22562\/revisions"}],"predecessor-version":[{"id":22565,"href":"https:\/\/contraluzcucuta.co\/index.php?rest_route=\/wp\/v2\/posts\/22562\/revisions\/22565"}],"wp:featuredmedia":[{"embeddable":true,"href":"https:\/\/contraluzcucuta.co\/index.php?rest_route=\/wp\/v2\/media\/22563"}],"wp:attachment":[{"href":"https:\/\/contraluzcucuta.co\/index.php?rest_route=%2Fwp%2Fv2%2Fmedia&parent=22562"}],"wp:term":[{"taxonomy":"category","embeddable":true,"href":"https:\/\/contraluzcucuta.co\/index.php?rest_route=%2Fwp%2Fv2%2Fcategories&post=22562"},{"taxonomy":"post_tag","embeddable":true,"href":"https:\/\/contraluzcucuta.co\/index.php?rest_route=%2Fwp%2Fv2%2Ftags&post=22562"}],"curies":[{"name":"wp","href":"https:\/\/api.w.org\/{rel}","templated":true}]}}