{"id":22524,"date":"2014-09-11T19:22:34","date_gmt":"2014-09-12T00:22:34","guid":{"rendered":"http:\/\/contraluzcucuta.co\/?p=22524"},"modified":"2014-09-13T20:50:41","modified_gmt":"2014-09-14T01:50:41","slug":"lista-negra-wilfredo-canizares-entre-los-defensores-amenazados","status":"publish","type":"post","link":"https:\/\/contraluzcucuta.co\/?p=22524","title":{"rendered":"\u2018LISTA NEGRA\u2019. Wilfredo Ca\u00f1izares, entre los defensores amenazados"},"content":{"rendered":"<p><strong>C\u00daCUTA.-<\/strong> Wilfredo Ca\u00f1izares, director de la Fundaci\u00f3n Progresar, Norte de Santander, aparece en el listado de 91 defensores de derechos humanos declarados \u2018objetivo militar\u2019 por una organizaci\u00f3n no identificada. La amenaza se conoci\u00f3 mediante correo electr\u00f3nico enviado a la \u00a0Corporaci\u00f3n Reiniciar.<\/p>\n<p>El mensaje, proveniente de la cuenta: <a href=\"mailto:joseperalta1981mas@gmail.com\">joseperalta1981mas@gmail.com<\/a>, despliega el documento \u2018Lista Negra\u2019, que contiene los nombres de l\u00edderes y lideresas que trabajan por los derechos humanos en Colombia.<\/p>\n<p>La denuncia se conoci\u00f3, el 11 de septiembre, en la ma\u00f1ana. En el correo la organizaci\u00f3n no identificada declara objetivo militar a defensoras y defensores con nombre y apellidos. En la lista aparece \u00a0Jahel Quiroga, directora ejecutiva de la Corporaci\u00f3n Reiniciar.<\/p>\n<p>Ca\u00f1izares mostr\u00f3 preocupaci\u00f3n por el hecho y demand\u00f3 del Estado mayor protecci\u00f3n, porque hay casos en los que los defensores se movilizan en buseta sin mayor esquema de seguridad.<\/p>\n<p>Los autores del comunicado atacan a quienes promueven la paz en el pa\u00eds. Para profundizar en la gravedad del asunto destacaron en rojo algunos nombres y se dirigieron a los amenazados con palabras insultantes para advertirlos de que van a acabar uno a uno con ellos. Los acusan de guerrilleros y aseguran que no permitir\u00e1n que sigan con el \u201ccuento\u201d de la paz.<\/p>\n<p>La organizaci\u00f3n clandestina asegur\u00f3 que los amenazados deber\u00e1n pagar con su sangre y que sabe d\u00f3nde est\u00e1 cada uno y las familias. El panfleto les ordena prepararse para morir y cuidarse porque los \u201cvan a cazar\u201d.<\/p>\n<p>La Corporaci\u00f3n Reiniciar rechaz\u00f3 las amenazas, el constante hostigamiento y la estigmatizaci\u00f3n de quienes en Colombia dedican la vida a la defensa de los derechos humanos.<\/p>\n<p>A continuaci\u00f3n el listado de los amenazados:<\/p>\n<p>Alfonso Castillo, Juan Carabal\u00ed, Manuel Torrejano, Amaury Padilla, Ana Cecilia Prada, Ana Mahecha, Aura Ar\u00e9valo, Camilo \u00c1lvarez, Carlos Anc\u00edzar, Ediberto Medell\u00edn, Ester Marina Gallego, Fernando Sarmiento, Floralba L\u00f3pez Benavides, Jael Quiroga, Jhon Jairo Penagos, Margarita Novoa, Mario Barraza, \u00a0Nelly Velandia, Janete Bautista, Luis Alberto Vanegas, Adriana Cu\u00e9llar, Adriana Ortiz, Alberto Yepes, \u00c1lvaro C\u00f3rdoba, Amparo D\u00edaz, Ana Francisca Su\u00e1rez, Ana Jimena Bautista, Ana Marcela Moya, Antonio Madariaga, Arc\u00e1ngel Cadena, Armando Ruiz, B\u00e1rbara Gonz\u00e1lez, Camilo Villa, Carlos Alberto Pe\u00f1a, Carlos Daniel Berm\u00fadez, Carlos Pe\u00f1a Moya, Carmen Carre\u00f1o, Carmen Elena Bedoya, Carolina Aldana, Celeide Prada, Cerbulo Bautista, Claudia Camacho, Diana Marcela Caicedo, Diana Mar\u00eda Salcedo, Emigdio Cuesta, Fabio Santos, Francisco Mu\u00f1oz, Fredy Aguilera, Graciela Urrego, Guillermo Cardona, Guillermo Li\u00e9vano, Hilda Garc\u00eda, Ilver Garc\u00eda, Jairo Caicedo, Jes\u00fas Vargas, John Anzola, Jorge Castellanos, Jorge Escobar, Jos\u00e9 Luis Velandia, Karen Borrero Prada, Leonardo Gonz\u00e1lez, Lida N\u00fa\u00f1ez, Linda Mar\u00eda Cabrera, Luis Alberto Vanegas, Luis Murillo, Luz Marina Fonseca, Marcela Duarte, Mar\u00eda Cabrera, Martha Isabel Fl\u00f3rez, Matilde Mora, Miguel \u00c1ngel L\u00f3pez, Myriam Garz\u00f3n Vargas, Nancy Carvajal, Nelly Gonz\u00e1lez, Nelly Guzm\u00e1n, Nelson Alberto Plazas, Nelson Linares, Norma Yaneth Buenaventura, Orlando Pantoja, Paulina Trivi\u00f1o, Pedro Santana, Roc\u00edo Mar\u00edn, , Vilma Guti\u00e9rrez, Virgelina Chara, Wilfredo Ca\u00f1izares, F\u00e1tima Esparza y Ramiro Orjuela.<\/p>\n<p>&nbsp; <\/p>\n","protected":false},"excerpt":{"rendered":"<p>C\u00daCUTA.- Wilfredo Ca\u00f1izares, director de la Fundaci\u00f3n Progresar, Norte de Santander, aparece en el listado de 91 defensores de derechos humanos declarados \u2018objetivo militar\u2019 por una organizaci\u00f3n no identificada. La amenaza se conoci\u00f3 mediante correo electr\u00f3nico enviado a la \u00a0Corporaci\u00f3n Reiniciar. El mensaje, proveniente de la cuenta: joseperalta1981mas@gmail.com, despliega el documento \u2018Lista Negra\u2019, que contiene &hellip;<\/p>\n","protected":false},"author":1,"featured_media":22525,"comment_status":"open","ping_status":"open","sticky":false,"template":"","format":"standard","meta":{"footnotes":""},"categories":[5,32],"tags":[707,840],"class_list":["post-22524","post","type-post","status-publish","format-standard","has-post-thumbnail","hentry","category-justicia-transicional","category-recorrido-por-la-region","tag-fundacion-progresar","tag-wilfredo-canizares"],"_links":{"self":[{"href":"https:\/\/contraluzcucuta.co\/index.php?rest_route=\/wp\/v2\/posts\/22524","targetHints":{"allow":["GET"]}}],"collection":[{"href":"https:\/\/contraluzcucuta.co\/index.php?rest_route=\/wp\/v2\/posts"}],"about":[{"href":"https:\/\/contraluzcucuta.co\/index.php?rest_route=\/wp\/v2\/types\/post"}],"author":[{"embeddable":true,"href":"https:\/\/contraluzcucuta.co\/index.php?rest_route=\/wp\/v2\/users\/1"}],"replies":[{"embeddable":true,"href":"https:\/\/contraluzcucuta.co\/index.php?rest_route=%2Fwp%2Fv2%2Fcomments&post=22524"}],"version-history":[{"count":1,"href":"https:\/\/contraluzcucuta.co\/index.php?rest_route=\/wp\/v2\/posts\/22524\/revisions"}],"predecessor-version":[{"id":22526,"href":"https:\/\/contraluzcucuta.co\/index.php?rest_route=\/wp\/v2\/posts\/22524\/revisions\/22526"}],"wp:featuredmedia":[{"embeddable":true,"href":"https:\/\/contraluzcucuta.co\/index.php?rest_route=\/wp\/v2\/media\/22525"}],"wp:attachment":[{"href":"https:\/\/contraluzcucuta.co\/index.php?rest_route=%2Fwp%2Fv2%2Fmedia&parent=22524"}],"wp:term":[{"taxonomy":"category","embeddable":true,"href":"https:\/\/contraluzcucuta.co\/index.php?rest_route=%2Fwp%2Fv2%2Fcategories&post=22524"},{"taxonomy":"post_tag","embeddable":true,"href":"https:\/\/contraluzcucuta.co\/index.php?rest_route=%2Fwp%2Fv2%2Ftags&post=22524"}],"curies":[{"name":"wp","href":"https:\/\/api.w.org\/{rel}","templated":true}]}}