{"id":22518,"date":"2014-09-11T17:29:18","date_gmt":"2014-09-11T22:29:18","guid":{"rendered":"http:\/\/contraluzcucuta.co\/?p=22518"},"modified":"2014-09-13T20:34:08","modified_gmt":"2014-09-14T01:34:08","slug":"que-es-el-ecocidio-respuesta-destruccion-extensa-del-ecosistema","status":"publish","type":"post","link":"https:\/\/contraluzcucuta.co\/?p=22518","title":{"rendered":"\u00bfQU\u00c9 ES EL ECOCIDIO? Respuesta: Destrucci\u00f3n extensa del ecosistema"},"content":{"rendered":"<p>Ecocidio es el t\u00e9rmino utilizado para referirse a la destrucci\u00f3n extensa del ecosistema o de un territorio en concreto, como consecuencia de la acci\u00f3n directa o indirecta de los seres humanos o de la industria.<\/p>\n<p>Se trata de una palabra poco utilizada en el d\u00eda a d\u00eda, pero que conocemos a la perfecci\u00f3n el significado. La lucha por proteger y cuidar el medio ambiente no ha hecho m\u00e1s que comenzar. En la actualidad se llevan a cabo medidas para que, adem\u00e1s de trabajar, se pueda cuidar el planeta. \u00bfC\u00f3mo? Mediante los trabajos verdes, aquellos que ayudan, protegen y cuidan el medio ambiente. En contra se encuentran los trabajos que afectan de manera negativa al planeta y que, por consiguiente, destruyen una parte importante del medio ambiente. Una peque\u00f1a parte que tardar\u00e1 a\u00f1os en recuperarse.<\/p>\n<p>Aqu\u00ed entra en juego el t\u00e9rmino ecocidio, que es usado para referir a la destrucci\u00f3n extensa del ecosistema o de un territorio en concreto como consecuencia de la acci\u00f3n directa o indirecta de los seres humanos o de la industria. Adem\u00e1s de poner en peligro la vida sobre la tierra, tambi\u00e9n se pone en peligro la existencia del humano en esos territorios.<\/p>\n<p>El ecocidio es uno de los mayores problemas a los que se enfrentan el hombre y el planeta. El ecocidio estuvo a punto de incluirse como el quinto crimen contra la paz en el Estatuto de Roma. Fue anulado, en 1996, a pesar de la objeci\u00f3n de varios pa\u00edses. Este t\u00e9rmino se utiliza para designar los cr\u00edmenes contra el planeta y el medio ambiente.<\/p>\n<p>En C\u00facuta, por culpa de los ambiciosos que no piensan en el medio ambiente ni en sus semejantes, sino en c\u00f3mo materializar el \u201cser los m\u00e1s ricos del cementerio\u201d, una espada de Damocles se blande sobre el medio ambiente, empu\u00f1ada para intentar exterminar el pulm\u00f3n verde. Esos alfanjeros en la primera etapa del proyecto (Tennis Park) piensan talar 841 \u00e1rboles; en la segunda y en la tercera, m\u00e1s de 2500 \u00e1rboles en el mismo sector. No obstante, y para acabar con otra insignia ambientales como es la Avenida de Los Faroles, piensan talar 150 \u00e1rboles, con el auspicio de la Alcald\u00eda, la Comisi\u00f3n Regional de Competitividad, la Universidad Francisco de Paula Santander y, como siempre para todo lo que se trate depredar el medio ambiente, la Corporaci\u00f3n Aut\u00f3noma Regional de la Frontera (Corponor). El \u00fanico argumento es que con las ra\u00edces da\u00f1an el separador. Qu\u00e9 manifestaci\u00f3n de incapacidad t\u00e9cnica y eso que en teor\u00eda son los poseedores del conocimiento referente al tema ambiental.<\/p>\n<p><strong>INGENIERO EDUARDO SERRANO<\/strong><\/p>\n<p>&nbsp; <\/p>\n","protected":false},"excerpt":{"rendered":"<p>Ecocidio es el t\u00e9rmino utilizado para referirse a la destrucci\u00f3n extensa del ecosistema o de un territorio en concreto, como consecuencia de la acci\u00f3n directa o indirecta de los seres humanos o de la industria. Se trata de una palabra poco utilizada en el d\u00eda a d\u00eda, pero que conocemos a la perfecci\u00f3n el significado. &hellip;<\/p>\n","protected":false},"author":1,"featured_media":22519,"comment_status":"open","ping_status":"open","sticky":false,"template":"","format":"standard","meta":{"footnotes":""},"categories":[347,6],"tags":[1655,992],"class_list":["post-22518","post","type-post","status-publish","format-standard","has-post-thumbnail","hentry","category-medio-ambiente","category-ojo-avizor","tag-ecocidio","tag-tennis-park-plaza"],"_links":{"self":[{"href":"https:\/\/contraluzcucuta.co\/index.php?rest_route=\/wp\/v2\/posts\/22518","targetHints":{"allow":["GET"]}}],"collection":[{"href":"https:\/\/contraluzcucuta.co\/index.php?rest_route=\/wp\/v2\/posts"}],"about":[{"href":"https:\/\/contraluzcucuta.co\/index.php?rest_route=\/wp\/v2\/types\/post"}],"author":[{"embeddable":true,"href":"https:\/\/contraluzcucuta.co\/index.php?rest_route=\/wp\/v2\/users\/1"}],"replies":[{"embeddable":true,"href":"https:\/\/contraluzcucuta.co\/index.php?rest_route=%2Fwp%2Fv2%2Fcomments&post=22518"}],"version-history":[{"count":1,"href":"https:\/\/contraluzcucuta.co\/index.php?rest_route=\/wp\/v2\/posts\/22518\/revisions"}],"predecessor-version":[{"id":22520,"href":"https:\/\/contraluzcucuta.co\/index.php?rest_route=\/wp\/v2\/posts\/22518\/revisions\/22520"}],"wp:featuredmedia":[{"embeddable":true,"href":"https:\/\/contraluzcucuta.co\/index.php?rest_route=\/wp\/v2\/media\/22519"}],"wp:attachment":[{"href":"https:\/\/contraluzcucuta.co\/index.php?rest_route=%2Fwp%2Fv2%2Fmedia&parent=22518"}],"wp:term":[{"taxonomy":"category","embeddable":true,"href":"https:\/\/contraluzcucuta.co\/index.php?rest_route=%2Fwp%2Fv2%2Fcategories&post=22518"},{"taxonomy":"post_tag","embeddable":true,"href":"https:\/\/contraluzcucuta.co\/index.php?rest_route=%2Fwp%2Fv2%2Ftags&post=22518"}],"curies":[{"name":"wp","href":"https:\/\/api.w.org\/{rel}","templated":true}]}}