{"id":22512,"date":"2014-09-11T15:27:08","date_gmt":"2014-09-11T20:27:08","guid":{"rendered":"http:\/\/contraluzcucuta.co\/?p=22512"},"modified":"2014-09-13T20:28:02","modified_gmt":"2014-09-14T01:28:02","slug":"cobra-fuerza-de-intervencion-urbana-y-control-territorial","status":"publish","type":"post","link":"https:\/\/contraluzcucuta.co\/?p=22512","title":{"rendered":"COBRA. Fuerza de Intervenci\u00f3n Urbana y Control Territorial"},"content":{"rendered":"<p><strong>C\u00daCUTA.-<\/strong> Noventa hombres de la Polic\u00eda Metropolitana har\u00e1n presencia en las 10 comunas de C\u00facuta para reducir los hurtos en todas modalidades.\u00a0 La Fuerza de Intervenci\u00f3n Urbana y Control Territorial (\u2018Cobra\u2019), es el nombre del nuevo grupo preventivo, creado exclusivamente para atacar los delitos contra el patrimonio econ\u00f3mico.<\/p>\n<p>Los agentes fueron seleccionados por las capacidades de acercamiento con la comunidad y formados en procedimientos policiales para intervenir en \u00e1reas urbanas y reaccionar ante los delitos contra el patrimonio econ\u00f3mico.<\/p>\n<p>Tres escuadras de 30 uniformados recorrer\u00e1n zonas espec\u00edficas de la ciudad y focalizadas como vulnerables por el accionar de atracadores, haladores de automotores y asaltantes callejeros. Las bases de los trabajos ser\u00e1n:<\/p>\n<p>1.- La georeferenciaci\u00f3n del delito<\/p>\n<p>2.- Las estad\u00edsticas de casos denunciados<\/p>\n<p>3.- Las informaciones suministradas por la comunidad.<\/p>\n<p>El objetivo de la Fuerza ser\u00e1 acompa\u00f1ar a la comunidad, proteger los bienes, actuar ante el llamado de la ciudadan\u00eda y capturar a los responsables de hurtos a personas, automotores, negocios o residencias.<\/p>\n<p>Los polic\u00edas est\u00e1n identificados con chalecos verdes con la palabra \u2018Cobra\u2019. De esta manera tendr\u00e1n reconocimiento f\u00e1cil y la comunidad podr\u00e1 tomar contacto directo con el grupo.<\/p>\n<p>Las motocicletas de alta cilindrada ofrecen mayor velocidad, maniobra y rendimiento para recorrer la zona c\u00e9ntrica, las ciudadelas Juan Atalaya y La Libertad para reducirles los espacios a los delincuentes.<\/p>\n<p>Los agentes estar\u00e1n acompa\u00f1ados por 20 investigadores judiciales y 20 de inteligencia, para el fortalecimiento de los procesos investigativos de delitos de seguridad ciudadana, especialmente los relacionados con hurtos, y para direccionar la acci\u00f3n operativa en las zonas focalizadas por la incidencia criminal.<\/p>\n<p>La tecnolog\u00eda tambi\u00e9n har\u00e1 parte del trabajo. Los uniformados contar\u00e1n con los sistemas electr\u00f3nicos \u2018Morforad\u2019 y \u2018PDA\u2019, que les permitir\u00e1n en tiempo real verificar los antecedentes judiciales de las personas registradas e identificadas durante las acciones de prevenci\u00f3n y control.<\/p>\n<p>El nuevo esquema preventivo contra el delito urbano permitir\u00e1 que la comunidad se sienta segura, conf\u00ede en la eficacia de la instituci\u00f3n y desarrolle las actividades cotidianas con la compa\u00f1\u00eda y la reacci\u00f3n de uniformados expertos contra el hurto.<\/p>\n<p>&nbsp; <\/p>\n","protected":false},"excerpt":{"rendered":"<p>C\u00daCUTA.- Noventa hombres de la Polic\u00eda Metropolitana har\u00e1n presencia en las 10 comunas de C\u00facuta para reducir los hurtos en todas modalidades.\u00a0 La Fuerza de Intervenci\u00f3n Urbana y Control Territorial (\u2018Cobra\u2019), es el nombre del nuevo grupo preventivo, creado exclusivamente para atacar los delitos contra el patrimonio econ\u00f3mico. Los agentes fueron seleccionados por las capacidades &hellip;<\/p>\n","protected":false},"author":1,"featured_media":22513,"comment_status":"open","ping_status":"open","sticky":false,"template":"","format":"standard","meta":{"footnotes":""},"categories":[11,36],"tags":[1653,1652,323,293],"class_list":["post-22512","post","type-post","status-publish","format-standard","has-post-thumbnail","hentry","category-cronica-roja","category-la-voz-del-pueblo","tag-cobra","tag-fuerza-de-intervencion-urbana-y-control-territorial","tag-mecuc","tag-policia-metropolitana-de-cucuta"],"_links":{"self":[{"href":"https:\/\/contraluzcucuta.co\/index.php?rest_route=\/wp\/v2\/posts\/22512","targetHints":{"allow":["GET"]}}],"collection":[{"href":"https:\/\/contraluzcucuta.co\/index.php?rest_route=\/wp\/v2\/posts"}],"about":[{"href":"https:\/\/contraluzcucuta.co\/index.php?rest_route=\/wp\/v2\/types\/post"}],"author":[{"embeddable":true,"href":"https:\/\/contraluzcucuta.co\/index.php?rest_route=\/wp\/v2\/users\/1"}],"replies":[{"embeddable":true,"href":"https:\/\/contraluzcucuta.co\/index.php?rest_route=%2Fwp%2Fv2%2Fcomments&post=22512"}],"version-history":[{"count":1,"href":"https:\/\/contraluzcucuta.co\/index.php?rest_route=\/wp\/v2\/posts\/22512\/revisions"}],"predecessor-version":[{"id":22514,"href":"https:\/\/contraluzcucuta.co\/index.php?rest_route=\/wp\/v2\/posts\/22512\/revisions\/22514"}],"wp:featuredmedia":[{"embeddable":true,"href":"https:\/\/contraluzcucuta.co\/index.php?rest_route=\/wp\/v2\/media\/22513"}],"wp:attachment":[{"href":"https:\/\/contraluzcucuta.co\/index.php?rest_route=%2Fwp%2Fv2%2Fmedia&parent=22512"}],"wp:term":[{"taxonomy":"category","embeddable":true,"href":"https:\/\/contraluzcucuta.co\/index.php?rest_route=%2Fwp%2Fv2%2Fcategories&post=22512"},{"taxonomy":"post_tag","embeddable":true,"href":"https:\/\/contraluzcucuta.co\/index.php?rest_route=%2Fwp%2Fv2%2Ftags&post=22512"}],"curies":[{"name":"wp","href":"https:\/\/api.w.org\/{rel}","templated":true}]}}