{"id":22506,"date":"2014-09-09T21:35:44","date_gmt":"2014-09-10T02:35:44","guid":{"rendered":"http:\/\/contraluzcucuta.co\/?p=22506"},"modified":"2014-09-11T18:40:52","modified_gmt":"2014-09-11T23:40:52","slug":"justicia-transicional-la-paz-de-las-victimas-depende-del-gobierno","status":"publish","type":"post","link":"https:\/\/contraluzcucuta.co\/?p=22506","title":{"rendered":"JUSTICIA TRANSICIONAL. La paz de las v\u00edctimas depende del Gobierno"},"content":{"rendered":"<p><strong>C\u00daCUTA.-<\/strong> Las v\u00edctimas del conflicto armado, en las diversas manifestaciones, tendr\u00e1n paz y podr\u00e1n hablar de paz cuando el Gobierno se siente de verdad a buscarles soluciones a los problemas que afrontan por los hechos victimizantes.<\/p>\n<p>La reflexi\u00f3n la hizo Alberto Rojas, vocero de las v\u00edctimas en Norte de Santander, en la instalaci\u00f3n de la Mesa Nacional de Participaci\u00f3n Efectiva de las V\u00edctimas. El grupo de trabajo sesionar\u00e1 en C\u00facuta hasta el 12 de septiembre.<\/p>\n<p>\u201cUna soluci\u00f3n a los problemas de las v\u00edctimas es que no haya m\u00e1s violaci\u00f3n a\u00a0 los derechos humanos y que haya garant\u00edas de no repetici\u00f3n\u201d, sostuvo el representante de los hombres y mujeres que han sentido los rigores de la guerra interna colombiana.<\/p>\n<p>En Norte de Santander las cifras dan cuenta de 198.000 ni\u00f1os, j\u00f3venes y adultos que sufren por el desplazamiento forzado, la violencia intrafamiliar y de g\u00e9nero, y las dem\u00e1s formas de violencia.<\/p>\n<p>\u201cComo est\u00e1 la situaci\u00f3n, observamos que los grupos al margen de la ley est\u00e1n al lado del Estado y no ha pasado nada\u201d, dijo Rojas. Y se mostr\u00f3 esperanzado en los resultados del encuentro. \u201cEn cierta forma, si nuestra propuesta es escuchada la Mesa Nacional s\u00ed sirve para conseguir la paz en Norte de Santander\u201d.<\/p>\n<p>La Quinta Mesa Nacional visita la ciudad para escuchar los problemas de las v\u00edctimas y permitir\u00e1 visibilizar la situaci\u00f3n en el departamento, especialmente la ocurrida en los \u00faltimos meses, como lo que se vive en El Catatumbo.<\/p>\n<p>Alberto Rojas denunci\u00f3 que en Hacar\u00ed decenas de familias han decidido abandonar, por inseguridad, las tierras donde viven y van a salir del municipio. \u201cLos bombardeos indiscriminados por parte del Estado tienen como disculpa los cultivos il\u00edcitos y la presencia de la guerrilla\u201d. La preocupaci\u00f3n del vocero es el desplazamiento de las familias.<\/p>\n<p>En la Gobernaci\u00f3n se lidera el Comit\u00e9 extraordinario de justicia transicional para tomar decisiones acerca de estos campesinos que han marchado lejos del h\u00e1bitat.<\/p>\n<p>Acerca de los di\u00e1logos que se adelantan en La Habana con las Farc, Rojas tiene un concepto. \u201cEl Gobierno es uno de los principales violadores de nuestros derechos. Tambi\u00e9n hay que hacerle exigencias\u201d.<\/p>\n<p>Es partidario de que en la capital cubana haya representaci\u00f3n de las v\u00edctimas de la guerrilla, del paramilitarismo y del Estado. \u201cDeben ir todos para que se pongan al d\u00eda y nos digan a las v\u00edctimas del paramilitarismo qu\u00e9 van a hacer con nosotros y c\u00f3mo nos van a restituir nuestros derechos y no solo a las v\u00edctimas de la guerrilla\u201d.<\/p>\n<p>Norte de Santander presentar\u00e1 ante la Mesa Nacional el informe sobre el seguimiento a la pol\u00edtica de v\u00edctimas en el departamento, c\u00f3mo han trascendido los comit\u00e9s de justicia transicional y cu\u00e1l ha sido la atenci\u00f3n prestada. Los municipios afectados han sido El Tarra, Teorama, San Calixto y Hacar\u00ed.<\/p>\n<p>Otra preocupaci\u00f3n es la restituci\u00f3n de tierras, problema denunciado hace a\u00f1os. En el 2009, la tierra fue protegida, pero ahora est\u00e1 qued\u00e1ndose en manos de unos pocos que la compran a precios irrisorios.<\/p>\n<p><strong>RAFAEL ANTONIO PAB\u00d3N<\/strong><\/p>\n<p><strong><a href=\"mailto:rafaelpabon58@hotmail.com\">rafaelpabon58@hotmail.com<\/a><\/strong><\/p>\n<p>Foto: FUNDACI\u00d3N PROGRESAR<\/p>\n<p>&nbsp; <\/p>\n","protected":false},"excerpt":{"rendered":"<p>C\u00daCUTA.- Las v\u00edctimas del conflicto armado, en las diversas manifestaciones, tendr\u00e1n paz y podr\u00e1n hablar de paz cuando el Gobierno se siente de verdad a buscarles soluciones a los problemas que afrontan por los hechos victimizantes. La reflexi\u00f3n la hizo Alberto Rojas, vocero de las v\u00edctimas en Norte de Santander, en la instalaci\u00f3n de la &hellip;<\/p>\n","protected":false},"author":1,"featured_media":22507,"comment_status":"open","ping_status":"open","sticky":false,"template":"","format":"standard","meta":{"footnotes":""},"categories":[5,6],"tags":[157,295],"class_list":["post-22506","post","type-post","status-publish","format-standard","has-post-thumbnail","hentry","category-justicia-transicional","category-ojo-avizor","tag-justicia-transicional-2","tag-victimas-del-conflicto"],"_links":{"self":[{"href":"https:\/\/contraluzcucuta.co\/index.php?rest_route=\/wp\/v2\/posts\/22506","targetHints":{"allow":["GET"]}}],"collection":[{"href":"https:\/\/contraluzcucuta.co\/index.php?rest_route=\/wp\/v2\/posts"}],"about":[{"href":"https:\/\/contraluzcucuta.co\/index.php?rest_route=\/wp\/v2\/types\/post"}],"author":[{"embeddable":true,"href":"https:\/\/contraluzcucuta.co\/index.php?rest_route=\/wp\/v2\/users\/1"}],"replies":[{"embeddable":true,"href":"https:\/\/contraluzcucuta.co\/index.php?rest_route=%2Fwp%2Fv2%2Fcomments&post=22506"}],"version-history":[{"count":1,"href":"https:\/\/contraluzcucuta.co\/index.php?rest_route=\/wp\/v2\/posts\/22506\/revisions"}],"predecessor-version":[{"id":22508,"href":"https:\/\/contraluzcucuta.co\/index.php?rest_route=\/wp\/v2\/posts\/22506\/revisions\/22508"}],"wp:featuredmedia":[{"embeddable":true,"href":"https:\/\/contraluzcucuta.co\/index.php?rest_route=\/wp\/v2\/media\/22507"}],"wp:attachment":[{"href":"https:\/\/contraluzcucuta.co\/index.php?rest_route=%2Fwp%2Fv2%2Fmedia&parent=22506"}],"wp:term":[{"taxonomy":"category","embeddable":true,"href":"https:\/\/contraluzcucuta.co\/index.php?rest_route=%2Fwp%2Fv2%2Fcategories&post=22506"},{"taxonomy":"post_tag","embeddable":true,"href":"https:\/\/contraluzcucuta.co\/index.php?rest_route=%2Fwp%2Fv2%2Ftags&post=22506"}],"curies":[{"name":"wp","href":"https:\/\/api.w.org\/{rel}","templated":true}]}}