{"id":22494,"date":"2014-09-09T15:42:51","date_gmt":"2014-09-09T20:42:51","guid":{"rendered":"http:\/\/contraluzcucuta.co\/?p=22494"},"modified":"2014-09-11T15:53:29","modified_gmt":"2014-09-11T20:53:29","slug":"charlas-con-pedro-claver-el-esclavo-de-los-negros","status":"publish","type":"post","link":"https:\/\/contraluzcucuta.co\/?p=22494","title":{"rendered":"CHARLAS CON.. Pedro Claver, \u2018El esclavo de los negros\u2019"},"content":{"rendered":"<p><a href=\"http:\/\/www.biografiasyvidas.com\/biografia\/p\/pedro_claver.htm\">Pedro Claver<\/a> fue el misionero jesuita espa\u00f1ol que desempe\u00f1\u00f3 una vasta labor evangelizadora en Cartagena de Indias. Bautiz\u00f3 y adoctrin\u00f3 a los esclavos que llegaban de \u00c1frica.<\/p>\n<p>Canonizado por la Iglesia en 1888. Se defini\u00f3 como \u2018El ap\u00f3stol de los negros\u2019 o \u2018El esclavo de los negros\u2019.<\/p>\n<p><strong>\u00bfD\u00f3nde naci\u00f3?<\/strong><\/p>\n<p>En Verd\u00fa (Espa\u00f1a) en 1580.<\/p>\n<p><strong>\u00bfTuvo alg\u00fan sobrenombre?<\/strong><\/p>\n<p>S\u00ed, claro. Me dec\u00edan \u2018El ap\u00f3stol de los negros\u2019 o \u2018El esclavo de los negros\u2019.<\/p>\n<p><strong>\u00bfQui\u00e9nes fueron sus padres?<\/strong><\/p>\n<p>Los labradores Pedro Claver y Minguella y Ana Corber\u00f3. Qued\u00e9 hu\u00e9rfano de madre a los 13 a\u00f1os.<\/p>\n<p><strong>\u00bfC\u00f3mo fueron sus inicios en la vida religiosa?<\/strong><\/p>\n<p>Dos a\u00f1os despu\u00e9s de manifiestar mi vocaci\u00f3n religiosa recib\u00ed la tonsura eclesi\u00e1stica de manos del obispo de Vic, en la parroquia de Verd\u00fa.<\/p>\n<p><strong>\u00bfC\u00f3mo fue su preparaci\u00f3n?<\/strong><\/p>\n<p>En Barcelona inici\u00e9 estudios de gram\u00e1tica en el Estudio General de la Universidad. A mediados de 1600 o 1601, terminada la ret\u00f3rica, pas\u00e9 al Colegio Jesuita de Bel\u00e9n para cursar filosof\u00eda. Ingres\u00e9 en la Compa\u00f1\u00eda de Jes\u00fas, y el 7 de agosto de 1602 entr\u00e9 en el noviciado de Tarragona.<\/p>\n<p><strong>\u00bfD\u00f3nde complement\u00f3 los estudios?<\/strong><\/p>\n<p>Tras hacer los votos, viaj\u00e9 a Gerona para ampliar los estudios de humanidades. El 11 de noviembre de 1605, pas\u00e9 al colegio de Montesi\u00f3n, en Palma de Mallorca, para cursar filosof\u00eda.<\/p>\n<p><strong>\u00bfQui\u00e9n fue su maestro misional?<\/strong><\/p>\n<p>El portero Alonso Rodr\u00edguez, un anciano hermano lego, me imbuy\u00f3 la inquietud misional. En 1608, me traslad\u00e9 a Barcelona para estudiar teolog\u00eda, pero pude terminar.<\/p>\n<p><strong>\u00bfQu\u00e9 le impidi\u00f3 seguir adelante?<\/strong><\/p>\n<p>El 23 de enero de 1610, recib\u00ed una carta del Provincial, en la que se me conced\u00eda el permiso para trasladarme a Am\u00e9rica, como era mi deseo.<\/p>\n<p><strong>\u00bfC\u00f3mo fue esa aventura?<\/strong><\/p>\n<p>Viaj\u00e9 hasta Tarragona para unirme a otros religiosos y seguir hacia Valencia y Sevilla, donde otros jesuitas se sumaron al grupo. Embarcamos en el gale\u00f3n San Pedro (perteneciente a la flota mandada por don Jer\u00f3nimo de Portugal y C\u00f3rdoba) que zarp\u00f3 del puerto andaluz en abril de 1610, y lleganos a Cartagena.<\/p>\n<p><strong>\u00bfQu\u00e9 hicieron al llegar al nuevo mundo?<\/strong><\/p>\n<p>Emprendimos el camino a Santa Fe, remontamos el r\u00edo Magdalena y tomamos el camino de Honda.<\/p>\n<p><strong>\u00bfY qu\u00e9 sucedi\u00f3 con los estudios?<\/strong><\/p>\n<p>Una vez la capital neogranadina encontr\u00e9 que no pod\u00eda seguir los estudios de teolog\u00eda, pues faltaban profesores. Me asignaron al Colegio de la Compa\u00f1\u00eda, como coadjutor hasta 1612, hasta cuando la llegada de nuevos religiosos me permiti\u00f3 proseguir los estudios. Luego, pas\u00e9 al noviciado de Tunja para la tercera aprobaci\u00f3n, y finalmente al colegio de Cartagena. Me orden\u00e9 subdi\u00e1cono. En 1616, recib\u00ed el diaconado y la ordenaci\u00f3n sacerdotal.<\/p>\n<p><strong>\u00bfCu\u00e1l fue la primera misi\u00f3n que le encargaron?<\/strong><\/p>\n<p>Me enviaron a ayudar al padre Sandoval, que ten\u00eda a cargo la catequizaci\u00f3n de los negros.<\/p>\n<p><strong>\u00bfCu\u00e1ndo se consagr\u00f3 al cuidado y defensa de los negros?<\/strong><\/p>\n<p>El 3 de abril de 1622, hice mi promesa. Al pie de la f\u00f3rmula de los votos consign\u00e9 con mi pu\u00f1o y letra \u201cPetrus Claver, aethiopum semper servus\u201d (Pedro Claver, esclavo de los negros para siempre). Eso era lo que quer\u00eda ser y lo que siempre fui.<\/p>\n<p><strong>\u00bfC\u00f3mo fue su trabajo con los negros?<\/strong><\/p>\n<p>Cuando se anunciaba la llegada de un barco negrero, trataba de averiguar de qu\u00e9 regi\u00f3n proced\u00eda la \u2018carga, con objeto de buscar los int\u00e9rpretes adecuados para hablar con los esclavos. Los propietarios de esclavos se negaban a suministrarme int\u00e9rpretes o pon\u00edan muchos obst\u00e1culos, motivo por el cual el Colegio de Cartagena compr\u00f3 un grupo de esclavos-int\u00e9rpretes oriundos de diversas regiones de \u00c1frica para que me ayudaran.<\/p>\n<p><strong>\u00bfC\u00f3mo los atend\u00eda?<\/strong><\/p>\n<p>Les llevaba naranjas, limones, tabaco, pan o aguardiente. Bajaba a las bodegas y les dec\u00eda que estaba all\u00ed para cuidar que los blancos los trataran bien. Les aseguraba que no iban a matarlos, como a menudo cre\u00edan, y los alentaba a abrazar la fe cristiana, para lo que deb\u00edan instruirse. Luego, preguntaba por los enfermos y los ni\u00f1os nacidos en la traves\u00eda, a quienes dedicaba cuidados de urgencia.<\/p>\n<p><strong>\u00bfY c\u00f3mo cumpl\u00eda la catequesis?<\/strong><\/p>\n<p>Dedicaba varias horas a la catequesis por medio de los int\u00e9rpretes. Esta labor sol\u00eda hacerla en un patio, ante un cuadro de Jes\u00fas crucificado, y terminaba con el acto de contrici\u00f3n. Cuando los catec\u00famenos estaban bien instruidos proced\u00eda a bautizarlos, y luego les entregaba unas medallas de plomo que ten\u00edan impresos los nombres de Jes\u00fas y Mar\u00eda.<\/p>\n<p><strong>Pero no solo dedicaba tiempo a los negros que llegaban a Cartagena\u2026<\/strong><\/p>\n<p>No. El trabajo era arduo y completo. Cuidaba a los negros que viv\u00edan en Cartagena y la provincia, a enfermos, lisiados e indigentes. Acud\u00eda a los hospitales de San Sebasti\u00e1n y San L\u00e1zaro para consolar y curar a los internados. En las c\u00e1rceles atend\u00eda a los negros y a presos diversos.<\/p>\n<p><strong>\u00bfEn medio de ese agite c\u00f3mo era su vida?<\/strong><\/p>\n<p>Viv\u00eda con extrema austeridad. Dorm\u00eda en una esterilla y com\u00eda frugalmente. En los ratos libres me dedicaba a los rezos.<\/p>\n<p><strong>\u00bfContrajo alguna enfermedad por esta vida que llevaba?<\/strong><\/p>\n<p>S\u00ed, claro. En 1651, Cartagena fue azotada por una epidemia. Contraje la enfermedad y me qued\u00f3 como secuela una par\u00e1lisis progresiva que no fue obst\u00e1culo para continuar las visitas a los leprosos.<\/p>\n<p><strong>\u00bfC\u00f3mo fue su muerte?<\/strong><\/p>\n<p>El 6 de septiembre de 1654 enferm\u00e9 de gravedad y al d\u00eda siguiente me dieron la extremaunci\u00f3n. Mor\u00ed en la noche del 7 al 8 de septiembre de 1654. Numerosos fieles hab\u00edan ido a visitarme.<\/p>\n<p><strong>\u00bfHubo muestras de agtradecimiento por su trabajo?<\/strong><\/p>\n<p>D\u00edgame. Tuve unas solemnes honras f\u00fanebres y me enterraron en la capilla del Santo Cristo, en la iglesia de la Compa\u00f1\u00eda.<\/p>\n<p><strong>\u00bfC\u00f3mo lleg\u00f3 a ser santo?<\/strong><\/p>\n<p>El proceso de la beatificaci\u00f3n empez\u00f3 en 1658. En 1747, me declararon Venerable, por Benedicto XIV. Fui beatificado, en 1851, por P\u00edo IX, y canonizado en 1888, por Le\u00f3n XIII. La fiesta en mi honor se celebra el 9 de septiembre.<\/p>\n<p><strong>RAFAEL ANTONIO PAB\u00d3N<\/strong><\/p>\n<p><strong><a href=\"mailto:rafaelpabon58@hotmail.com\">rafaelpabon58@hotmail.com<\/a><\/strong><\/p>\n<p>Texto adaptado de <a href=\"http:\/\/www.biografiasyvidas.com\">http:\/\/www.biografiasyvidas.com<\/a><\/p>\n<p>Foto:\u00a0<a class=\"_ZR irc_hol\" style=\"color: #d6d6d6;\" href=\"https:\/\/www.google.com.co\/url?sa=i&amp;rct=j&amp;q=&amp;esrc=s&amp;source=images&amp;cd=&amp;cad=rja&amp;uact=8&amp;docid=kjQ3q8PESLMv6M&amp;tbnid=2_aEICfTWPYh8M:&amp;ved=0CAQQjB0&amp;url=http%3A%2F%2Fwww.panoramio.com%2Fphoto%2F53536917&amp;ei=l2UPVOKzHoaxggTvq4D4Cg&amp;bvm=bv.74649129,d.eXY&amp;psig=AFQjCNF2auljsRmYyPgF1P9U1QHniMNOkg&amp;ust=1410381585364068\" data-ved=\"0CAQQjB0\" data-href=\"http:\/\/www.panoramio.com\/photo\/53536917\"><span class=\"irc_ho\" dir=\"ltr\" style=\"color: #d6d6d6;\">www.panoramio.com<\/span><\/a><\/p>\n<p>&nbsp; <\/p>\n","protected":false},"excerpt":{"rendered":"<p>Pedro Claver fue el misionero jesuita espa\u00f1ol que desempe\u00f1\u00f3 una vasta labor evangelizadora en Cartagena de Indias. Bautiz\u00f3 y adoctrin\u00f3 a los esclavos que llegaban de \u00c1frica. Canonizado por la Iglesia en 1888. Se defini\u00f3 como \u2018El ap\u00f3stol de los negros\u2019 o \u2018El esclavo de los negros\u2019. \u00bfD\u00f3nde naci\u00f3? En Verd\u00fa (Espa\u00f1a) en 1580. \u00bfTuvo &hellip;<\/p>\n","protected":false},"author":1,"featured_media":22495,"comment_status":"open","ping_status":"open","sticky":false,"template":"","format":"standard","meta":{"footnotes":""},"categories":[51,45],"tags":[1647,1648,1649,1646],"class_list":["post-22494","post","type-post","status-publish","format-standard","has-post-thumbnail","hentry","category-charlas-con","category-destacado","tag-dia-de-los-derechos-humanos","tag-el-apostol-de-los-negros","tag-el-esclavo-de-los-negros","tag-san-pedro-claver"],"_links":{"self":[{"href":"https:\/\/contraluzcucuta.co\/index.php?rest_route=\/wp\/v2\/posts\/22494","targetHints":{"allow":["GET"]}}],"collection":[{"href":"https:\/\/contraluzcucuta.co\/index.php?rest_route=\/wp\/v2\/posts"}],"about":[{"href":"https:\/\/contraluzcucuta.co\/index.php?rest_route=\/wp\/v2\/types\/post"}],"author":[{"embeddable":true,"href":"https:\/\/contraluzcucuta.co\/index.php?rest_route=\/wp\/v2\/users\/1"}],"replies":[{"embeddable":true,"href":"https:\/\/contraluzcucuta.co\/index.php?rest_route=%2Fwp%2Fv2%2Fcomments&post=22494"}],"version-history":[{"count":1,"href":"https:\/\/contraluzcucuta.co\/index.php?rest_route=\/wp\/v2\/posts\/22494\/revisions"}],"predecessor-version":[{"id":22496,"href":"https:\/\/contraluzcucuta.co\/index.php?rest_route=\/wp\/v2\/posts\/22494\/revisions\/22496"}],"wp:featuredmedia":[{"embeddable":true,"href":"https:\/\/contraluzcucuta.co\/index.php?rest_route=\/wp\/v2\/media\/22495"}],"wp:attachment":[{"href":"https:\/\/contraluzcucuta.co\/index.php?rest_route=%2Fwp%2Fv2%2Fmedia&parent=22494"}],"wp:term":[{"taxonomy":"category","embeddable":true,"href":"https:\/\/contraluzcucuta.co\/index.php?rest_route=%2Fwp%2Fv2%2Fcategories&post=22494"},{"taxonomy":"post_tag","embeddable":true,"href":"https:\/\/contraluzcucuta.co\/index.php?rest_route=%2Fwp%2Fv2%2Ftags&post=22494"}],"curies":[{"name":"wp","href":"https:\/\/api.w.org\/{rel}","templated":true}]}}