{"id":22479,"date":"2014-09-07T19:40:03","date_gmt":"2014-09-08T00:40:03","guid":{"rendered":"http:\/\/contraluzcucuta.co\/?p=22479"},"modified":"2014-09-09T16:19:43","modified_gmt":"2014-09-09T21:19:43","slug":"semana-por-la-paz-un-cuarto-de-siglo-en-procura-de-la-convivencia-pacifica","status":"publish","type":"post","link":"https:\/\/contraluzcucuta.co\/?p=22479","title":{"rendered":"SEMANA POR LA PAZ. Un cuarto de siglo en procura de la convivencia pac\u00edfica"},"content":{"rendered":"<p><strong>C\u00daCUTA.-<\/strong> La idea de los sangile\u00f1os de vivir una semana en paz (1987) cuaj\u00f3 en el pensamiento de la Iglesia Cat\u00f3lica y este a\u00f1o cumple un cuarto de siglo de la celebraci\u00f3n nacional. En el municipio santandereano naci\u00f3 como una actividad local; luego, se extendi\u00f3 al pa\u00eds con el prop\u00f3sito de procurar espacios para la convivencia.<\/p>\n<p>Ayer, la jornada normal de los cucute\u00f1os en El Malec\u00f3n sirvi\u00f3 para el inicio de la Semana por la Paz en la capital de Norte de Santander y que se extender\u00e1 hasta el 14 de septiembre. El acto se cumpli\u00f3 en la ma\u00f1ana y destac\u00f3 la presencia de Jared Kotler, asesor de Paz y Desarrollo de Naciones Unidas; monse\u00f1or Julio C\u00e9sar Vidal Ortiz, obispo de C\u00facuta, y\u00a0 Donamaris Ram\u00edrez, alcalde de C\u00facuta.<\/p>\n<p>En los ocho d\u00edas de conciertos, marchas, conversatorios, lecturas y reconocimientos \u2018se respirar\u00e1 paz\u2019 y para lograrlo se entreg\u00f3 como s\u00edmbolo una bandita para adherirla a la nariz. La campa\u00f1a es impulsada por Naciones Unidas.<\/p>\n<p>Las reacciones a este comienzo de la Semana por la Paz son las siguientes:<\/p>\n<p><strong>1.- Edgar D\u00edaz. Gobernador de Norte de Santander<\/strong><\/p>\n<p>Si todos asumimos y entendemos que la paz est\u00e1 en las actuaciones de cada uno, alcanzarla no ser\u00e1 imposible. Aportemos lo m\u00e1ximo de cada uno en la construcci\u00f3n, o mejor a\u00fan en el regreso de Colombia y de Norte de Santander a la convivencia en Paz\u201d.<\/p>\n<p><strong>2.- Monse\u00f1or Julio C\u00e9sar Vidal. Obispo de C\u00facuta<\/strong><\/p>\n<p>Destac\u00f3 que la Iglesia est\u00e1 comprometida con este paso. El compromiso de las entidades gubernamentales, privadas e internacionales est\u00e1 reflejado en el proceso de promoci\u00f3n por una cultura que reconstruya la paz y la reconciliaci\u00f3n, afectadas por tantos a\u00f1os de conflicto armado.<\/p>\n<p><strong>3.- Jared Kotler. Asesor de Paz y Desarrollo de Naciones Unidas<\/strong><\/p>\n<p>La iniciativa\u00a0 de origen colombiano pretende generar momentos y acciones adecuadas que combinen el deporte, la reflexi\u00f3n y la cultura en el cumplimiento de escenarios pac\u00edficos.\u00a0 Naciones Unidas se suma a este esfuerzo de movilizaci\u00f3n de los ciudadanos a favor de la paz.<\/p>\n<p><strong>4.- Donamaris Ram\u00edrez. Alcalde de C\u00facuta<\/strong><\/p>\n<p>Los actos de paz buscan sensibilizar, especialmente a los j\u00f3venes, sobre la importancia del valor de la vida y la reconciliaci\u00f3n como s\u00edmbolo de paz.<\/p>\n<p>Las actividades previstas para esta semana son las siguientes:<\/p>\n<p><strong>8 de septiembre<\/strong><\/p>\n<p>Lectopaz. Biblioteca Eduardo Cote Lamus (Banco de la Rep\u00fablica). 8:00 a 9:00 de la ma\u00f1ana<\/p>\n<p>Conversatorio sobre la memoria y reparaci\u00f3n en el camino hacia la paz. Proyecci\u00f3n de un documental sobre el\u00a0 paramilitarismo en Norte de Santander. Banco de la Rep\u00fablica. 2:30 a 5:30 de la tarde.<\/p>\n<p>Presentaci\u00f3n de la C\u00e1tedra de la Paz. Auditorio\u00a0 Eustorgio Colmenares (UFPS). 6:00 a 8:00 de la noche.<\/p>\n<p><strong>9 de septiembre<\/strong><\/p>\n<p>Entrega de la Orden San Pedro Cl\u00e1ver a las iniciativas locales que han cre\u00eddo en que la construcci\u00f3n de paz es un proceso permanente. Auditorio Eustorgio Colmenares (UFPS). 6:00 de la tarde.<\/p>\n<p><strong>10 de septiembre<\/strong><\/p>\n<p>Encuentro de expresiones juveniles. Universidad Sim\u00f3n Bol\u00edvar, Auditorio Jos\u00e9 Tolosa. 8:00 de la ma\u00f1ana a 4:00 de la tarde.<\/p>\n<p>Concierto a cargo de Rafael\u00a0 Aponte y Sergei Sichkov. Banco de la Rep\u00fablica. \u00a07:15 de la noche.<\/p>\n<p><strong>11 de septiembre<\/strong><\/p>\n<p>Foro regional \u2018La paz\u00a0 \u00a1se le tiene! Biblioteca Julio P\u00e9rez Ferrero. 9:00 de la ma\u00f1ana a 12:00 meridiano.<\/p>\n<p>Concierto a cargo del grupo La S\u00e9ptima. Banco de la Rep\u00fablica. 7:15 de la noche.<\/p>\n<p><strong>12 de septiembre<\/strong><\/p>\n<p>Eucarist\u00eda para resaltar valores de la paz, la convivencia y la reconciliaci\u00f3n. Catedral San Jos\u00e9 de C\u00facuta. \u00a07:00 de la ma\u00f1ana.<\/p>\n<p>Clausura de la Escuela Procampesinos, Ciclo de formaci\u00f3n a campesinos.\u00a0 Santiago. 10:00 de la ma\u00f1ana.<\/p>\n<p>Carpa po\u00e9tica, espacio para la poes\u00eda y el arte como amigos de la paz. UFPS. 4:00 de la tarde.<\/p>\n<p>Velada cultural. Puente de Guaduas (El Malec\u00f3n). 7:00 a 10:00 de la noche.<\/p>\n<p><strong>13 de septiembre<\/strong><\/p>\n<p>Circuito art\u00edstico y cultural en memoria de las v\u00edctimas. Cancha de micro futbol\u00a0 del barrio La Primavera. 10:00 de la ma\u00f1ana a 6:00 de la tarde.<\/p>\n<p>&nbsp; <\/p>\n","protected":false},"excerpt":{"rendered":"<p>C\u00daCUTA.- La idea de los sangile\u00f1os de vivir una semana en paz (1987) cuaj\u00f3 en el pensamiento de la Iglesia Cat\u00f3lica y este a\u00f1o cumple un cuarto de siglo de la celebraci\u00f3n nacional. En el municipio santandereano naci\u00f3 como una actividad local; luego, se extendi\u00f3 al pa\u00eds con el prop\u00f3sito de procurar espacios para la &hellip;<\/p>\n","protected":false},"author":1,"featured_media":22480,"comment_status":"open","ping_status":"open","sticky":false,"template":"","format":"standard","meta":{"footnotes":""},"categories":[541,45],"tags":[119],"class_list":["post-22479","post","type-post","status-publish","format-standard","has-post-thumbnail","hentry","category-ciudad","category-destacado","tag-semana-por-la-paz"],"_links":{"self":[{"href":"https:\/\/contraluzcucuta.co\/index.php?rest_route=\/wp\/v2\/posts\/22479","targetHints":{"allow":["GET"]}}],"collection":[{"href":"https:\/\/contraluzcucuta.co\/index.php?rest_route=\/wp\/v2\/posts"}],"about":[{"href":"https:\/\/contraluzcucuta.co\/index.php?rest_route=\/wp\/v2\/types\/post"}],"author":[{"embeddable":true,"href":"https:\/\/contraluzcucuta.co\/index.php?rest_route=\/wp\/v2\/users\/1"}],"replies":[{"embeddable":true,"href":"https:\/\/contraluzcucuta.co\/index.php?rest_route=%2Fwp%2Fv2%2Fcomments&post=22479"}],"version-history":[{"count":1,"href":"https:\/\/contraluzcucuta.co\/index.php?rest_route=\/wp\/v2\/posts\/22479\/revisions"}],"predecessor-version":[{"id":22481,"href":"https:\/\/contraluzcucuta.co\/index.php?rest_route=\/wp\/v2\/posts\/22479\/revisions\/22481"}],"wp:featuredmedia":[{"embeddable":true,"href":"https:\/\/contraluzcucuta.co\/index.php?rest_route=\/wp\/v2\/media\/22480"}],"wp:attachment":[{"href":"https:\/\/contraluzcucuta.co\/index.php?rest_route=%2Fwp%2Fv2%2Fmedia&parent=22479"}],"wp:term":[{"taxonomy":"category","embeddable":true,"href":"https:\/\/contraluzcucuta.co\/index.php?rest_route=%2Fwp%2Fv2%2Fcategories&post=22479"},{"taxonomy":"post_tag","embeddable":true,"href":"https:\/\/contraluzcucuta.co\/index.php?rest_route=%2Fwp%2Fv2%2Ftags&post=22479"}],"curies":[{"name":"wp","href":"https:\/\/api.w.org\/{rel}","templated":true}]}}